{"id":1600,"date":"2014-09-14T13:23:32","date_gmt":"2014-09-14T11:23:32","guid":{"rendered":"http:\/\/www.madcham.com\/?p=1600"},"modified":"2025-03-07T16:16:36","modified_gmt":"2025-03-07T15:16:36","slug":"calumma-globifer","status":"publish","type":"post","link":"https:\/\/www.madcham.de\/de\/calumma-globifer\/","title":{"rendered":"Calumma globifer"},"content":{"rendered":"<div class=\"simple-alert-boxes sab_danger sab_normal \">\r\n\t\t<strong>CITES-Quoten<\/strong><br \/>\nkein legaler Export m\u00f6glich\t<\/div>\r\n\t\n<h4><\/h4>\n<h4>Erstbeschreibung: <a href=\"https:\/\/www.iucnredlist.org\/species\/172830\/6926094\" target=\"_blank\" rel=\"noopener\"><img loading=\"lazy\" decoding=\"async\" class=\"alignright wp-image-13128\" src=\"https:\/\/www.madcham.de\/wp-content\/uploads\/2023\/03\/IUCN-Status-endangered.jpg\" alt=\"IUCN Red List: endangered\" width=\"80\" height=\"79\" srcset=\"https:\/\/www.madcham.de\/wp-content\/uploads\/2023\/03\/IUCN-Status-endangered.jpg 150w, https:\/\/www.madcham.de\/wp-content\/uploads\/2023\/03\/IUCN-Status-endangered-81x80.jpg 81w\" sizes=\"(max-width: 80px) 100vw, 80px\" \/><\/a><\/h4>\n<p>(G\u00fcnther, 1879) <a href=\"https:\/\/www.biodiversitylibrary.org\/page\/28520604#page\/204\/mode\/1up\" target=\"_blank\" rel=\"noopener noreferrer\"><img loading=\"lazy\" decoding=\"async\" class=\"alignnone wp-image-9195 size-full\" style=\"margin-left: 10px; margin-top: 15px;\" src=\"https:\/\/www.madcham.de\/wp-content\/uploads\/2014\/09\/pdf-Logo.png?_t=1586766087\" alt=\"\" width=\"44\" height=\"21\" \/><\/a><\/p>\n<h4>Herkunft des Artnamens:<\/h4>\n<p style=\"text-align: justify;\">Der deutsche Zoologe Albert Carl Ludwig Gotthilf G\u00fcnther, damals Direktor der Zoologischen Abteilung des Naturhistorischen Museums von London (Gro\u00dfbritannien), entlehnte den Namen dieser Cham\u00e4leonart dem Lateinischen. <em>Globus<\/em> bedeutet \u00fcbersetzt so viel wie &#8222;Kugel&#8220;. G\u00fcnther spielte damit auf die stark abgerundeten Nasenforts\u00e4tze der M\u00e4nnchen an, die ihm sehr kugelig abgerundet erschienen.<\/p>\n<div style=\"float: right; margin: 20px;\">\t\t<div id=\"maps-marker-pro-da7651af\" class=\"maps-marker-pro\" style=\"width: 300px;\">\n\t\t\t<div id=\"mmp-map-wrap-da7651af\" class=\"mmp-map-wrap\">\n\t\t\t\t\t\t\t\t\t<div id=\"mmp-panel-da7651af\" class=\"mmp-panel\"><\/div>\n\t\t\t\t\t\t\t\t<div id=\"mmp-map-da7651af\" class=\"mmp-map\" style=\"height: 300px;\"><\/div>\n\t\t\t\t\t\t\t<\/div>\n\t\t\t\t\t<\/div>\n\t\t<\/div>\n<h4>Verbreitung:<\/h4>\n<p style=\"text-align: justify;\"><em>Calumma globifer<\/em> hat sein Verbreitungsgebiet in den \u00fcbrig gebliebenen Regenw\u00e4ldern des zentralen Hochlandes. Man findet diese Cham\u00e4leonart \u00f6stlich von Antananarivo in den Gegenden um Mandraka (nahe Andasibe) und n\u00f6rdlich von Antananarivo in den W\u00e4ldern von Anjozorobe. Durch Brandrodung und Abholzung sind die Lebensr\u00e4ume stark bedroht, zumal ein Gro\u00dfteil des Vorkommens nicht gesch\u00fctzt ist und j\u00e4hrlich immer weiter schwindet.<\/p>\n<h4>Gr\u00f6\u00dfe &amp; Aussehen:<\/h4>\n<p style=\"text-align: justify;\">Mit einer Gesamtl\u00e4nge von 31 bis 40 cm geh\u00f6ren diese Cham\u00e4leons zu den gro\u00dfen Arten unter ihresgleichen. Die M\u00e4nnchen haben zwei schaufelf\u00f6rmige Nasenforts\u00e4tze und sehr schmale, kaum sichtbare Occipitallappen (kaum mehr als ein mm breit). Weder an Bauch noch an R\u00fccken oder Kehlsack sind Kegelschuppen zu finden, daf\u00fcr ist die gesamte Beschuppung sehr ungleichm\u00e4\u00dfig. Die F\u00e4rbung ist sehr variabel, und zeigt verschiedene Gr\u00fcnt\u00f6ne mit teils dunkler B\u00e4nderung oder einem dunklen Lateralstreifen. M\u00e4nnliche <em>Calumma globifer<\/em> zeigen eine wei\u00dflich-gelbe Streifung am Kehlsack.<\/p>\n<div id='gallery-1' class='gallery galleryid-1600 gallery-columns-3 gallery-size-large'><figure class='gallery-item'>\n\t\t\t<div class='gallery-icon landscape'>\n\t\t\t\t<a href='https:\/\/www.madcham.de\/wp-content\/uploads\/2014\/09\/Calumma-globifer-Jungtier-Mandraka.jpg'><img loading=\"lazy\" decoding=\"async\" width=\"1000\" height=\"645\" src=\"https:\/\/www.madcham.de\/wp-content\/uploads\/2014\/09\/Calumma-globifer-Jungtier-Mandraka.jpg\" class=\"attachment-large size-large\" alt=\"\" srcset=\"https:\/\/www.madcham.de\/wp-content\/uploads\/2014\/09\/Calumma-globifer-Jungtier-Mandraka.jpg 1000w, https:\/\/www.madcham.de\/wp-content\/uploads\/2014\/09\/Calumma-globifer-Jungtier-Mandraka-300x194.jpg 300w, https:\/\/www.madcham.de\/wp-content\/uploads\/2014\/09\/Calumma-globifer-Jungtier-Mandraka-768x495.jpg 768w, https:\/\/www.madcham.de\/wp-content\/uploads\/2014\/09\/Calumma-globifer-Jungtier-Mandraka-420x271.jpg 420w, https:\/\/www.madcham.de\/wp-content\/uploads\/2014\/09\/Calumma-globifer-Jungtier-Mandraka-81x52.jpg 81w\" sizes=\"(max-width: 1000px) 100vw, 1000px\" \/><\/a>\n\t\t\t<\/div><\/figure><figure class='gallery-item'>\n\t\t\t<div class='gallery-icon landscape'>\n\t\t\t\t<a href='https:\/\/www.madcham.de\/wp-content\/uploads\/2014\/09\/globifer41.jpg'><img loading=\"lazy\" decoding=\"async\" width=\"1000\" height=\"709\" src=\"https:\/\/www.madcham.de\/wp-content\/uploads\/2014\/09\/globifer41.jpg\" class=\"attachment-large size-large\" alt=\"\" srcset=\"https:\/\/www.madcham.de\/wp-content\/uploads\/2014\/09\/globifer41.jpg 1000w, https:\/\/www.madcham.de\/wp-content\/uploads\/2014\/09\/globifer41-300x212.jpg 300w\" sizes=\"(max-width: 1000px) 100vw, 1000px\" \/><\/a>\n\t\t\t<\/div><\/figure><figure class='gallery-item'>\n\t\t\t<div class='gallery-icon landscape'>\n\t\t\t\t<a href='https:\/\/www.madcham.de\/wp-content\/uploads\/2014\/09\/Calumma-globifer-in-Mandraka-2018-8.jpg'><img loading=\"lazy\" decoding=\"async\" width=\"1024\" height=\"683\" src=\"https:\/\/www.madcham.de\/wp-content\/uploads\/2014\/09\/Calumma-globifer-in-Mandraka-2018-8-1024x683.jpg\" class=\"attachment-large size-large\" alt=\"\" srcset=\"https:\/\/www.madcham.de\/wp-content\/uploads\/2014\/09\/Calumma-globifer-in-Mandraka-2018-8-1024x683.jpg 1024w, https:\/\/www.madcham.de\/wp-content\/uploads\/2014\/09\/Calumma-globifer-in-Mandraka-2018-8-300x200.jpg 300w, https:\/\/www.madcham.de\/wp-content\/uploads\/2014\/09\/Calumma-globifer-in-Mandraka-2018-8-768x512.jpg 768w, https:\/\/www.madcham.de\/wp-content\/uploads\/2014\/09\/Calumma-globifer-in-Mandraka-2018-8-1157x771.jpg 1157w, https:\/\/www.madcham.de\/wp-content\/uploads\/2014\/09\/Calumma-globifer-in-Mandraka-2018-8-420x280.jpg 420w, https:\/\/www.madcham.de\/wp-content\/uploads\/2014\/09\/Calumma-globifer-in-Mandraka-2018-8-81x54.jpg 81w, https:\/\/www.madcham.de\/wp-content\/uploads\/2014\/09\/Calumma-globifer-in-Mandraka-2018-8.jpg 1200w\" sizes=\"(max-width: 1024px) 100vw, 1024px\" \/><\/a>\n\t\t\t<\/div><\/figure><figure class='gallery-item'>\n\t\t\t<div class='gallery-icon landscape'>\n\t\t\t\t<a href='https:\/\/www.madcham.de\/wp-content\/uploads\/2014\/09\/Calumma-globifer-aus-Mandraka-2018-1.jpg'><img loading=\"lazy\" decoding=\"async\" width=\"1024\" height=\"625\" src=\"https:\/\/www.madcham.de\/wp-content\/uploads\/2014\/09\/Calumma-globifer-aus-Mandraka-2018-1-1024x625.jpg\" class=\"attachment-large size-large\" alt=\"\" srcset=\"https:\/\/www.madcham.de\/wp-content\/uploads\/2014\/09\/Calumma-globifer-aus-Mandraka-2018-1-1024x625.jpg 1024w, https:\/\/www.madcham.de\/wp-content\/uploads\/2014\/09\/Calumma-globifer-aus-Mandraka-2018-1-300x183.jpg 300w, https:\/\/www.madcham.de\/wp-content\/uploads\/2014\/09\/Calumma-globifer-aus-Mandraka-2018-1-768x469.jpg 768w, https:\/\/www.madcham.de\/wp-content\/uploads\/2014\/09\/Calumma-globifer-aus-Mandraka-2018-1.jpg 1200w, https:\/\/www.madcham.de\/wp-content\/uploads\/2014\/09\/Calumma-globifer-aus-Mandraka-2018-1-420x257.jpg 420w, https:\/\/www.madcham.de\/wp-content\/uploads\/2014\/09\/Calumma-globifer-aus-Mandraka-2018-1-81x49.jpg 81w\" sizes=\"(max-width: 1024px) 100vw, 1024px\" \/><\/a>\n\t\t\t<\/div><\/figure><figure class='gallery-item'>\n\t\t\t<div class='gallery-icon landscape'>\n\t\t\t\t<a href='https:\/\/www.madcham.de\/wp-content\/uploads\/2014\/09\/Calumma-globifer-in-Mandraka-2018-5.jpg'><img loading=\"lazy\" decoding=\"async\" width=\"1024\" height=\"683\" src=\"https:\/\/www.madcham.de\/wp-content\/uploads\/2014\/09\/Calumma-globifer-in-Mandraka-2018-5-1024x683.jpg\" class=\"attachment-large size-large\" alt=\"\" srcset=\"https:\/\/www.madcham.de\/wp-content\/uploads\/2014\/09\/Calumma-globifer-in-Mandraka-2018-5-1024x683.jpg 1024w, https:\/\/www.madcham.de\/wp-content\/uploads\/2014\/09\/Calumma-globifer-in-Mandraka-2018-5-300x200.jpg 300w, https:\/\/www.madcham.de\/wp-content\/uploads\/2014\/09\/Calumma-globifer-in-Mandraka-2018-5-768x512.jpg 768w, https:\/\/www.madcham.de\/wp-content\/uploads\/2014\/09\/Calumma-globifer-in-Mandraka-2018-5-1157x771.jpg 1157w, https:\/\/www.madcham.de\/wp-content\/uploads\/2014\/09\/Calumma-globifer-in-Mandraka-2018-5-420x280.jpg 420w, https:\/\/www.madcham.de\/wp-content\/uploads\/2014\/09\/Calumma-globifer-in-Mandraka-2018-5-81x54.jpg 81w, https:\/\/www.madcham.de\/wp-content\/uploads\/2014\/09\/Calumma-globifer-in-Mandraka-2018-5.jpg 1200w\" sizes=\"(max-width: 1024px) 100vw, 1024px\" \/><\/a>\n\t\t\t<\/div><\/figure>\n\t\t<\/div>\n\n<p>&nbsp;<\/p>\n\t\t\t\t\t\t<style>\r\n\t\t\t\t\r\n\t\t\t\t\t#tab_container_5166 {\r\n\toverflow:hidden;\r\n\tdisplay:block;\r\n\twidth:100%;\r\n\tborder:0px solid #ddd;\r\n\tmargin-bottom:30px;\r\n\t}\r\n\r\n#tab_container_5166 .tab-content{\r\n\tpadding:20px;\r\n\tborder: 1px solid #e6e6e6 !important;\r\n\tmargin-top: 0px;\r\n\tbackground-color:#ffffff !important;\r\n\tcolor: #3e3e3e !important;\r\n\tfont-size:13px !important;\r\n\tfont-family: Open Sans !important;\r\n\t\r\n\t\tborder: 1px solid #e6e6e6 !important;\r\n\t}\r\n#tab_container_5166 .wpsm_nav-tabs {\r\n    border-bottom: 0px solid #ddd;\r\n}\r\n#tab_container_5166 .wpsm_nav-tabs > li.active > a, #tab_container_5166 .wpsm_nav-tabs > li.active > a:hover, #tab_container_5166 .wpsm_nav-tabs > li.active > a:focus {\r\n\tcolor: #3e3e3e !important;\r\n\tcursor: default;\r\n\tbackground-color: #ffffff !important;\r\n\tborder: 1px solid #e6e6e6 !important;\r\n}\r\n\r\n#tab_container_5166 .wpsm_nav-tabs > li > a {\r\n    margin-right: 0px !important; \r\n    line-height: 1.42857143 !important;\r\n    border: 1px solid #d5d5d5 !important;\r\n    border-radius: 0px 0px 0 0 !important; \r\n\tbackground-color: #e8e8e8 !important;\r\n\tcolor: #3e3e3e !important;\r\n\tpadding: 15px 18px 15px 18px !important;\r\n\ttext-decoration: none !important;\r\n\tfont-size: 13px !important;\r\n\ttext-align:center !important;\r\n\tfont-family: Open Sans !important;\r\n}\r\n#tab_container_5166 .wpsm_nav-tabs > li > a:focus {\r\noutline: 0px !important;\r\n}\r\n\r\n#tab_container_5166 .wpsm_nav-tabs > li > a:before {\r\n\tdisplay:none !important;\r\n}\r\n#tab_container_5166 .wpsm_nav-tabs > li > a:after {\r\n\tdisplay:none !important ;\r\n}\r\n#tab_container_5166 .wpsm_nav-tabs > li{\r\npadding:0px !important ;\r\nmargin:0px;\r\n}\r\n\r\n#tab_container_5166 .wpsm_nav-tabs > li > a:hover , #tab_container_5166 .wpsm_nav-tabs > li > a:focus {\r\n    color: #3e3e3e !important;\r\n    background-color: #e8e8e8 !important;\r\n\tborder: 1px solid #d5d5d5 !important;\r\n\t\r\n}\r\n#tab_container_5166 .wpsm_nav-tabs > li > a .fa{\r\n\r\nmargin-right:5px !important;\r\n\r\nmargin-left:5px !important;\r\n\r\n\r\n}\r\n\r\n\t\t#tab_container_5166 .wpsm_nav-tabs a{\r\n\t\t\tbackground-image: none;\r\n\t\t\tbackground-position: 0 0;\r\n\t\t\tbackground-repeat: repeat-x;\r\n\t\t}\r\n\t\t\t\r\n\r\n\r\n#tab_container_5166 .wpsm_nav-tabs > li {\r\n    float: left;\r\n    margin-bottom: -1px !important;\r\n\tmargin-right:0px !important; \r\n}\r\n\r\n\r\n#tab_container_5166 .tab-content{\r\noverflow:hidden !important;\r\n}\r\n\r\n\r\n@media (min-width: 769px) {\r\n\r\n\t#tab_container_5166 .wpsm_nav-tabs > li{\r\n\t\tfloat:left !important ;\r\n\t\t\t\tmargin-right:-1px !important;\r\n\t\t\t\t\t}\r\n\t#tab_container_5166 .wpsm_nav-tabs{\r\n\t\tfloat:none !important;\r\n\t\tmargin:0px !important;\r\n\t}\r\n\r\n\t#tab_container_5166 .wpsm_nav-tabs > li {\r\n\t\t\t\t\r\n\t}\r\n\t#tab_container_5166 .wpsm_nav{\r\n\t\t\t}\r\n\r\n}\r\n\r\n\r\n\r\n@media (max-width: 768px) {\r\n\t#tab_container_5166 .wpsm_nav-tabs > li {\r\n\t\t\t\t\r\n\t}\r\n\t#tab_container_5166 .wpsm_nav{\r\n\t\t\t}\r\n}\r\n\r\n\r\n\t.wpsm_nav-tabs li:before{\r\n\t\tdisplay:none !important;\r\n\t}\r\n\r\n\t@media (max-width: 768px) {\r\n\t\t\t\t\r\n\t\t\t\t.wpsm_nav-tabs{\r\n\t\t\tmargin-left:0px !important;\r\n\t\t\tmargin-right:0px !important; \r\n\t\t\t\r\n\t\t}\r\n\t\t\t\t#tab_container_5166 .wpsm_nav-tabs > li{\r\n\t\t\tfloat:none !important;\r\n\t\t}\r\n\t\t\t\r\n\t}\t\t\t\t<\/style>\r\n\t\t\t\t<div id=\"tab_container_5166\" >\r\n\t \r\n\t\t\t\t\t<ul class=\"wpsm_nav wpsm_nav-tabs\" role=\"tablist\" id=\"myTab_5166\">\r\n\t\t\t\t\t\t\t\r\n\t\t\t\t\t\t\t<li role=\"presentation\"  class=\"active\"  onclick=\"do_resize()\">\r\n\t\t\t\t\t\t\t\t<a href=\"#tabs_desc_5166_1\" aria-controls=\"tabs_desc_5166_1\" role=\"tab\" data-toggle=\"tab\">\r\n\t\t\t\t\t\t\t\t\t\r\n\t\t\t\t\t\t\t\t\t\t\t\t\t\t\t\t\t\t\t\t\t\t\t\t\t\t\t\t\t\t\t<i class=\"fa fa-calendar\"><\/i> \t\t\t\t\t\t\t\t\t\t\t\t\t\t\t\t\t\t\t\r\n\t\t\t\t\t\t\t\t\t\t\t\t\t\t\t\t\t\t\r\n\t\t\t\t\t\t\t\t\t<span>Klimatabelle<\/span>\r\n\t\t\t\t\t\t\t\t\t\r\n\t\t\t\t\t\t\t\t\t\t\t\t\t\t\t\t\t\t\r\n\t\t\t\t\t\t\t\t\t\t\t\t\t\t\t\t\t\t\t\t\r\n\t\t\t\t\t\t\t\t\t\r\n\t\t\t\t\t\t\t\t<\/a>\r\n\t\t\t\t\t\t\t<\/li>\r\n\t\t\t\t\t\t\t\r\n\t\t\t\t\t\t\t<li role=\"presentation\"  onclick=\"do_resize()\">\r\n\t\t\t\t\t\t\t\t<a href=\"#tabs_desc_5166_2\" aria-controls=\"tabs_desc_5166_2\" role=\"tab\" data-toggle=\"tab\">\r\n\t\t\t\t\t\t\t\t\t\r\n\t\t\t\t\t\t\t\t\t\t\t\t\t\t\t\t\t\t\t\t\t\t\t\t\t\t\t\t\t\t\t<i class=\"fa fa-cloud\"><\/i> \t\t\t\t\t\t\t\t\t\t\t\t\t\t\t\t\t\t\t\r\n\t\t\t\t\t\t\t\t\t\t\t\t\t\t\t\t\t\t\r\n\t\t\t\t\t\t\t\t\t<span>Mehr zum Klima<\/span>\r\n\t\t\t\t\t\t\t\t\t\r\n\t\t\t\t\t\t\t\t\t\t\t\t\t\t\t\t\t\t\r\n\t\t\t\t\t\t\t\t\t\t\t\t\t\t\t\t\t\t\t\t\r\n\t\t\t\t\t\t\t\t\t\r\n\t\t\t\t\t\t\t\t<\/a>\r\n\t\t\t\t\t\t\t<\/li>\r\n\t\t\t\t\t\t\t\r\n\t\t\t\t\t\t\t<li role=\"presentation\"  onclick=\"do_resize()\">\r\n\t\t\t\t\t\t\t\t<a href=\"#tabs_desc_5166_3\" aria-controls=\"tabs_desc_5166_3\" role=\"tab\" data-toggle=\"tab\">\r\n\t\t\t\t\t\t\t\t\t\r\n\t\t\t\t\t\t\t\t\t\t\t\t\t\t\t\t\t\t\t\t\t\t\t\t\t\t\t\t\t\t\t<i class=\"fa fa-sun-o\"><\/i> \t\t\t\t\t\t\t\t\t\t\t\t\t\t\t\t\t\t\t\r\n\t\t\t\t\t\t\t\t\t\t\t\t\t\t\t\t\t\t\r\n\t\t\t\t\t\t\t\t\t<span>UVB-Indizes<\/span>\r\n\t\t\t\t\t\t\t\t\t\r\n\t\t\t\t\t\t\t\t\t\t\t\t\t\t\t\t\t\t\r\n\t\t\t\t\t\t\t\t\t\t\t\t\t\t\t\t\t\t\t\t\r\n\t\t\t\t\t\t\t\t\t\r\n\t\t\t\t\t\t\t\t<\/a>\r\n\t\t\t\t\t\t\t<\/li>\r\n\t\t\t\t\t\t\t\r\n\t\t\t\t\t\t\t<li role=\"presentation\"  onclick=\"do_resize()\">\r\n\t\t\t\t\t\t\t\t<a href=\"#tabs_desc_5166_4\" aria-controls=\"tabs_desc_5166_4\" role=\"tab\" data-toggle=\"tab\">\r\n\t\t\t\t\t\t\t\t\t\r\n\t\t\t\t\t\t\t\t\t\t\t\t\t\t\t\t\t\t\t\t\t\t\t\t\t\t\t\t\t\t\t<i class=\"fa fa-leaf\"><\/i> \t\t\t\t\t\t\t\t\t\t\t\t\t\t\t\t\t\t\t\r\n\t\t\t\t\t\t\t\t\t\t\t\t\t\t\t\t\t\t\r\n\t\t\t\t\t\t\t\t\t<span>Bodentemperaturen<\/span>\r\n\t\t\t\t\t\t\t\t\t\r\n\t\t\t\t\t\t\t\t\t\t\t\t\t\t\t\t\t\t\r\n\t\t\t\t\t\t\t\t\t\t\t\t\t\t\t\t\t\t\t\t\r\n\t\t\t\t\t\t\t\t\t\r\n\t\t\t\t\t\t\t\t<\/a>\r\n\t\t\t\t\t\t\t<\/li>\r\n\t\t\t\t\t\t\t\r\n\t\t\t\t\t\t\t<li role=\"presentation\"  onclick=\"do_resize()\">\r\n\t\t\t\t\t\t\t\t<a href=\"#tabs_desc_5166_5\" aria-controls=\"tabs_desc_5166_5\" role=\"tab\" data-toggle=\"tab\">\r\n\t\t\t\t\t\t\t\t\t\r\n\t\t\t\t\t\t\t\t\t\t\t\t\t\t\t\t\t\t\t\t\t\t\t\t\t\t\t\t\t\t\t<i class=\"fa fa-arrow-circle-o-down\"><\/i> \t\t\t\t\t\t\t\t\t\t\t\t\t\t\t\t\t\t\t\r\n\t\t\t\t\t\t\t\t\t\t\t\t\t\t\t\t\t\t\r\n\t\t\t\t\t\t\t\t\t<span>Luftdruck<\/span>\r\n\t\t\t\t\t\t\t\t\t\r\n\t\t\t\t\t\t\t\t\t\t\t\t\t\t\t\t\t\t\r\n\t\t\t\t\t\t\t\t\t\t\t\t\t\t\t\t\t\t\t\t\r\n\t\t\t\t\t\t\t\t\t\r\n\t\t\t\t\t\t\t\t<\/a>\r\n\t\t\t\t\t\t\t<\/li>\r\n\t\t\t\t\t\t\t\t\t\t\t <\/ul>\r\n\r\n\t\t\t\t\t  <!-- Tab panes -->\r\n\t\t\t\t\t  <div class=\"tab-content\" id=\"tab-content_5166\">\r\n\t\t\t\t\t\t\t\t\t\t\t\t <div role=\"tabpanel\" class=\"tab-pane  in active \" id=\"tabs_desc_5166_1\">\r\n\t\t\t\t\t\t\t\t<table style=\"height: 186px\" width=\"990\">\r\n<tbody>\r\n<tr>\r\n<td><\/td>\r\n<td>Jan<\/td>\r\n<td>Feb<\/td>\r\n<td>M\u00e4r<\/td>\r\n<td>Apr<\/td>\r\n<td>Mai<\/td>\r\n<td>Jun<\/td>\r\n<td>Jul<\/td>\r\n<td>Aug<\/td>\r\n<td>Sep<\/td>\r\n<td>Okt<\/td>\r\n<td>Nov<\/td>\r\n<td>Dez<\/td>\r\n<\/tr>\r\n<tr>\r\n<td>Durchschnittl.\r\nTemperatur<\/td>\r\n<td>23<\/td>\r\n<td>24<\/td>\r\n<td>23<\/td>\r\n<td>23<\/td>\r\n<td>22<\/td>\r\n<td>19<\/td>\r\n<td>19<\/td>\r\n<td>19<\/td>\r\n<td>20<\/td>\r\n<td>21<\/td>\r\n<td>22<\/td>\r\n<td>23<\/td>\r\n<\/tr>\r\n<tr>\r\n<td>Minimale\r\nTemperatur<\/td>\r\n<td>20<\/td>\r\n<td>20<\/td>\r\n<td>20<\/td>\r\n<td>19<\/td>\r\n<td>18<\/td>\r\n<td>15<\/td>\r\n<td>15<\/td>\r\n<td>15<\/td>\r\n<td>15<\/td>\r\n<td>16<\/td>\r\n<td>18<\/td>\r\n<td>19<\/td>\r\n<\/tr>\r\n<tr>\r\n<td>Maximale\r\nTemperatur<\/td>\r\n<td>27<\/td>\r\n<td>27<\/td>\r\n<td>27<\/td>\r\n<td>27<\/td>\r\n<td>25<\/td>\r\n<td>23<\/td>\r\n<td>23<\/td>\r\n<td>23<\/td>\r\n<td>24<\/td>\r\n<td>25<\/td>\r\n<td>26<\/td>\r\n<td>27<\/td>\r\n<\/tr>\r\n<tr>\r\n<td>Regentage<\/td>\r\n<td>27<\/td>\r\n<td>24<\/td>\r\n<td>26<\/td>\r\n<td>19<\/td>\r\n<td>17<\/td>\r\n<td>18<\/td>\r\n<td>21<\/td>\r\n<td>20<\/td>\r\n<td>15<\/td>\r\n<td>16<\/td>\r\n<td>20<\/td>\r\n<td>25<\/td>\r\n<\/tr>\r\n<\/tbody>\r\n<\/table>\r\n<p style=\"text-align: justify\">Die angegebenen Daten wurden von uns innerhalb mehrerer Jahre mit Thermo- und Hygrometern direkt an den Fundorten der Tiere gemessen und zusammengetragen. \"Durchschnittliche Temperatur\" bedeutet, dass die Werte eines gesamten Monats zu einem Durchschnittswert berechnet wurden, z.B. wurden alle gemessenen Minimalwerte eines Monats zu einem durchschnittlichen Minimalwert f\u00fcr Februar berechnet. Das bedeutet im Klartext, dass einzelne Spitzenwerte eines Tages deutlich h\u00f6her oder niedriger als die durchschnittlichen Minimal- und Maximalwerte liegen k\u00f6nnen. Es ist also m\u00f6glich, dass zwar das durchschnittliche Maximum bei 29 Grad liegt, es aber an einigen Tagen des Monats 33\u00b0C oder gar 35\u00b0C warm war.<br><\/br>\r\nDrei Beispiele f\u00fcr einen Tagesverlauf der Temperaturen rund um Andasibe  in der <b>Regenzeit<\/b> finden sich im Folgenden. Sie wurden 2023 mit Datenloggern aufgezeichnet.<\/p>\r\n<img loading=\"lazy\" decoding=\"async\" class=\"aligncenter wp-image-4189 size-full\" src=\"https:\/\/www.madcham.de\/wp-content\/uploads\/2023\/03\/Temperatur-2023-Andasibe-1.jpg\" alt=\"2023 Temperaturen in Andasibe\" width=\"657\" height=\"437\" \/>\r\n<img loading=\"lazy\" decoding=\"async\" class=\"aligncenter wp-image-4189 size-full\" src=\"https:\/\/www.madcham.de\/wp-content\/uploads\/2023\/03\/Temperatur-2023-Andasibe-2.jpg\" alt=\"2023 Temperaturen in Andasibe\" width=\"657\" height=\"437\" \/>\r\n<img loading=\"lazy\" decoding=\"async\" class=\"aligncenter wp-image-4189 size-full\" src=\"https:\/\/www.madcham.de\/wp-content\/uploads\/2023\/03\/Temperatur-2023-Andasibe-3.jpg\" alt=\"2023 Temperaturen in Andasibe\" width=\"657\" height=\"437\" \/>\t\t\t\t\t\t <\/div>\r\n\t\t\t\t\t\t\t\t\t\t\t\t <div role=\"tabpanel\" class=\"tab-pane \" id=\"tabs_desc_5166_2\">\r\n\t\t\t\t\t\t\t\t<p style=\"text-align: justify\">Die Region um Andasibe mit den dazugeh\u00f6rigen W\u00e4ldern Mantadia, Mitsinjo und Analamazaotra liegen im \u00f6stlichen Hochland Madagaskars auf H\u00f6hen zwischen 900 und 1250 m \u00fcber Meeresniveau. Es wird deshalb tags\u00fcber zwar mal \u00fcber 25\u00b0C warm, \u00fcber die 30\u00b0-Grenze klettert das Thermometer aber eher selten oder nur in Sonnenflecken. Nachts fallen die Temperaturen vor allem w\u00e4hrend der Trockenzeit tief in den Keller. 10\u00b0 bis 15\u00b0 Grad sind die Regel.\r\n<\/p>\r\n<p style=\"text-align: justify\">\r\nDie Luftfeuchtigkeit in den Regenw\u00e4ldern um Andasibe ist das ganze Jahr \u00fcber hoch. W\u00e4hrend der Regenzeit regnet es t\u00e4glich ausgiebig, manchmal h\u00e4lt der Regen \u00fcber Tage an. Aber auch die Trockenzeit unterscheidet sich nicht massiv, au\u00dfer dass sie insgesamt etwas k\u00fchlere Temperaturen aufweist und nachts tiefere Temperaturen erreicht. Es regnet trotzdem mindestens jeden zweiten Tag. Regen, hohe Luftfeuchtigkeit und n\u00e4chtlicher Temperatursturz sind daher die zentralen Punkte im Klima Andasibes. 2023 haben wir mit Datenloggern die relative Luftfeuchtigkeit an verschiedenen Tagen rund um Andasibe in der <b>Regenzeit<\/b> gemessen, die Daten finden sich im Folgenden.<\/p>\r\n<img loading=\"lazy\" decoding=\"async\" class=\"aligncenter wp-image-4189 size-full\" src=\"https:\/\/www.madcham.de\/wp-content\/uploads\/2023\/03\/Luftfeuchtigkeit-2023-Andasibe-3.jpg\" alt=\"2023 Luftfeuchtigkeit in Andasibe\" width=\"657\" height=\"437\" \/>\r\n<img loading=\"lazy\" decoding=\"async\" class=\"aligncenter wp-image-4189 size-full\" src=\"https:\/\/www.madcham.de\/wp-content\/uploads\/2023\/03\/Luftfeuchtigkeit-2023-Andasibe-2.jpg\" alt=\"2023 Luftfeuchtigkeit in Andasibe\" width=\"657\" height=\"437\" \/>\r\n<img loading=\"lazy\" decoding=\"async\" class=\"aligncenter wp-image-4189 size-full\" src=\"https:\/\/www.madcham.de\/wp-content\/uploads\/2023\/03\/Luftfeuchtigkeit-2023-Andasibe-1.jpg\" alt=\"2023 Luftfeuchtigkeit in Andasibe\" width=\"657\" height=\"437\" \/>\t\t\t\t\t\t <\/div>\r\n\t\t\t\t\t\t\t\t\t\t\t\t <div role=\"tabpanel\" class=\"tab-pane \" id=\"tabs_desc_5166_3\">\r\n\t\t\t\t\t\t\t\t<img loading=\"lazy\" decoding=\"async\" class=\"aligncenter wp-image-4189 size-full\" src=\"https:\/\/www.madcham.de\/wp-content\/uploads\/2014\/09\/uvi_andasibe3.jpg\" alt=\"2014 UVI Andasibe\" width=\"657\" height=\"437\" \/>\r\n<img loading=\"lazy\" decoding=\"async\" class=\"aligncenter wp-image-4189 size-full\" src=\"https:\/\/www.madcham.de\/wp-content\/uploads\/2014\/09\/uvi_andasibe2.jpg\" alt=\"2016 UVI Andasibe\" width=\"657\" height=\"437\" \/>\r\n<p style=\"text-align: justify\">Die UVB-Daten wurden mit einem Solarmeter 6.5 im Fr\u00fchjahr (M\u00e4rz, April) zur h\u00f6chsten Aktivit\u00e4tszeit der Cham\u00e4leons gemessen. Gemessen wurden jeweils maximal f\u00fcr das Cham\u00e4leon zu erreichende Werte im Habitat.<\/p>\t\t\t\t\t\t <\/div>\r\n\t\t\t\t\t\t\t\t\t\t\t\t <div role=\"tabpanel\" class=\"tab-pane \" id=\"tabs_desc_5166_4\">\r\n\t\t\t\t\t\t\t\t<table style=\"height: 186px\" width=\"990\">\r\n<tbody>\r\n<tr>\r\n<td><\/td>\r\n<td>Jan<\/td>\r\n<td>Feb<\/td>\r\n<td>M\u00e4r<\/td>\r\n<td>Apr<\/td>\r\n<td>Mai<\/td>\r\n<td>Jun<\/td>\r\n<td>Jul<\/td>\r\n<td>Aug<\/td>\r\n<td>Sep<\/td>\r\n<td>Okt<\/td>\r\n<td>Nov<\/td>\r\n<td>Dez<\/td>\r\n<\/tr>\r\n<tr>\r\n<td>Morgens<\/td>\r\n<td>23,2<\/td>\r\n<td>23,4<\/td>\r\n<td>22,0<\/td>\r\n<td>22,1<\/td>\r\n<td>20,5<\/td>\r\n<td>16,0<\/td>\r\n<td>16,3<\/td>\r\n<td>16,5<\/td>\r\n<td>17,4<\/td>\r\n<td>16,7<\/td>\r\n<td>21,2<\/td>\r\n<td>-<\/td>\r\n<\/tr>\r\n<tr>\r\n<td>Mittags<\/td>\r\n<td>25,4<\/td>\r\n<td>25,3<\/td>\r\n<td>24,5<\/td>\r\n<td>22,5<\/td>\r\n<td>20,2<\/td>\r\n<td>16,5<\/td>\r\n<td>16,3<\/td>\r\n<td>17,7<\/td>\r\n<td>18,3<\/td>\r\n<td>18,0<\/td>\r\n<td>21,4<\/td>\r\n<td>-<\/td>\r\n<\/tr>\r\n<tr>\r\n<td>Abends<\/td>\r\n<td>25,5<\/td>\r\n<td>25,1<\/td>\r\n<td>25,0<\/td>\r\n<td>25,3<\/td>\r\n<td>20,8<\/td>\r\n<td>17,2<\/td>\r\n<td>16,1<\/td>\r\n<td>17,0<\/td>\r\n<td>19,6<\/td>\r\n<td>23,0<\/td>\r\n<td>22,0<\/td>\r\n<td>-<\/td>\r\n<\/tr>\r\n<\/tbody>\r\n<\/table>\r\n<p style=\"text-align: justify\">Zwischen dem 21. M\u00e4rz 2018 und dem 05. Februar 2019 haben wir etwa jeden zweiten Tag <a href=\"https:\/\/www.madcham.de\/de\/publikationen\/\">Bodentemperaturen im Regenwald von Andasibe<\/a> und Umgebung (Analamazaotra, Andasibe, V.O.I.M.M.A. und Mitsinjo) gemessen \u2013 die Tabelle ist das Ergebnis dieser Messungen. Lediglich im Dezember wurden keine Messungen vorgenommen. Eine ausf\u00fchrliche Besprechung findet sich <a href=\"https:\/\/www.madcham.de\/de\/publikationen\/\">hier<\/a>. Insgesamt haben wir 418 Bodentemperaturmessungen durchgef\u00fchrt und gesch\u00e4tzte 70 verschiedene Stellen in Andasibe und Umgebung in 20 cm Tiefe gemessen.<\/p>\t\t\t\t\t\t <\/div>\r\n\t\t\t\t\t\t\t\t\t\t\t\t <div role=\"tabpanel\" class=\"tab-pane \" id=\"tabs_desc_5166_5\">\r\n\t\t\t\t\t\t\t\t<p style=\"text-align: justify\">2023 haben wir zus\u00e4tzlich zu anderen Klimadaten auch den Luftdruck an den von uns besuchten Orten auf Madagaskar gemessen. Die folgenden Daten stammen von verschiedenen Tagen w\u00e4hrend der <b>Regenzeit<\/b> rund um Andasibe. Auf der X-Achse befindet sich die Tages- oder Nachtzeit. Auf Madagaskar beginnt der Tag gegen 6 Uhr, die Nacht bricht bereits um 18 Uhr an. Die Y-Achse zeigt den atmosph\u00e4rischen Luftdruck in hPa an.<\/p>\r\n\r\n<img loading=\"lazy\" decoding=\"async\" class=\"aligncenter wp-image-4189 size-full\" src=\"https:\/\/www.madcham.de\/wp-content\/uploads\/2023\/03\/Luftdruck-2023-Andasibe-3.jpg\" alt=\"2023 Luftdruck in Andasibe\" width=\"657\" height=\"437\" \/>\r\n<img loading=\"lazy\" decoding=\"async\" class=\"aligncenter wp-image-4189 size-full\" src=\"https:\/\/www.madcham.de\/wp-content\/uploads\/2023\/03\/Luftdruck-2023-Andasibe-2.jpg\" alt=\"2023 Luftdruck in Andasibe\" width=\"657\" height=\"437\" \/>\r\n<img loading=\"lazy\" decoding=\"async\" class=\"aligncenter wp-image-4189 size-full\" src=\"https:\/\/www.madcham.de\/wp-content\/uploads\/2023\/03\/Luftdruck-2023-Andasibe-1.jpg\" alt=\"2023 Luftdruck in Andasibe\" width=\"657\" height=\"437\" \/>\t\t\t\t\t\t <\/div>\r\n\t\t\t\t\t\t\t\r\n\t\t\t\t\t <\/div>\r\n\t\t\t\t\t \r\n\t\t\t\t <\/div>\r\n <script>\r\n\t\tjQuery(function () {\r\n\t\t\tjQuery('#myTab_5166 a:first').tab('show')\r\n\t\t});\r\n\t\t\r\n\t\t\t\tjQuery(function(){\r\n\t\t\tvar b=\"fadeIn\";\r\n\t\t\tvar c;\r\n\t\t\tvar a;\r\n\t\t\td(jQuery(\"#myTab_5166 a\"),jQuery(\"#tab-content_5166\"));function d(e,f,g){\r\n\t\t\t\te.click(function(i){\r\n\t\t\t\t\ti.preventDefault();\r\n\t\t\t\t\tjQuery(this).tab(\"show\");\r\n\t\t\t\t\tvar h=jQuery(this).data(\"easein\");\r\n\t\t\t\t\tif(c){c.removeClass(a);}\r\n\t\t\t\t\tif(h){f.find(\"div.active\").addClass(\"animated \"+h);a=h;}\r\n\t\t\t\t\telse{if(g){f.find(\"div.active\").addClass(\"animated \"+g);a=g;}else{f.find(\"div.active\").addClass(\"animated \"+b);a=b;}}c=f.find(\"div.active\");\r\n\t\t\t\t});\r\n\t\t\t}\r\n\t\t});\r\n\t\t\r\n\r\n\t\tfunction do_resize(){\r\n\r\n\t\t\tvar width=jQuery( '.tab-content .tab-pane iframe' ).width();\r\n\t\t\tvar height=jQuery( '.tab-content .tab-pane iframe' ).height();\r\n\r\n\t\t\tvar toggleSize = true;\r\n\t\t\tjQuery('iframe').animate({\r\n\t\t\t    width: toggleSize ? width : 640,\r\n\t\t\t    height: toggleSize ? height : 360\r\n\t\t\t  }, 250);\r\n\r\n\t\t\t  toggleSize = !toggleSize;\r\n\t\t}\r\n\r\n\r\n\t<\/script>\r\n\t\t\t\t\r\n\t\t\t\n<h4>Habitat:<\/h4>\n<p>&nbsp;<\/p>\n<p style=\"text-align: justify;\">Die folgenden Fotos zeigen weitere Ausschnitte aus dem Habitat von <em>Calumma globifer<\/em> in Anjozorobe und in einem kleinen Schutzgebiet nahe Mandraka. Die Art bevorzugt die Reste intakten Regenwaldes beider Regionen und dabei vor allem Gebiete mit enorm gro\u00dfen, aber dennoch schlanken B\u00e4umen. In Sekund\u00e4rvegetation sind sie eigentlich nur nahe Mandraka zu finden, und dort wahrscheinlich auch nur auf Grund der anhaltenden Abholzung der umliegenden W\u00e4lder. Sie m\u00f6gen bemooste \u00c4ste, gewundene Lianen und halten sich fast immer in den Baumkronen oder zumindest \u00fcber Kopfh\u00f6he auf.<\/p>\n<div id='gallery-2' class='gallery galleryid-5166 gallery-columns-2 gallery-size-habitat_thumb'><figure class='gallery-item'>\n\t\t\t<div class='gallery-icon landscape'>\n\t\t\t\t<a href='https:\/\/www.madcham.de\/wp-content\/uploads\/2014\/09\/Mandraka-Habitat-2018-1.jpg'><img loading=\"lazy\" decoding=\"async\" width=\"650\" height=\"250\" src=\"https:\/\/www.madcham.de\/wp-content\/uploads\/2014\/09\/Mandraka-Habitat-2018-1-650x250.jpg\" class=\"attachment-habitat_thumb size-habitat_thumb\" alt=\"\" aria-describedby=\"gallery-2-6688\" \/><\/a>\n\t\t\t<\/div>\n\t\t\t\t<figcaption class='wp-caption-text gallery-caption' id='gallery-2-6688'>\n\t\t\t\tLebensraum in Saha Maintsoanala\n\t\t\t\t<\/figcaption><\/figure><figure class='gallery-item'>\n\t\t\t<div class='gallery-icon landscape'>\n\t\t\t\t<a href='https:\/\/www.madcham.de\/wp-content\/uploads\/2014\/09\/Mandraka-Habitat-2018-2.jpg'><img loading=\"lazy\" decoding=\"async\" width=\"650\" height=\"250\" src=\"https:\/\/www.madcham.de\/wp-content\/uploads\/2014\/09\/Mandraka-Habitat-2018-2-650x250.jpg\" class=\"attachment-habitat_thumb size-habitat_thumb\" alt=\"\" aria-describedby=\"gallery-2-6689\" \/><\/a>\n\t\t\t<\/div>\n\t\t\t\t<figcaption class='wp-caption-text gallery-caption' id='gallery-2-6689'>\n\t\t\t\tHabitat nahe Mandraka\n\t\t\t\t<\/figcaption><\/figure><figure class='gallery-item'>\n\t\t\t<div class='gallery-icon landscape'>\n\t\t\t\t<a href='https:\/\/www.madcham.de\/wp-content\/uploads\/2014\/09\/Mandraka-Habitat-2018-3.jpg'><img loading=\"lazy\" decoding=\"async\" width=\"650\" height=\"250\" src=\"https:\/\/www.madcham.de\/wp-content\/uploads\/2014\/09\/Mandraka-Habitat-2018-3-650x250.jpg\" class=\"attachment-habitat_thumb size-habitat_thumb\" alt=\"\" aria-describedby=\"gallery-2-6690\" \/><\/a>\n\t\t\t<\/div>\n\t\t\t\t<figcaption class='wp-caption-text gallery-caption' id='gallery-2-6690'>\n\t\t\t\tRegenwald nahe Mandraka\n\t\t\t\t<\/figcaption><\/figure><figure class='gallery-item'>\n\t\t\t<div class='gallery-icon landscape'>\n\t\t\t\t<a href='https:\/\/www.madcham.de\/wp-content\/uploads\/2014\/09\/Mandraka-Habitat-2018-4.jpg'><img loading=\"lazy\" decoding=\"async\" width=\"650\" height=\"250\" src=\"https:\/\/www.madcham.de\/wp-content\/uploads\/2014\/09\/Mandraka-Habitat-2018-4-650x250.jpg\" class=\"attachment-habitat_thumb size-habitat_thumb\" alt=\"\" aria-describedby=\"gallery-2-6691\" \/><\/a>\n\t\t\t<\/div>\n\t\t\t\t<figcaption class='wp-caption-text gallery-caption' id='gallery-2-6691'>\n\t\t\t\tRegenwald von Saha Maintsoanala\n\t\t\t\t<\/figcaption><\/figure><figure class='gallery-item'>\n\t\t\t<div class='gallery-icon landscape'>\n\t\t\t\t<a href='https:\/\/www.madcham.de\/wp-content\/uploads\/2014\/09\/Mandraka-Habitat-2018.jpg'><img loading=\"lazy\" decoding=\"async\" width=\"650\" height=\"250\" src=\"https:\/\/www.madcham.de\/wp-content\/uploads\/2014\/09\/Mandraka-Habitat-2018-650x250.jpg\" class=\"attachment-habitat_thumb size-habitat_thumb\" alt=\"\" aria-describedby=\"gallery-2-6692\" \/><\/a>\n\t\t\t<\/div>\n\t\t\t\t<figcaption class='wp-caption-text gallery-caption' id='gallery-2-6692'>\n\t\t\t\tHabitat in Saha Maintsoanala\n\t\t\t\t<\/figcaption><\/figure><figure class='gallery-item'>\n\t\t\t<div class='gallery-icon portrait'>\n\t\t\t\t<a href='https:\/\/www.madcham.de\/wp-content\/uploads\/2015\/05\/Habitat-Anjozorobe-Calumma-crypticum-und-gastrotaenia-e1525186284215.jpg'><img loading=\"lazy\" decoding=\"async\" width=\"650\" height=\"250\" src=\"https:\/\/www.madcham.de\/wp-content\/uploads\/2015\/05\/Habitat-Anjozorobe-Calumma-crypticum-und-gastrotaenia-e1525186284215-650x250.jpg\" class=\"attachment-habitat_thumb size-habitat_thumb\" alt=\"\" aria-describedby=\"gallery-2-4238\" \/><\/a>\n\t\t\t<\/div>\n\t\t\t\t<figcaption class='wp-caption-text gallery-caption' id='gallery-2-4238'>\n\t\t\t\tRegenwald von Anjozorobe\n\t\t\t\t<\/figcaption><\/figure><figure class='gallery-item'>\n\t\t\t<div class='gallery-icon landscape'>\n\t\t\t\t<a href='https:\/\/www.madcham.de\/wp-content\/uploads\/2014\/09\/Habitat-Anjozorobe-2018-1.jpg'><img loading=\"lazy\" decoding=\"async\" width=\"650\" height=\"250\" src=\"https:\/\/www.madcham.de\/wp-content\/uploads\/2014\/09\/Habitat-Anjozorobe-2018-1-650x250.jpg\" class=\"attachment-habitat_thumb size-habitat_thumb\" alt=\"\" aria-describedby=\"gallery-2-6753\" \/><\/a>\n\t\t\t<\/div>\n\t\t\t\t<figcaption class='wp-caption-text gallery-caption' id='gallery-2-6753'>\n\t\t\t\tHabitat in Anjozorobe\n\t\t\t\t<\/figcaption><\/figure><figure class='gallery-item'>\n\t\t\t<div class='gallery-icon landscape'>\n\t\t\t\t<a href='https:\/\/www.madcham.de\/wp-content\/uploads\/2014\/09\/Habitat-Anjozorobe-2018-7.jpg'><img loading=\"lazy\" decoding=\"async\" width=\"650\" height=\"250\" src=\"https:\/\/www.madcham.de\/wp-content\/uploads\/2014\/09\/Habitat-Anjozorobe-2018-7-650x250.jpg\" class=\"attachment-habitat_thumb size-habitat_thumb\" alt=\"\" aria-describedby=\"gallery-2-6754\" \/><\/a>\n\t\t\t<\/div>\n\t\t\t\t<figcaption class='wp-caption-text gallery-caption' id='gallery-2-6754'>\n\t\t\t\tRegenwald von Anjozorobe\n\t\t\t\t<\/figcaption><\/figure><figure class='gallery-item'>\n\t\t\t<div class='gallery-icon landscape'>\n\t\t\t\t<a href='https:\/\/www.madcham.de\/wp-content\/uploads\/2014\/09\/Habitat-Saha-Maintsoanala-Maerz-2022-11.jpg'><img loading=\"lazy\" decoding=\"async\" width=\"650\" height=\"250\" src=\"https:\/\/www.madcham.de\/wp-content\/uploads\/2014\/09\/Habitat-Saha-Maintsoanala-Maerz-2022-11-650x250.jpg\" class=\"attachment-habitat_thumb size-habitat_thumb\" alt=\"\" aria-describedby=\"gallery-2-12132\" \/><\/a>\n\t\t\t<\/div>\n\t\t\t\t<figcaption class='wp-caption-text gallery-caption' id='gallery-2-12132'>\n\t\t\t\tHabitat in Saha Maintsoanala\n\t\t\t\t<\/figcaption><\/figure><figure class='gallery-item'>\n\t\t\t<div class='gallery-icon landscape'>\n\t\t\t\t<a href='https:\/\/www.madcham.de\/wp-content\/uploads\/2014\/09\/Habitat-Saha-Maintsoanala-Maerz-2022-4.jpg'><img loading=\"lazy\" decoding=\"async\" width=\"650\" height=\"250\" src=\"https:\/\/www.madcham.de\/wp-content\/uploads\/2014\/09\/Habitat-Saha-Maintsoanala-Maerz-2022-4-650x250.jpg\" class=\"attachment-habitat_thumb size-habitat_thumb\" alt=\"\" aria-describedby=\"gallery-2-12133\" \/><\/a>\n\t\t\t<\/div>\n\t\t\t\t<figcaption class='wp-caption-text gallery-caption' id='gallery-2-12133'>\n\t\t\t\tHabitat in Saha Maintsoanala\n\t\t\t\t<\/figcaption><\/figure><figure class='gallery-item'>\n\t\t\t<div class='gallery-icon landscape'>\n\t\t\t\t<a href='https:\/\/www.madcham.de\/wp-content\/uploads\/2014\/09\/Habitat-Saha-Maintsoanala-Maerz-2022-6.jpg'><img loading=\"lazy\" decoding=\"async\" width=\"650\" height=\"250\" src=\"https:\/\/www.madcham.de\/wp-content\/uploads\/2014\/09\/Habitat-Saha-Maintsoanala-Maerz-2022-6-650x250.jpg\" class=\"attachment-habitat_thumb size-habitat_thumb\" alt=\"\" aria-describedby=\"gallery-2-12134\" \/><\/a>\n\t\t\t<\/div>\n\t\t\t\t<figcaption class='wp-caption-text gallery-caption' id='gallery-2-12134'>\n\t\t\t\tHabitat in Saha Maintsoanala\n\t\t\t\t<\/figcaption><\/figure><figure class='gallery-item'>\n\t\t\t<div class='gallery-icon landscape'>\n\t\t\t\t<a href='https:\/\/www.madcham.de\/wp-content\/uploads\/2014\/09\/Habitat-Saha-Maintsoanala-Maerz-2022-9.jpg'><img loading=\"lazy\" decoding=\"async\" width=\"650\" height=\"250\" src=\"https:\/\/www.madcham.de\/wp-content\/uploads\/2014\/09\/Habitat-Saha-Maintsoanala-Maerz-2022-9-650x250.jpg\" class=\"attachment-habitat_thumb size-habitat_thumb\" alt=\"\" aria-describedby=\"gallery-2-12135\" \/><\/a>\n\t\t\t<\/div>\n\t\t\t\t<figcaption class='wp-caption-text gallery-caption' id='gallery-2-12135'>\n\t\t\t\tHabitat in Saha Maintsoanala\n\t\t\t\t<\/figcaption><\/figure>\n\t\t<\/div>\n\n<p style=\"text-align: justify;\">Im Folgenden findest du einige 360\u00b0-Bilder aus den Regenw\u00e4ldern von Anjozorobe und Saha Maintsoanala, die wir w\u00e4hrend der Regenzeit aufgenommen haben. Darunter sind auch Fundorte der Art. Wenn man auf die jeweilige Aufnahme klickt, \u00f6ffnen sich die Bilder in vergr\u00f6\u00dferter Ansicht in einem eigenen Fenster. Mit der Maus kann man sich darin in alle Richtungen drehen. Dort besteht auch die M\u00f6glichkeit, die Bilder im Vollbildmodus auszuf\u00fchren. Viel Spa\u00df beim Anschauen!<\/p>\n<p><a href=\"https:\/\/app2.ricoh360.com\/viewer\/5dbdeb54-09b1-49dd-9513-340488620298\" target=\"_blank\" rel=\"noopener\"><img loading=\"lazy\" decoding=\"async\" class=\"aligncenter wp-image-14690 size-large\" src=\"https:\/\/www.madcham.de\/wp-content\/uploads\/2014\/09\/Anjozorobe-April-2018-4-1024x576.jpg\" alt=\"\" width=\"1024\" height=\"576\" srcset=\"https:\/\/www.madcham.de\/wp-content\/uploads\/2014\/09\/Anjozorobe-April-2018-4-1024x576.jpg 1024w, https:\/\/www.madcham.de\/wp-content\/uploads\/2014\/09\/Anjozorobe-April-2018-4-300x169.jpg 300w, https:\/\/www.madcham.de\/wp-content\/uploads\/2014\/09\/Anjozorobe-April-2018-4-768x432.jpg 768w, https:\/\/www.madcham.de\/wp-content\/uploads\/2014\/09\/Anjozorobe-April-2018-4-1536x864.jpg 1536w, https:\/\/www.madcham.de\/wp-content\/uploads\/2014\/09\/Anjozorobe-April-2018-4-2048x1152.jpg 2048w, https:\/\/www.madcham.de\/wp-content\/uploads\/2014\/09\/Anjozorobe-April-2018-4-1200x675.jpg 1200w, https:\/\/www.madcham.de\/wp-content\/uploads\/2014\/09\/Anjozorobe-April-2018-4-420x236.jpg 420w, https:\/\/www.madcham.de\/wp-content\/uploads\/2014\/09\/Anjozorobe-April-2018-4-81x46.jpg 81w, https:\/\/www.madcham.de\/wp-content\/uploads\/2014\/09\/Anjozorobe-April-2018-4-200x112.jpg 200w\" sizes=\"(max-width: 1024px) 100vw, 1024px\" \/><\/a><a href=\"https:\/\/app2.ricoh360.com\/viewer\/ffa382bb-6d3f-4962-a27d-f65932219e5a\" target=\"_blank\" rel=\"noopener\"><img loading=\"lazy\" decoding=\"async\" class=\"aligncenter wp-image-14692 size-large\" src=\"https:\/\/www.madcham.de\/wp-content\/uploads\/2014\/09\/Anjozorobe-April-2018-6-1024x576.jpg\" alt=\"\" width=\"1024\" height=\"576\" srcset=\"https:\/\/www.madcham.de\/wp-content\/uploads\/2014\/09\/Anjozorobe-April-2018-6-1024x576.jpg 1024w, https:\/\/www.madcham.de\/wp-content\/uploads\/2014\/09\/Anjozorobe-April-2018-6-300x169.jpg 300w, https:\/\/www.madcham.de\/wp-content\/uploads\/2014\/09\/Anjozorobe-April-2018-6-768x432.jpg 768w, https:\/\/www.madcham.de\/wp-content\/uploads\/2014\/09\/Anjozorobe-April-2018-6-1536x864.jpg 1536w, https:\/\/www.madcham.de\/wp-content\/uploads\/2014\/09\/Anjozorobe-April-2018-6-2048x1152.jpg 2048w, https:\/\/www.madcham.de\/wp-content\/uploads\/2014\/09\/Anjozorobe-April-2018-6-1200x675.jpg 1200w, https:\/\/www.madcham.de\/wp-content\/uploads\/2014\/09\/Anjozorobe-April-2018-6-420x236.jpg 420w, https:\/\/www.madcham.de\/wp-content\/uploads\/2014\/09\/Anjozorobe-April-2018-6-81x46.jpg 81w, https:\/\/www.madcham.de\/wp-content\/uploads\/2014\/09\/Anjozorobe-April-2018-6-200x112.jpg 200w\" sizes=\"(max-width: 1024px) 100vw, 1024px\" \/><\/a><\/p>\n<p>&nbsp;<\/p>\n<p>&nbsp;<\/p>\n<p>&nbsp;<\/p>\n<p><a href=\"https:\/\/app2.ricoh360.com\/viewer\/2128036c-c6c2-4231-b0c3-25f1da3da7ba\" target=\"_blank\" rel=\"noopener\"><img loading=\"lazy\" decoding=\"async\" class=\"aligncenter wp-image-14695 size-large\" src=\"https:\/\/www.madcham.de\/wp-content\/uploads\/2014\/09\/Anjozorobe-April-2018-10-1024x576.jpg\" alt=\"\" width=\"1024\" height=\"576\" srcset=\"https:\/\/www.madcham.de\/wp-content\/uploads\/2014\/09\/Anjozorobe-April-2018-10-1024x576.jpg 1024w, https:\/\/www.madcham.de\/wp-content\/uploads\/2014\/09\/Anjozorobe-April-2018-10-300x169.jpg 300w, https:\/\/www.madcham.de\/wp-content\/uploads\/2014\/09\/Anjozorobe-April-2018-10-768x432.jpg 768w, https:\/\/www.madcham.de\/wp-content\/uploads\/2014\/09\/Anjozorobe-April-2018-10-1536x864.jpg 1536w, https:\/\/www.madcham.de\/wp-content\/uploads\/2014\/09\/Anjozorobe-April-2018-10-2048x1152.jpg 2048w, https:\/\/www.madcham.de\/wp-content\/uploads\/2014\/09\/Anjozorobe-April-2018-10-1200x675.jpg 1200w, https:\/\/www.madcham.de\/wp-content\/uploads\/2014\/09\/Anjozorobe-April-2018-10-420x236.jpg 420w, https:\/\/www.madcham.de\/wp-content\/uploads\/2014\/09\/Anjozorobe-April-2018-10-81x46.jpg 81w, https:\/\/www.madcham.de\/wp-content\/uploads\/2014\/09\/Anjozorobe-April-2018-10-200x112.jpg 200w\" sizes=\"(max-width: 1024px) 100vw, 1024px\" \/><\/a><a href=\"https:\/\/app2.ricoh360.com\/viewer\/b96406ca-5b7d-48f5-bd0e-964a9f2d5b0c\" target=\"_blank\" rel=\"noopener\"><img loading=\"lazy\" decoding=\"async\" class=\"aligncenter wp-image-14824 size-large\" src=\"https:\/\/www.madcham.de\/wp-content\/uploads\/2014\/09\/Saha-Maintsoanala-Maerz-2022-1-1024x576.jpg\" alt=\"\" width=\"1024\" height=\"576\" srcset=\"https:\/\/www.madcham.de\/wp-content\/uploads\/2014\/09\/Saha-Maintsoanala-Maerz-2022-1-1024x576.jpg 1024w, https:\/\/www.madcham.de\/wp-content\/uploads\/2014\/09\/Saha-Maintsoanala-Maerz-2022-1-300x169.jpg 300w, https:\/\/www.madcham.de\/wp-content\/uploads\/2014\/09\/Saha-Maintsoanala-Maerz-2022-1-768x432.jpg 768w, https:\/\/www.madcham.de\/wp-content\/uploads\/2014\/09\/Saha-Maintsoanala-Maerz-2022-1-1536x864.jpg 1536w, https:\/\/www.madcham.de\/wp-content\/uploads\/2014\/09\/Saha-Maintsoanala-Maerz-2022-1-2048x1152.jpg 2048w, https:\/\/www.madcham.de\/wp-content\/uploads\/2014\/09\/Saha-Maintsoanala-Maerz-2022-1-1200x675.jpg 1200w, https:\/\/www.madcham.de\/wp-content\/uploads\/2014\/09\/Saha-Maintsoanala-Maerz-2022-1-420x236.jpg 420w, https:\/\/www.madcham.de\/wp-content\/uploads\/2014\/09\/Saha-Maintsoanala-Maerz-2022-1-81x46.jpg 81w, https:\/\/www.madcham.de\/wp-content\/uploads\/2014\/09\/Saha-Maintsoanala-Maerz-2022-1-200x112.jpg 200w\" sizes=\"(max-width: 1024px) 100vw, 1024px\" \/><\/a><a href=\"https:\/\/app2.ricoh360.com\/viewer\/57941db4-3ebc-4571-8f7f-bf9e4ff7ab08\" target=\"_blank\" rel=\"noopener\"><img loading=\"lazy\" decoding=\"async\" class=\"aligncenter wp-image-14825 size-large\" src=\"https:\/\/www.madcham.de\/wp-content\/uploads\/2014\/09\/Saha-Maintsoanala-Maerz-2022-2-1024x576.jpg\" alt=\"\" width=\"1024\" height=\"576\" srcset=\"https:\/\/www.madcham.de\/wp-content\/uploads\/2014\/09\/Saha-Maintsoanala-Maerz-2022-2-1024x576.jpg 1024w, https:\/\/www.madcham.de\/wp-content\/uploads\/2014\/09\/Saha-Maintsoanala-Maerz-2022-2-300x169.jpg 300w, https:\/\/www.madcham.de\/wp-content\/uploads\/2014\/09\/Saha-Maintsoanala-Maerz-2022-2-768x432.jpg 768w, https:\/\/www.madcham.de\/wp-content\/uploads\/2014\/09\/Saha-Maintsoanala-Maerz-2022-2-1536x864.jpg 1536w, https:\/\/www.madcham.de\/wp-content\/uploads\/2014\/09\/Saha-Maintsoanala-Maerz-2022-2-2048x1152.jpg 2048w, https:\/\/www.madcham.de\/wp-content\/uploads\/2014\/09\/Saha-Maintsoanala-Maerz-2022-2-1200x675.jpg 1200w, https:\/\/www.madcham.de\/wp-content\/uploads\/2014\/09\/Saha-Maintsoanala-Maerz-2022-2-420x236.jpg 420w, https:\/\/www.madcham.de\/wp-content\/uploads\/2014\/09\/Saha-Maintsoanala-Maerz-2022-2-81x46.jpg 81w, https:\/\/www.madcham.de\/wp-content\/uploads\/2014\/09\/Saha-Maintsoanala-Maerz-2022-2-200x112.jpg 200w\" sizes=\"(max-width: 1024px) 100vw, 1024px\" \/><\/a><a href=\"https:\/\/app2.ricoh360.com\/viewer\/aae43ce4-bae8-4caa-b7af-b0dabd6b3c80\" target=\"_blank\" rel=\"noopener\"><img loading=\"lazy\" decoding=\"async\" class=\"aligncenter wp-image-14826 size-large\" src=\"https:\/\/www.madcham.de\/wp-content\/uploads\/2014\/09\/Saha-Maintsoanala-Maerz-2022-3-1024x576.jpg\" alt=\"\" width=\"1024\" height=\"576\" srcset=\"https:\/\/www.madcham.de\/wp-content\/uploads\/2014\/09\/Saha-Maintsoanala-Maerz-2022-3-1024x576.jpg 1024w, https:\/\/www.madcham.de\/wp-content\/uploads\/2014\/09\/Saha-Maintsoanala-Maerz-2022-3-300x169.jpg 300w, https:\/\/www.madcham.de\/wp-content\/uploads\/2014\/09\/Saha-Maintsoanala-Maerz-2022-3-768x432.jpg 768w, https:\/\/www.madcham.de\/wp-content\/uploads\/2014\/09\/Saha-Maintsoanala-Maerz-2022-3-1536x864.jpg 1536w, https:\/\/www.madcham.de\/wp-content\/uploads\/2014\/09\/Saha-Maintsoanala-Maerz-2022-3-2048x1152.jpg 2048w, https:\/\/www.madcham.de\/wp-content\/uploads\/2014\/09\/Saha-Maintsoanala-Maerz-2022-3-1200x675.jpg 1200w, https:\/\/www.madcham.de\/wp-content\/uploads\/2014\/09\/Saha-Maintsoanala-Maerz-2022-3-420x236.jpg 420w, https:\/\/www.madcham.de\/wp-content\/uploads\/2014\/09\/Saha-Maintsoanala-Maerz-2022-3-81x46.jpg 81w, https:\/\/www.madcham.de\/wp-content\/uploads\/2014\/09\/Saha-Maintsoanala-Maerz-2022-3-200x112.jpg 200w\" sizes=\"(max-width: 1024px) 100vw, 1024px\" \/><\/a><a href=\"https:\/\/app2.ricoh360.com\/viewer\/5a9ae786-9718-4609-b325-5df06b5a053e\" target=\"_blank\" rel=\"noopener\"><img loading=\"lazy\" decoding=\"async\" class=\"aligncenter wp-image-14827 size-large\" src=\"https:\/\/www.madcham.de\/wp-content\/uploads\/2014\/09\/Saha-Maintsoanala-Maerz-2022-4-1024x576.jpg\" alt=\"\" width=\"1024\" height=\"576\" srcset=\"https:\/\/www.madcham.de\/wp-content\/uploads\/2014\/09\/Saha-Maintsoanala-Maerz-2022-4-1024x576.jpg 1024w, https:\/\/www.madcham.de\/wp-content\/uploads\/2014\/09\/Saha-Maintsoanala-Maerz-2022-4-300x169.jpg 300w, https:\/\/www.madcham.de\/wp-content\/uploads\/2014\/09\/Saha-Maintsoanala-Maerz-2022-4-768x432.jpg 768w, https:\/\/www.madcham.de\/wp-content\/uploads\/2014\/09\/Saha-Maintsoanala-Maerz-2022-4-1536x864.jpg 1536w, https:\/\/www.madcham.de\/wp-content\/uploads\/2014\/09\/Saha-Maintsoanala-Maerz-2022-4-2048x1152.jpg 2048w, https:\/\/www.madcham.de\/wp-content\/uploads\/2014\/09\/Saha-Maintsoanala-Maerz-2022-4-1200x675.jpg 1200w, https:\/\/www.madcham.de\/wp-content\/uploads\/2014\/09\/Saha-Maintsoanala-Maerz-2022-4-420x236.jpg 420w, https:\/\/www.madcham.de\/wp-content\/uploads\/2014\/09\/Saha-Maintsoanala-Maerz-2022-4-81x46.jpg 81w, https:\/\/www.madcham.de\/wp-content\/uploads\/2014\/09\/Saha-Maintsoanala-Maerz-2022-4-200x112.jpg 200w\" sizes=\"(max-width: 1024px) 100vw, 1024px\" \/><\/a><a href=\"https:\/\/app2.ricoh360.com\/viewer\/bab64f8b-793f-4296-b3b0-853d5d9f2383\" target=\"_blank\" rel=\"noopener\"><img loading=\"lazy\" decoding=\"async\" class=\"aligncenter wp-image-14828 size-large\" src=\"https:\/\/www.madcham.de\/wp-content\/uploads\/2014\/09\/Saha-Maintsoanala-Maerz-2022-5-1024x576.jpg\" alt=\"\" width=\"1024\" height=\"576\" srcset=\"https:\/\/www.madcham.de\/wp-content\/uploads\/2014\/09\/Saha-Maintsoanala-Maerz-2022-5-1024x576.jpg 1024w, https:\/\/www.madcham.de\/wp-content\/uploads\/2014\/09\/Saha-Maintsoanala-Maerz-2022-5-300x169.jpg 300w, https:\/\/www.madcham.de\/wp-content\/uploads\/2014\/09\/Saha-Maintsoanala-Maerz-2022-5-768x432.jpg 768w, https:\/\/www.madcham.de\/wp-content\/uploads\/2014\/09\/Saha-Maintsoanala-Maerz-2022-5-1536x864.jpg 1536w, https:\/\/www.madcham.de\/wp-content\/uploads\/2014\/09\/Saha-Maintsoanala-Maerz-2022-5-2048x1152.jpg 2048w, https:\/\/www.madcham.de\/wp-content\/uploads\/2014\/09\/Saha-Maintsoanala-Maerz-2022-5-1200x675.jpg 1200w, https:\/\/www.madcham.de\/wp-content\/uploads\/2014\/09\/Saha-Maintsoanala-Maerz-2022-5-420x236.jpg 420w, https:\/\/www.madcham.de\/wp-content\/uploads\/2014\/09\/Saha-Maintsoanala-Maerz-2022-5-81x46.jpg 81w, https:\/\/www.madcham.de\/wp-content\/uploads\/2014\/09\/Saha-Maintsoanala-Maerz-2022-5-200x112.jpg 200w\" sizes=\"(max-width: 1024px) 100vw, 1024px\" \/><\/a><a href=\"https:\/\/app2.ricoh360.com\/viewer\/4edd661e-e840-44ce-b629-a84eb687314c\" target=\"_blank\" rel=\"noopener\"><img loading=\"lazy\" decoding=\"async\" class=\"aligncenter wp-image-14829 size-large\" src=\"https:\/\/www.madcham.de\/wp-content\/uploads\/2014\/09\/Saha-Maintsoanala-Maerz-2022-6-1024x576.jpg\" alt=\"\" width=\"1024\" height=\"576\" srcset=\"https:\/\/www.madcham.de\/wp-content\/uploads\/2014\/09\/Saha-Maintsoanala-Maerz-2022-6-1024x576.jpg 1024w, https:\/\/www.madcham.de\/wp-content\/uploads\/2014\/09\/Saha-Maintsoanala-Maerz-2022-6-300x169.jpg 300w, https:\/\/www.madcham.de\/wp-content\/uploads\/2014\/09\/Saha-Maintsoanala-Maerz-2022-6-768x432.jpg 768w, https:\/\/www.madcham.de\/wp-content\/uploads\/2014\/09\/Saha-Maintsoanala-Maerz-2022-6-1536x864.jpg 1536w, https:\/\/www.madcham.de\/wp-content\/uploads\/2014\/09\/Saha-Maintsoanala-Maerz-2022-6-2048x1152.jpg 2048w, https:\/\/www.madcham.de\/wp-content\/uploads\/2014\/09\/Saha-Maintsoanala-Maerz-2022-6-1200x675.jpg 1200w, https:\/\/www.madcham.de\/wp-content\/uploads\/2014\/09\/Saha-Maintsoanala-Maerz-2022-6-420x236.jpg 420w, https:\/\/www.madcham.de\/wp-content\/uploads\/2014\/09\/Saha-Maintsoanala-Maerz-2022-6-81x46.jpg 81w, https:\/\/www.madcham.de\/wp-content\/uploads\/2014\/09\/Saha-Maintsoanala-Maerz-2022-6-200x112.jpg 200w\" sizes=\"(max-width: 1024px) 100vw, 1024px\" \/><\/a><a href=\"https:\/\/app2.ricoh360.com\/viewer\/5f08d4ee-fab8-478d-8444-3389387f4e1e\" target=\"_blank\" rel=\"noopener\"><img loading=\"lazy\" decoding=\"async\" class=\"aligncenter wp-image-14830 size-large\" src=\"https:\/\/www.madcham.de\/wp-content\/uploads\/2014\/09\/Saha-Maintsoanala-Maerz-2022-7-1024x576.jpg\" alt=\"\" width=\"1024\" height=\"576\" srcset=\"https:\/\/www.madcham.de\/wp-content\/uploads\/2014\/09\/Saha-Maintsoanala-Maerz-2022-7-1024x576.jpg 1024w, https:\/\/www.madcham.de\/wp-content\/uploads\/2014\/09\/Saha-Maintsoanala-Maerz-2022-7-300x169.jpg 300w, https:\/\/www.madcham.de\/wp-content\/uploads\/2014\/09\/Saha-Maintsoanala-Maerz-2022-7-768x432.jpg 768w, https:\/\/www.madcham.de\/wp-content\/uploads\/2014\/09\/Saha-Maintsoanala-Maerz-2022-7-1536x864.jpg 1536w, https:\/\/www.madcham.de\/wp-content\/uploads\/2014\/09\/Saha-Maintsoanala-Maerz-2022-7-2048x1152.jpg 2048w, https:\/\/www.madcham.de\/wp-content\/uploads\/2014\/09\/Saha-Maintsoanala-Maerz-2022-7-1200x675.jpg 1200w, https:\/\/www.madcham.de\/wp-content\/uploads\/2014\/09\/Saha-Maintsoanala-Maerz-2022-7-420x236.jpg 420w, https:\/\/www.madcham.de\/wp-content\/uploads\/2014\/09\/Saha-Maintsoanala-Maerz-2022-7-81x46.jpg 81w, https:\/\/www.madcham.de\/wp-content\/uploads\/2014\/09\/Saha-Maintsoanala-Maerz-2022-7-200x112.jpg 200w\" sizes=\"(max-width: 1024px) 100vw, 1024px\" \/><\/a>","protected":false},"excerpt":{"rendered":"<p>Erstbeschreibung: (G\u00fcnther, 1879) Herkunft des Artnamens: Der deutsche Zoologe Albert Carl Ludwig Gotthilf G\u00fcnther, damals Direktor der Zoologischen Abteilung des Naturhistorischen Museums von London (Gro\u00dfbritannien), entlehnte den Namen dieser Cham\u00e4leonart dem Lateinischen. Globus bedeutet \u00fcbersetzt so viel wie &#8222;Kugel&#8220;. G\u00fcnther spielte damit auf die stark abgerundeten Nasenforts\u00e4tze der M\u00e4nnchen an, die ihm sehr kugelig abgerundet erschienen. Verbreitung: Calumma globifer hat sein Verbreitungsgebiet in den \u00fcbrig gebliebenen Regenw\u00e4ldern des zentralen Hochlandes. Man findet diese Cham\u00e4leonart \u00f6stlich von Antananarivo in den Gegenden um Mandraka (nahe Andasibe) und n\u00f6rdlich von Antananarivo in den W\u00e4ldern von Anjozorobe. Durch Brandrodung und Abholzung sind die Lebensr\u00e4ume stark bedroht, zumal ein Gro\u00dfteil des Vorkommens nicht gesch\u00fctzt ist und j\u00e4hrlich immer weiter schwindet. Gr\u00f6\u00dfe &amp; Aussehen: Mit einer Gesamtl\u00e4nge von 31 bis 40 cm geh\u00f6ren diese Cham\u00e4leons zu den gro\u00dfen Arten unter ihresgleichen. Die M\u00e4nnchen haben zwei schaufelf\u00f6rmige Nasenforts\u00e4tze und sehr schmale, kaum sichtbare Occipitallappen (kaum mehr als ein mm breit). Weder an Bauch noch an R\u00fccken oder Kehlsack sind Kegelschuppen zu finden, daf\u00fcr ist die gesamte Beschuppung sehr ungleichm\u00e4\u00dfig. Die F\u00e4rbung ist sehr variabel, und zeigt verschiedene Gr\u00fcnt\u00f6ne mit teils dunkler B\u00e4nderung oder einem dunklen Lateralstreifen. M\u00e4nnliche Calumma globifer zeigen eine wei\u00dflich-gelbe Streifung am Kehlsack. &nbsp; Habitat:&#8230;<\/p>\n","protected":false},"author":4,"featured_media":12807,"comment_status":"closed","ping_status":"closed","sticky":false,"template":"","format":"gallery","meta":{"_monsterinsights_skip_tracking":false,"_monsterinsights_sitenote_active":false,"_monsterinsights_sitenote_note":"","_monsterinsights_sitenote_category":0,"footnotes":""},"categories":[26],"tags":[1308,960,958,961,160,959,61,162,1451,266,275,255,1462,281,1452,584,723],"_links":{"self":[{"href":"https:\/\/www.madcham.de\/de\/wp-json\/wp\/v2\/posts\/1600"}],"collection":[{"href":"https:\/\/www.madcham.de\/de\/wp-json\/wp\/v2\/posts"}],"about":[{"href":"https:\/\/www.madcham.de\/de\/wp-json\/wp\/v2\/types\/post"}],"author":[{"embeddable":true,"href":"https:\/\/www.madcham.de\/de\/wp-json\/wp\/v2\/users\/4"}],"replies":[{"embeddable":true,"href":"https:\/\/www.madcham.de\/de\/wp-json\/wp\/v2\/comments?post=1600"}],"version-history":[{"count":45,"href":"https:\/\/www.madcham.de\/de\/wp-json\/wp\/v2\/posts\/1600\/revisions"}],"predecessor-version":[{"id":14833,"href":"https:\/\/www.madcham.de\/de\/wp-json\/wp\/v2\/posts\/1600\/revisions\/14833"}],"wp:featuredmedia":[{"embeddable":true,"href":"https:\/\/www.madcham.de\/de\/wp-json\/wp\/v2\/media\/12807"}],"wp:attachment":[{"href":"https:\/\/www.madcham.de\/de\/wp-json\/wp\/v2\/media?parent=1600"}],"wp:term":[{"taxonomy":"category","embeddable":true,"href":"https:\/\/www.madcham.de\/de\/wp-json\/wp\/v2\/categories?post=1600"},{"taxonomy":"post_tag","embeddable":true,"href":"https:\/\/www.madcham.de\/de\/wp-json\/wp\/v2\/tags?post=1600"}],"curies":[{"name":"wp","href":"https:\/\/api.w.org\/{rel}","templated":true}]}}