{"id":2450,"date":"2015-04-23T17:41:24","date_gmt":"2015-04-23T15:41:24","guid":{"rendered":"http:\/\/madcham.com\/?p=2450"},"modified":"2025-11-08T17:24:43","modified_gmt":"2025-11-08T16:24:43","slug":"palleon-nasus","status":"publish","type":"post","link":"https:\/\/www.madcham.de\/de\/palleon-nasus\/","title":{"rendered":"Palleon nasus"},"content":{"rendered":"<div class=\"simple-alert-boxes sab_success sab_normal \">\r\n\t\t<strong>CITES-Quoten<br \/>\n<\/strong>2011-13 keine Tiere,<br \/>\n2014-18 je 150 Tiere,<br \/>\n2019 erstmals 250 Tiere,<br \/>\n2020-25 wieder je 150 Tiere pro Jahr f\u00fcr den legalen Export freigegeben\t<\/div>\r\n\t\n<h4><\/h4>\n<h4>Erstbeschreibung: <a href=\"https:\/\/www.iucnredlist.org\/species\/172773\/6915062\" target=\"_blank\" rel=\"noopener\"><img loading=\"lazy\" decoding=\"async\" class=\"alignright wp-image-12991\" src=\"https:\/\/www.madcham.de\/wp-content\/uploads\/2019\/04\/IUCn-Status-vulnerable.jpg\" alt=\"IUCN Red List: vulnerable\" width=\"80\" height=\"80\" srcset=\"https:\/\/www.madcham.de\/wp-content\/uploads\/2019\/04\/IUCn-Status-vulnerable.jpg 150w, https:\/\/www.madcham.de\/wp-content\/uploads\/2019\/04\/IUCn-Status-vulnerable-81x81.jpg 81w\" sizes=\"(max-width: 80px) 100vw, 80px\" \/><\/a><\/h4>\n<p>(Boulenger, 1887) <a href=\"https:\/\/www.biodiversitylibrary.org\/item\/114545#page\/669\/mode\/1up\" target=\"_blank\" rel=\"noopener noreferrer\"><img loading=\"lazy\" decoding=\"async\" class=\"alignnone wp-image-9195 size-full\" src=\"https:\/\/www.madcham.de\/wp-content\/uploads\/2014\/09\/pdf-Logo.png?_t=1762619046\" alt=\"\" width=\"44\" height=\"21\" \/><\/a><\/p>\n<h4>Herkunft des Artnamens:<\/h4>\n<p style=\"text-align: justify;\">Der belgische Zoologe George Alber Boulenger, zu dieser Zeit t\u00e4tig am Naturhistorischen Museum in London (Gro\u00dfbritannien), benannte diese Cham\u00e4leonart nach ihrer Nase. Man dachte damals, die Art geh\u00f6re zu <em>Brookesia<\/em> &#8211; und f\u00fcr diese waren Aussehen und Nase sehr ungew\u00f6hnlich.<\/p>\n<div style=\"float: right; margin: 20px;\">\t\t<div id=\"maps-marker-pro-973eb7a7\" class=\"maps-marker-pro\" style=\"width: 300px;\">\n\t\t\t<div id=\"mmp-map-wrap-973eb7a7\" class=\"mmp-map-wrap\">\n\t\t\t\t\t\t\t\t\t<div id=\"mmp-panel-973eb7a7\" class=\"mmp-panel\"><\/div>\n\t\t\t\t\t\t\t\t<div id=\"mmp-map-973eb7a7\" class=\"mmp-map\" style=\"height: 300px;\"><\/div>\n\t\t\t\t\t\t\t<\/div>\n\t\t\t\t\t<\/div>\n\t\t<\/div>\n<h4>Verbreitung:<\/h4>\n<p style=\"text-align: justify;\">Diese Art kommt in den Nationalparks Ranomafana sowie Andohahela und im Andringitra-Gebirge vor. Die bisherigen Fundorte liegen damit vorwiegend in Regenw\u00e4ldern im S\u00fcdosten Madagaskars. Im Nationalpark Ranomafana kommen die Tiere auf rund 1000 m \u00fcNN und h\u00f6her vor, im Nationalpark Andringitra auf H\u00f6hen zwischen 1580 und 1640 m. Man findet <em>Palleon nasus<\/em> allerdings nur schwer und braucht selbst nachts etwas Gl\u00fcck, ein schlafendes Tier dieser Art im Geb\u00fcsch zu entdecken. Wenn man f\u00fcndig wird, handelt es sich meist um P\u00e4rchen der Art, bei dem beide Tiere innerhalb von maximal einem Quadratmeter zu finden sind. Sie schlafen gerne kopf\u00fcber an extrem d\u00fcnnen H\u00e4lmchen oder \u00c4stchen, sowohl senkrecht mit dem Kopf nach unten h\u00e4ngend als auch mit dem Bauch nach oben waagrecht h\u00e4ngend. Die Schlafpl\u00e4tze liegen teils bis zu zwei Meter \u00fcber dem Boden.<\/p>\n<h4>Aussehen &amp; Gr\u00f6\u00dfe:<\/h4>\n<p style=\"text-align: justify;\">Mit gerade einmal 9 cm Gesamtl\u00e4nge sind diese Cham\u00e4leons sehr klein, die Weibchen erreichen maximal 6,5 cm. Wie fast alle Erdcham\u00e4leons ist <em>Palleon nasus<\/em> beige bis braun gef\u00e4rbt und zeigt nur wenig Variation in der Farbgebung. Hin und wieder findet man Tiere mit einem dunklen Seitenstreifen. Der Dorsalkamm des M\u00e4nnchens ist wellig geformt, w\u00e4hrend der des Weibchens ziemlich glatt ist. Passend zum Namen verl\u00e4uft die Schnauze dieser Cham\u00e4leons l\u00e4nglich und spitz zu, und endet in zwei kleinen, nebeneinander liegenden Kegelschuppen auf der Nase. Diese beiden verl\u00e4ngerten Kegelschuppen auf der Nase sind \u00fcbrigens das einfachste Unterscheidungsmerkmal zu <em>Palleon lolontany<\/em>.\u00a0Die M\u00e4nnchen von <em>Palleon nasus<\/em> tragen eine doppelte Reihe von Tuberkeln auf dem R\u00fcckenkamm, die Weibchen nur eine einfache.<\/p>\n<h4>Besonderheiten:<\/h4>\n<p style=\"text-align: justify;\">2013 wurde die Art von Glaw, Hawlitschek und Ruthensteiner taxonomisch in den Genus <em>Palleon<\/em> gestellt. Bis dahin war <em>Palleon nasus<\/em> zu <em>Brookesia<\/em> gez\u00e4hlt worden. Die Untersuchungen legen nahe, dass es sich um ein Schwester-Genus von <em>Brookesia<\/em> handelt, das sich schon deutlich fr\u00fcher als gedacht entwickelt hat und m\u00f6glicherweise zu eine der &#8222;urspr\u00fcnglichsten&#8220; Arten z\u00e4hlt. <em>Palleon nasus<\/em> kann au\u00dferdem in zwei Unterarten geteilt werden, <em>Palleon nasus nasus<\/em> (Fotos) und <em>Palleon nasus pauliani<\/em>. Letztere Unterart soll auf das Andringitra-Gebirge beschr\u00e4nkt sein und sich \u00e4u\u00dferlich durch die fehlende Doppelreihe Tuberkel auf dem R\u00fcckenkamm und einer ungleichm\u00e4\u00dfigeren Beschuppung unterscheiden. Es ist aktuell unklar, ob die Unterart<em> pauliani<\/em> tats\u00e4chlich eine Unterart von <em>Palleon nasus<\/em> ist.<\/p>\n<p>&nbsp;<\/p>\n\t\t\t\t\t\t<style>\r\n\t\t\t\t\r\n\t\t\t\t\t#tab_container_5168 {\r\n\toverflow:hidden;\r\n\tdisplay:block;\r\n\twidth:100%;\r\n\tborder:0px solid #ddd;\r\n\tmargin-bottom:30px;\r\n\t}\r\n\r\n#tab_container_5168 .tab-content{\r\n\tpadding:20px;\r\n\tborder: 1px solid #e6e6e6 !important;\r\n\tmargin-top: 0px;\r\n\tbackground-color:#ffffff !important;\r\n\tcolor: #3e3e3e !important;\r\n\tfont-size:13px !important;\r\n\tfont-family: Open Sans !important;\r\n\t\r\n\t\tborder: 1px solid #e6e6e6 !important;\r\n\t}\r\n#tab_container_5168 .wpsm_nav-tabs {\r\n    border-bottom: 0px solid #ddd;\r\n}\r\n#tab_container_5168 .wpsm_nav-tabs > li.active > a, #tab_container_5168 .wpsm_nav-tabs > li.active > a:hover, #tab_container_5168 .wpsm_nav-tabs > li.active > a:focus {\r\n\tcolor: #3e3e3e !important;\r\n\tcursor: default;\r\n\tbackground-color: #ffffff !important;\r\n\tborder: 1px solid #e6e6e6 !important;\r\n}\r\n\r\n#tab_container_5168 .wpsm_nav-tabs > li > a {\r\n    margin-right: 0px !important; \r\n    line-height: 1.42857143 !important;\r\n    border: 1px solid #d5d5d5 !important;\r\n    border-radius: 0px 0px 0 0 !important; \r\n\tbackground-color: #e8e8e8 !important;\r\n\tcolor: #3e3e3e !important;\r\n\tpadding: 15px 18px 15px 18px !important;\r\n\ttext-decoration: none !important;\r\n\tfont-size: 13px !important;\r\n\ttext-align:center !important;\r\n\tfont-family: Open Sans !important;\r\n}\r\n#tab_container_5168 .wpsm_nav-tabs > li > a:focus {\r\noutline: 0px !important;\r\n}\r\n\r\n#tab_container_5168 .wpsm_nav-tabs > li > a:before {\r\n\tdisplay:none !important;\r\n}\r\n#tab_container_5168 .wpsm_nav-tabs > li > a:after {\r\n\tdisplay:none !important ;\r\n}\r\n#tab_container_5168 .wpsm_nav-tabs > li{\r\npadding:0px !important ;\r\nmargin:0px;\r\n}\r\n\r\n#tab_container_5168 .wpsm_nav-tabs > li > a:hover , #tab_container_5168 .wpsm_nav-tabs > li > a:focus {\r\n    color: #3e3e3e !important;\r\n    background-color: #e8e8e8 !important;\r\n\tborder: 1px solid #d5d5d5 !important;\r\n\t\r\n}\r\n#tab_container_5168 .wpsm_nav-tabs > li > a .fa{\r\n\r\nmargin-right:5px !important;\r\n\r\nmargin-left:5px !important;\r\n\r\n\r\n}\r\n\r\n\t\t#tab_container_5168 .wpsm_nav-tabs a{\r\n\t\t\tbackground-image: none;\r\n\t\t\tbackground-position: 0 0;\r\n\t\t\tbackground-repeat: repeat-x;\r\n\t\t}\r\n\t\t\t\r\n\r\n\r\n#tab_container_5168 .wpsm_nav-tabs > li {\r\n    float: left;\r\n    margin-bottom: -1px !important;\r\n\tmargin-right:0px !important; \r\n}\r\n\r\n\r\n#tab_container_5168 .tab-content{\r\noverflow:hidden !important;\r\n}\r\n\r\n\r\n@media (min-width: 769px) {\r\n\r\n\t#tab_container_5168 .wpsm_nav-tabs > li{\r\n\t\tfloat:left !important ;\r\n\t\t\t\tmargin-right:-1px !important;\r\n\t\t\t\t\t}\r\n\t#tab_container_5168 .wpsm_nav-tabs{\r\n\t\tfloat:none !important;\r\n\t\tmargin:0px !important;\r\n\t}\r\n\r\n\t#tab_container_5168 .wpsm_nav-tabs > li {\r\n\t\t\t\t\r\n\t}\r\n\t#tab_container_5168 .wpsm_nav{\r\n\t\t\t}\r\n\r\n}\r\n\r\n\r\n\r\n@media (max-width: 768px) {\r\n\t#tab_container_5168 .wpsm_nav-tabs > li {\r\n\t\t\t\t\r\n\t}\r\n\t#tab_container_5168 .wpsm_nav{\r\n\t\t\t}\r\n}\r\n\r\n\r\n\t.wpsm_nav-tabs li:before{\r\n\t\tdisplay:none !important;\r\n\t}\r\n\r\n\t@media (max-width: 768px) {\r\n\t\t\t\t\r\n\t\t\t\t.wpsm_nav-tabs{\r\n\t\t\tmargin-left:0px !important;\r\n\t\t\tmargin-right:0px !important; \r\n\t\t\t\r\n\t\t}\r\n\t\t\t\t#tab_container_5168 .wpsm_nav-tabs > li{\r\n\t\t\tfloat:none !important;\r\n\t\t}\r\n\t\t\t\r\n\t}\t\t\t\t<\/style>\r\n\t\t\t\t<div id=\"tab_container_5168\" >\r\n\t \r\n\t\t\t\t\t<ul class=\"wpsm_nav wpsm_nav-tabs\" role=\"tablist\" id=\"myTab_5168\">\r\n\t\t\t\t\t\t\t\r\n\t\t\t\t\t\t\t<li role=\"presentation\"  class=\"active\"  onclick=\"do_resize()\">\r\n\t\t\t\t\t\t\t\t<a href=\"#tabs_desc_5168_1\" aria-controls=\"tabs_desc_5168_1\" role=\"tab\" data-toggle=\"tab\">\r\n\t\t\t\t\t\t\t\t\t\r\n\t\t\t\t\t\t\t\t\t\t\t\t\t\t\t\t\t\t\t\t\t\t\t\t\t\t\t\t\t\t\t<i class=\"fa fa-calendar\"><\/i> \t\t\t\t\t\t\t\t\t\t\t\t\t\t\t\t\t\t\t\r\n\t\t\t\t\t\t\t\t\t\t\t\t\t\t\t\t\t\t\r\n\t\t\t\t\t\t\t\t\t<span>Klimatabelle<\/span>\r\n\t\t\t\t\t\t\t\t\t\r\n\t\t\t\t\t\t\t\t\t\t\t\t\t\t\t\t\t\t\r\n\t\t\t\t\t\t\t\t\t\t\t\t\t\t\t\t\t\t\t\t\r\n\t\t\t\t\t\t\t\t\t\r\n\t\t\t\t\t\t\t\t<\/a>\r\n\t\t\t\t\t\t\t<\/li>\r\n\t\t\t\t\t\t\t\r\n\t\t\t\t\t\t\t<li role=\"presentation\"  onclick=\"do_resize()\">\r\n\t\t\t\t\t\t\t\t<a href=\"#tabs_desc_5168_2\" aria-controls=\"tabs_desc_5168_2\" role=\"tab\" data-toggle=\"tab\">\r\n\t\t\t\t\t\t\t\t\t\r\n\t\t\t\t\t\t\t\t\t\t\t\t\t\t\t\t\t\t\t\t\t\t\t\t\t\t\t\t\t\t\t<i class=\"fa fa-cloud\"><\/i> \t\t\t\t\t\t\t\t\t\t\t\t\t\t\t\t\t\t\t\r\n\t\t\t\t\t\t\t\t\t\t\t\t\t\t\t\t\t\t\r\n\t\t\t\t\t\t\t\t\t<span>Mehr zum Klima<\/span>\r\n\t\t\t\t\t\t\t\t\t\r\n\t\t\t\t\t\t\t\t\t\t\t\t\t\t\t\t\t\t\r\n\t\t\t\t\t\t\t\t\t\t\t\t\t\t\t\t\t\t\t\t\r\n\t\t\t\t\t\t\t\t\t\r\n\t\t\t\t\t\t\t\t<\/a>\r\n\t\t\t\t\t\t\t<\/li>\r\n\t\t\t\t\t\t\t\r\n\t\t\t\t\t\t\t<li role=\"presentation\"  onclick=\"do_resize()\">\r\n\t\t\t\t\t\t\t\t<a href=\"#tabs_desc_5168_3\" aria-controls=\"tabs_desc_5168_3\" role=\"tab\" data-toggle=\"tab\">\r\n\t\t\t\t\t\t\t\t\t\r\n\t\t\t\t\t\t\t\t\t\t\t\t\t\t\t\t\t\t\t\t\t\t\t\t\t\t\t\t\t\t\t<i class=\"fa fa-sun-o\"><\/i> \t\t\t\t\t\t\t\t\t\t\t\t\t\t\t\t\t\t\t\r\n\t\t\t\t\t\t\t\t\t\t\t\t\t\t\t\t\t\t\r\n\t\t\t\t\t\t\t\t\t<span>UVB-Indizes<\/span>\r\n\t\t\t\t\t\t\t\t\t\r\n\t\t\t\t\t\t\t\t\t\t\t\t\t\t\t\t\t\t\r\n\t\t\t\t\t\t\t\t\t\t\t\t\t\t\t\t\t\t\t\t\r\n\t\t\t\t\t\t\t\t\t\r\n\t\t\t\t\t\t\t\t<\/a>\r\n\t\t\t\t\t\t\t<\/li>\r\n\t\t\t\t\t\t\t\r\n\t\t\t\t\t\t\t<li role=\"presentation\"  onclick=\"do_resize()\">\r\n\t\t\t\t\t\t\t\t<a href=\"#tabs_desc_5168_4\" aria-controls=\"tabs_desc_5168_4\" role=\"tab\" data-toggle=\"tab\">\r\n\t\t\t\t\t\t\t\t\t\r\n\t\t\t\t\t\t\t\t\t\t\t\t\t\t\t\t\t\t\t\t\t\t\t\t\t\t\t\t\t\t\t<i class=\"fa fa-pagelines\"><\/i> \t\t\t\t\t\t\t\t\t\t\t\t\t\t\t\t\t\t\t\r\n\t\t\t\t\t\t\t\t\t\t\t\t\t\t\t\t\t\t\r\n\t\t\t\t\t\t\t\t\t<span>Bodentemperaturen<\/span>\r\n\t\t\t\t\t\t\t\t\t\r\n\t\t\t\t\t\t\t\t\t\t\t\t\t\t\t\t\t\t\r\n\t\t\t\t\t\t\t\t\t\t\t\t\t\t\t\t\t\t\t\t\r\n\t\t\t\t\t\t\t\t\t\r\n\t\t\t\t\t\t\t\t<\/a>\r\n\t\t\t\t\t\t\t<\/li>\r\n\t\t\t\t\t\t\t\t\t\t\t <\/ul>\r\n\r\n\t\t\t\t\t  <!-- Tab panes -->\r\n\t\t\t\t\t  <div class=\"tab-content\" id=\"tab-content_5168\">\r\n\t\t\t\t\t\t\t\t\t\t\t\t <div role=\"tabpanel\" class=\"tab-pane  in active \" id=\"tabs_desc_5168_1\">\r\n\t\t\t\t\t\t\t\t<table style=\"height: 186px;\" width=\"990\">\r\n<tbody>\r\n<tr>\r\n<td><\/td>\r\n<td>Jan<\/td>\r\n<td>Feb<\/td>\r\n<td>M\u00e4r<\/td>\r\n<td>Apr<\/td>\r\n<td>Mai<\/td>\r\n<td>Jun<\/td>\r\n<td>Jul<\/td>\r\n<td>Aug<\/td>\r\n<td>Sep<\/td>\r\n<td>Okt<\/td>\r\n<td>Nov<\/td>\r\n<td>Dez<\/td>\r\n<\/tr>\r\n<tr>\r\n<td>Durchschnittl.\r\nTemperatur<\/td>\r\n<td>23<\/td>\r\n<td>24<\/td>\r\n<td>23<\/td>\r\n<td>23<\/td>\r\n<td>21<\/td>\r\n<td>19<\/td>\r\n<td>19<\/td>\r\n<td>19<\/td>\r\n<td>20<\/td>\r\n<td>21<\/td>\r\n<td>22<\/td>\r\n<td>23<\/td>\r\n<\/tr>\r\n<tr>\r\n<td>Minimale\r\nTemperatur<\/td>\r\n<td>20<\/td>\r\n<td>20<\/td>\r\n<td>20<\/td>\r\n<td>19<\/td>\r\n<td>18<\/td>\r\n<td>15<\/td>\r\n<td>15<\/td>\r\n<td>15<\/td>\r\n<td>15<\/td>\r\n<td>16<\/td>\r\n<td>18<\/td>\r\n<td>19<\/td>\r\n<\/tr>\r\n<tr>\r\n<td>Maximale\r\nTemperatur<\/td>\r\n<td>27<\/td>\r\n<td>27<\/td>\r\n<td>27<\/td>\r\n<td>27<\/td>\r\n<td>25<\/td>\r\n<td>23<\/td>\r\n<td>23<\/td>\r\n<td>23<\/td>\r\n<td>24<\/td>\r\n<td>25<\/td>\r\n<td>26<\/td>\r\n<td>27<\/td>\r\n<\/tr>\r\n<tr>\r\n<td>Regentage<\/td>\r\n<td>27<\/td>\r\n<td>24<\/td>\r\n<td>26<\/td>\r\n<td>19<\/td>\r\n<td>17<\/td>\r\n<td>18<\/td>\r\n<td>21<\/td>\r\n<td>20<\/td>\r\n<td>15<\/td>\r\n<td>16<\/td>\r\n<td>20<\/td>\r\n<td>25<\/td>\r\n<\/tr>\r\n<\/tbody>\r\n<\/table>\r\n<p style=\"text-align: justify;\">Die angegebenen Daten wurden von uns innerhalb mehrerer Jahre mit Thermo- und Hygrometern direkt an den Fundorten der Tiere gemessen und zusammengetragen. \"Durchschnittliche Temperatur\" bedeutet, dass die Werte eines gesamten Monats zu einem Durchschnittswert berechnet wurden, z.B. wurden alle gemessenen Minimalwerte eines Monats zu einem durchschnittlichen Minimalwert f\u00fcr Februar berechnet. Das bedeutet im Klartext, dass einzelne Spitzenwerte eines Tages deutlich h\u00f6her oder niedriger als die durchschnittlichen Minimal- und Maximalwerte liegen k\u00f6nnen. Es ist also m\u00f6glich, dass zwar das durchschnittliche Maximum bei 29 Grad liegt, es aber an einigen Tagen des Monats 33\u00b0C oder gar 35\u00b0C warm war.<\/p>\t\t\t\t\t\t <\/div>\r\n\t\t\t\t\t\t\t\t\t\t\t\t <div role=\"tabpanel\" class=\"tab-pane \" id=\"tabs_desc_5168_2\">\r\n\t\t\t\t\t\t\t\t<p style=\"text-align: justify;\">Der Regenwald von Ranomafana liegt im s\u00fcdlichen Hochland Madagaskars auf H\u00f6hen um die 1000 m \u00fcber Meeresniveau. Damit ist das Klima hier grunds\u00e4tzlich k\u00fchler als z.B. an der K\u00fcste oder im S\u00fcdwesten der Insel. Tags\u00fcber wird es um die 25\u00b0C warm, w\u00e4hrend der Regenzeit auch w\u00e4rmer. Sonnige Stellen erreichen auch mal knapp \u00fcber 30\u00b0C. Nachts sinken die Temperaturen herunter bis auf 20\u00b0C in der Regenzeit und bis auf 15\u00b0C in der Trockenzeit.\r\n<\/p>\r\n<p style=\"text-align: justify;\">Trockenzeit ist in Ranomafana allerdings sehr relativ, denn wirklich trocken wird es hier nie. Es regnet zwar etwas weniger und nicht tagelang am St\u00fcck, aber trotzdem noch ergiebig genug, dass Erdboden und B\u00e4ume nie v\u00f6llig abtrocknen. Eine hohe Luftfeuchtigkeit und k\u00fchle N\u00e4chte sind die Schl\u00fcsselfaktoren in Ranomafana.<\/p>\t\t\t\t\t\t <\/div>\r\n\t\t\t\t\t\t\t\t\t\t\t\t <div role=\"tabpanel\" class=\"tab-pane \" id=\"tabs_desc_5168_3\">\r\n\t\t\t\t\t\t\t\t<img loading=\"lazy\" decoding=\"async\" class=\"aligncenter wp-image-4189 size-full\" src=\"https:\/\/www.madcham.de\/wp-content\/uploads\/2015\/05\/2016_uvi_ranomafana.jpg\" alt=\"2016 UVI Ranomafana\" width=\"657\" height=\"437\" \/>\r\n<img loading=\"lazy\" decoding=\"async\" class=\"aligncenter wp-image-4189 size-full\" src=\"https:\/\/www.madcham.de\/wp-content\/uploads\/2014\/09\/uvi_ranomafana15.jpg\" alt=\"2015 UVI Ranomafana\" width=\"657\" height=\"437\" \/>\r\n\r\n<p style=\"text-align: justify;\">Die UVB-Daten wurden mit einem Solarmeter 6.5 im Fr\u00fchjahr (M\u00e4rz) zur h\u00f6chsten Aktivit\u00e4tszeit der Cham\u00e4leons gemessen. Gemessen wurden jeweils maximal f\u00fcr das Cham\u00e4leon zu erreichende Werte im Habitat.<\/p>\t\t\t\t\t\t <\/div>\r\n\t\t\t\t\t\t\t\t\t\t\t\t <div role=\"tabpanel\" class=\"tab-pane \" id=\"tabs_desc_5168_4\">\r\n\t\t\t\t\t\t\t\tLeider sind noch keine Bodentemperaturen f\u00fcr Ranomafana verf\u00fcgbar.\t\t\t\t\t\t <\/div>\r\n\t\t\t\t\t\t\t\r\n\t\t\t\t\t <\/div>\r\n\t\t\t\t\t \r\n\t\t\t\t <\/div>\r\n <script>\r\n\t\tjQuery(function () {\r\n\t\t\tjQuery('#myTab_5168 a:first').tab('show')\r\n\t\t});\r\n\t\t\r\n\t\t\t\tjQuery(function(){\r\n\t\t\tvar b=\"fadeIn\";\r\n\t\t\tvar c;\r\n\t\t\tvar a;\r\n\t\t\td(jQuery(\"#myTab_5168 a\"),jQuery(\"#tab-content_5168\"));function d(e,f,g){\r\n\t\t\t\te.click(function(i){\r\n\t\t\t\t\ti.preventDefault();\r\n\t\t\t\t\tjQuery(this).tab(\"show\");\r\n\t\t\t\t\tvar h=jQuery(this).data(\"easein\");\r\n\t\t\t\t\tif(c){c.removeClass(a);}\r\n\t\t\t\t\tif(h){f.find(\"div.active\").addClass(\"animated \"+h);a=h;}\r\n\t\t\t\t\telse{if(g){f.find(\"div.active\").addClass(\"animated \"+g);a=g;}else{f.find(\"div.active\").addClass(\"animated \"+b);a=b;}}c=f.find(\"div.active\");\r\n\t\t\t\t});\r\n\t\t\t}\r\n\t\t});\r\n\t\t\r\n\r\n\t\tfunction do_resize(){\r\n\r\n\t\t\tvar width=jQuery( '.tab-content .tab-pane iframe' ).width();\r\n\t\t\tvar height=jQuery( '.tab-content .tab-pane iframe' ).height();\r\n\r\n\t\t\tvar toggleSize = true;\r\n\t\t\tjQuery('iframe').animate({\r\n\t\t\t    width: toggleSize ? width : 640,\r\n\t\t\t    height: toggleSize ? height : 360\r\n\t\t\t  }, 250);\r\n\r\n\t\t\t  toggleSize = !toggleSize;\r\n\t\t}\r\n\r\n\r\n\t<\/script>\r\n\t\t\t\t\r\n\t\t\t\n<h4>Habitat:<\/h4>\n<p style=\"text-align: justify;\">Der Lebensraum dieser Art ist dauerfeucht und dauergr\u00fcn. Sie leben in niedrigen Geb\u00fcschen und Str\u00e4uchern, und sind tags\u00fcber viel auf dem Boden unterwegs. Der Boden in Ranomafana besteht aus Erde und extrem mit Moos bedeckten Felsen. Das Unterholz ist enorm dicht mit vielen kleinen \u00c4stchen, Farnen, kleinen Schlingpflanzen und \u00e4hnlichem. Selbst das Unterholz ist mit Epiphyten und Flechten bewachsen. Die Art bevorzugt nur bestimmte Stellen im Wald, die \u00fcber kniehohes Gras und dichte, farnbehangene H\u00e4nge verf\u00fcgen.<\/p>\n<div id='gallery-1' class='gallery galleryid-5168 gallery-columns-2 gallery-size-habitat_thumb'><figure class='gallery-item'>\n\t\t\t<div class='gallery-icon landscape'>\n\t\t\t\t<a href='https:\/\/www.madcham.de\/wp-content\/uploads\/2015\/04\/Ranomafana-Habitat-Brookesia.jpg'><img loading=\"lazy\" decoding=\"async\" width=\"650\" height=\"250\" src=\"https:\/\/www.madcham.de\/wp-content\/uploads\/2015\/04\/Ranomafana-Habitat-Brookesia.jpg\" class=\"attachment-habitat_thumb size-habitat_thumb\" alt=\"\" aria-describedby=\"gallery-1-2597\" srcset=\"https:\/\/www.madcham.de\/wp-content\/uploads\/2015\/04\/Ranomafana-Habitat-Brookesia.jpg 650w, https:\/\/www.madcham.de\/wp-content\/uploads\/2015\/04\/Ranomafana-Habitat-Brookesia-300x115.jpg 300w, https:\/\/www.madcham.de\/wp-content\/uploads\/2015\/04\/Ranomafana-Habitat-Brookesia-420x162.jpg 420w, https:\/\/www.madcham.de\/wp-content\/uploads\/2015\/04\/Ranomafana-Habitat-Brookesia-81x31.jpg 81w\" sizes=\"(max-width: 650px) 100vw, 650px\" \/><\/a>\n\t\t\t<\/div>\n\t\t\t\t<figcaption class='wp-caption-text gallery-caption' id='gallery-1-2597'>\n\t\t\t\tIm Regenwald von Ranomafana\n\t\t\t\t<\/figcaption><\/figure><figure class='gallery-item'>\n\t\t\t<div class='gallery-icon landscape'>\n\t\t\t\t<a href='https:\/\/www.madcham.de\/wp-content\/uploads\/2015\/04\/Habitat-Ranomafana-Palleon-nasus-2-e1525183729529.jpg'><img loading=\"lazy\" decoding=\"async\" width=\"650\" height=\"250\" src=\"https:\/\/www.madcham.de\/wp-content\/uploads\/2015\/04\/Habitat-Ranomafana-Palleon-nasus-2-e1525183729529-650x250.jpg\" class=\"attachment-habitat_thumb size-habitat_thumb\" alt=\"\" aria-describedby=\"gallery-1-4581\" \/><\/a>\n\t\t\t<\/div>\n\t\t\t\t<figcaption class='wp-caption-text gallery-caption' id='gallery-1-4581'>\n\t\t\t\tRegenwald von Ranomafana\n\t\t\t\t<\/figcaption><\/figure><figure class='gallery-item'>\n\t\t\t<div class='gallery-icon landscape'>\n\t\t\t\t<a href='https:\/\/www.madcham.de\/wp-content\/uploads\/2015\/04\/Habitat-Ranomafana-Palleon-nasus-e1525183601305.jpg'><img loading=\"lazy\" decoding=\"async\" width=\"650\" height=\"250\" src=\"https:\/\/www.madcham.de\/wp-content\/uploads\/2015\/04\/Habitat-Ranomafana-Palleon-nasus-e1525183601305-650x250.jpg\" class=\"attachment-habitat_thumb size-habitat_thumb\" alt=\"\" aria-describedby=\"gallery-1-4582\" \/><\/a>\n\t\t\t<\/div>\n\t\t\t\t<figcaption class='wp-caption-text gallery-caption' id='gallery-1-4582'>\n\t\t\t\tRegenwald von Ranomafana\n\t\t\t\t<\/figcaption><\/figure><figure class='gallery-item'>\n\t\t\t<div class='gallery-icon landscape'>\n\t\t\t\t<a href='https:\/\/www.madcham.de\/wp-content\/uploads\/2014\/09\/Habitat-Ranomafana.jpg'><img loading=\"lazy\" decoding=\"async\" width=\"650\" height=\"250\" src=\"https:\/\/www.madcham.de\/wp-content\/uploads\/2014\/09\/Habitat-Ranomafana.jpg\" class=\"attachment-habitat_thumb size-habitat_thumb\" alt=\"\" aria-describedby=\"gallery-1-1558\" srcset=\"https:\/\/www.madcham.de\/wp-content\/uploads\/2014\/09\/Habitat-Ranomafana.jpg 650w, https:\/\/www.madcham.de\/wp-content\/uploads\/2014\/09\/Habitat-Ranomafana-300x115.jpg 300w\" sizes=\"(max-width: 650px) 100vw, 650px\" \/><\/a>\n\t\t\t<\/div>\n\t\t\t\t<figcaption class='wp-caption-text gallery-caption' id='gallery-1-1558'>\n\t\t\t\tRegenwald und Sekund\u00e4rvegetation\n\t\t\t\t<\/figcaption><\/figure><figure class='gallery-item'>\n\t\t\t<div class='gallery-icon landscape'>\n\t\t\t\t<a href='https:\/\/www.madcham.de\/wp-content\/uploads\/2020\/02\/Ranomafana-Maerz-2017-1-scaled.jpg'><img loading=\"lazy\" decoding=\"async\" width=\"650\" height=\"250\" src=\"https:\/\/www.madcham.de\/wp-content\/uploads\/2020\/02\/Ranomafana-Maerz-2017-1-650x250.jpg\" class=\"attachment-habitat_thumb size-habitat_thumb\" alt=\"\" aria-describedby=\"gallery-1-14443\" \/><\/a>\n\t\t\t<\/div>\n\t\t\t\t<figcaption class='wp-caption-text gallery-caption' id='gallery-1-14443'>\n\t\t\t\tRegenwald von Ranomafana\n\t\t\t\t<\/figcaption><\/figure><figure class='gallery-item'>\n\t\t\t<div class='gallery-icon landscape'>\n\t\t\t\t<a href='https:\/\/www.madcham.de\/wp-content\/uploads\/2020\/02\/Habitat-Calumma-tjiasmantoi-in-Ranomafana-2018-2.jpg'><img loading=\"lazy\" decoding=\"async\" width=\"650\" height=\"250\" src=\"https:\/\/www.madcham.de\/wp-content\/uploads\/2020\/02\/Habitat-Calumma-tjiasmantoi-in-Ranomafana-2018-2-650x250.jpg\" class=\"attachment-habitat_thumb size-habitat_thumb\" alt=\"\" aria-describedby=\"gallery-1-8537\" \/><\/a>\n\t\t\t<\/div>\n\t\t\t\t<figcaption class='wp-caption-text gallery-caption' id='gallery-1-8537'>\n\t\t\t\tFundort im Regenwald von Ranomafana\n\t\t\t\t<\/figcaption><\/figure><figure class='gallery-item'>\n\t\t\t<div class='gallery-icon landscape'>\n\t\t\t\t<a href='https:\/\/www.madcham.de\/wp-content\/uploads\/2014\/09\/Habitat-Ranomafana-Fundort-Furcifer-balteatus-e1525185248680.jpg'><img loading=\"lazy\" decoding=\"async\" width=\"650\" height=\"250\" src=\"https:\/\/www.madcham.de\/wp-content\/uploads\/2014\/09\/Habitat-Ranomafana-Fundort-Furcifer-balteatus-e1525185248680-650x250.jpg\" class=\"attachment-habitat_thumb size-habitat_thumb\" alt=\"\" aria-describedby=\"gallery-1-4291\" \/><\/a>\n\t\t\t<\/div>\n\t\t\t\t<figcaption class='wp-caption-text gallery-caption' id='gallery-1-4291'>\n\t\t\t\tRegenwald von Ranomafana\n\t\t\t\t<\/figcaption><\/figure><figure class='gallery-item'>\n\t\t\t<div class='gallery-icon landscape'>\n\t\t\t\t<a href='https:\/\/www.madcham.de\/wp-content\/uploads\/2014\/09\/Habitat-Ranomafana-Furcifer-balteatus-und-Calumma-oshaughnessyi-2-e1525185130730.jpg'><img loading=\"lazy\" decoding=\"async\" width=\"650\" height=\"250\" src=\"https:\/\/www.madcham.de\/wp-content\/uploads\/2014\/09\/Habitat-Ranomafana-Furcifer-balteatus-und-Calumma-oshaughnessyi-2-e1525185130730-650x250.jpg\" class=\"attachment-habitat_thumb size-habitat_thumb\" alt=\"\" aria-describedby=\"gallery-1-4292\" \/><\/a>\n\t\t\t<\/div>\n\t\t\t\t<figcaption class='wp-caption-text gallery-caption' id='gallery-1-4292'>\n\t\t\t\tRegenwald von Ranomafana\n\t\t\t\t<\/figcaption><\/figure><figure class='gallery-item'>\n\t\t\t<div class='gallery-icon landscape'>\n\t\t\t\t<a href='https:\/\/www.madcham.de\/wp-content\/uploads\/2014\/09\/Habitat-Ranomafana-Furcifer-balteatus-und-Calumma-oshaughnessyi-e1525184939699.jpg'><img loading=\"lazy\" decoding=\"async\" width=\"650\" height=\"250\" src=\"https:\/\/www.madcham.de\/wp-content\/uploads\/2014\/09\/Habitat-Ranomafana-Furcifer-balteatus-und-Calumma-oshaughnessyi-e1525184939699-650x250.jpg\" class=\"attachment-habitat_thumb size-habitat_thumb\" alt=\"\" aria-describedby=\"gallery-1-4293\" \/><\/a>\n\t\t\t<\/div>\n\t\t\t\t<figcaption class='wp-caption-text gallery-caption' id='gallery-1-4293'>\n\t\t\t\tRegenwald von Ranomafana\n\t\t\t\t<\/figcaption><\/figure><figure class='gallery-item'>\n\t\t\t<div class='gallery-icon landscape'>\n\t\t\t\t<a href='https:\/\/www.madcham.de\/wp-content\/uploads\/2015\/04\/Ranomafana-Habitat-yellow-lip-balteatus-2.jpg'><img loading=\"lazy\" decoding=\"async\" width=\"650\" height=\"250\" src=\"https:\/\/www.madcham.de\/wp-content\/uploads\/2015\/04\/Ranomafana-Habitat-yellow-lip-balteatus-2.jpg\" class=\"attachment-habitat_thumb size-habitat_thumb\" alt=\"\" aria-describedby=\"gallery-1-2544\" srcset=\"https:\/\/www.madcham.de\/wp-content\/uploads\/2015\/04\/Ranomafana-Habitat-yellow-lip-balteatus-2.jpg 650w, https:\/\/www.madcham.de\/wp-content\/uploads\/2015\/04\/Ranomafana-Habitat-yellow-lip-balteatus-2-300x115.jpg 300w, https:\/\/www.madcham.de\/wp-content\/uploads\/2015\/04\/Ranomafana-Habitat-yellow-lip-balteatus-2-420x162.jpg 420w, https:\/\/www.madcham.de\/wp-content\/uploads\/2015\/04\/Ranomafana-Habitat-yellow-lip-balteatus-2-81x31.jpg 81w\" sizes=\"(max-width: 650px) 100vw, 650px\" \/><\/a>\n\t\t\t<\/div>\n\t\t\t\t<figcaption class='wp-caption-text gallery-caption' id='gallery-1-2544'>\n\t\t\t\tSekund\u00e4rvegetation am Rande des Regenwaldes\n\t\t\t\t<\/figcaption><\/figure>\n\t\t<\/div>\n\n<p style=\"text-align: justify;\">Im Folgenden findest du einige 360\u00b0-Bilder aus dem Regenwald von Ranomafana, die wir w\u00e4hrend der Regenzeit aufgenommen haben. Wenn man auf die jeweilige Aufnahme klickt, \u00f6ffnen sich die Bilder in vergr\u00f6\u00dferter Ansicht in einem eigenen Fenster. Mit der Maus kann man sich darin in alle Richtungen drehen. Dort besteht auch die M\u00f6glichkeit, die Bilder im Vollbildmodus auszuf\u00fchren. Viel Spa\u00df beim Anschauen!<\/p>\n<p><a href=\"https:\/\/app2.ricoh360.com\/viewer\/af93561f-ba2e-4d23-b011-9e4e8aeb3d2b\" target=\"_blank\" rel=\"noopener\"><img loading=\"lazy\" decoding=\"async\" class=\"aligncenter wp-image-14461 size-large\" src=\"https:\/\/www.madcham.de\/wp-content\/uploads\/2020\/02\/Ranomafana-Maerz-2017-20-1024x576.jpg\" alt=\"\" width=\"1024\" height=\"576\" srcset=\"https:\/\/www.madcham.de\/wp-content\/uploads\/2020\/02\/Ranomafana-Maerz-2017-20-1024x576.jpg 1024w, https:\/\/www.madcham.de\/wp-content\/uploads\/2020\/02\/Ranomafana-Maerz-2017-20-300x169.jpg 300w, https:\/\/www.madcham.de\/wp-content\/uploads\/2020\/02\/Ranomafana-Maerz-2017-20-768x432.jpg 768w, https:\/\/www.madcham.de\/wp-content\/uploads\/2020\/02\/Ranomafana-Maerz-2017-20-1536x864.jpg 1536w, https:\/\/www.madcham.de\/wp-content\/uploads\/2020\/02\/Ranomafana-Maerz-2017-20-2048x1152.jpg 2048w, https:\/\/www.madcham.de\/wp-content\/uploads\/2020\/02\/Ranomafana-Maerz-2017-20-1200x675.jpg 1200w, https:\/\/www.madcham.de\/wp-content\/uploads\/2020\/02\/Ranomafana-Maerz-2017-20-420x236.jpg 420w, https:\/\/www.madcham.de\/wp-content\/uploads\/2020\/02\/Ranomafana-Maerz-2017-20-81x46.jpg 81w, https:\/\/www.madcham.de\/wp-content\/uploads\/2020\/02\/Ranomafana-Maerz-2017-20-200x112.jpg 200w\" sizes=\"(max-width: 1024px) 100vw, 1024px\" \/><\/a><a href=\"https:\/\/app2.ricoh360.com\/viewer\/2dc44fed-50ca-47ef-828e-501a8299d4c2%20\" target=\"_blank\" rel=\"noopener\"><img loading=\"lazy\" decoding=\"async\" class=\"aligncenter wp-image-14459 size-large\" src=\"https:\/\/www.madcham.de\/wp-content\/uploads\/2020\/02\/Ranomafana-Maerz-2017-18-1024x576.jpg\" alt=\"\" width=\"1024\" height=\"576\" srcset=\"https:\/\/www.madcham.de\/wp-content\/uploads\/2020\/02\/Ranomafana-Maerz-2017-18-1024x576.jpg 1024w, https:\/\/www.madcham.de\/wp-content\/uploads\/2020\/02\/Ranomafana-Maerz-2017-18-300x169.jpg 300w, https:\/\/www.madcham.de\/wp-content\/uploads\/2020\/02\/Ranomafana-Maerz-2017-18-768x432.jpg 768w, https:\/\/www.madcham.de\/wp-content\/uploads\/2020\/02\/Ranomafana-Maerz-2017-18-1536x864.jpg 1536w, https:\/\/www.madcham.de\/wp-content\/uploads\/2020\/02\/Ranomafana-Maerz-2017-18-2048x1152.jpg 2048w, https:\/\/www.madcham.de\/wp-content\/uploads\/2020\/02\/Ranomafana-Maerz-2017-18-1200x675.jpg 1200w, https:\/\/www.madcham.de\/wp-content\/uploads\/2020\/02\/Ranomafana-Maerz-2017-18-420x236.jpg 420w, https:\/\/www.madcham.de\/wp-content\/uploads\/2020\/02\/Ranomafana-Maerz-2017-18-81x46.jpg 81w, https:\/\/www.madcham.de\/wp-content\/uploads\/2020\/02\/Ranomafana-Maerz-2017-18-200x112.jpg 200w\" sizes=\"(max-width: 1024px) 100vw, 1024px\" \/><\/a><a href=\"https:\/\/app2.ricoh360.com\/viewer\/581d37de-b041-43ca-b65d-bf95395bd9f5\" target=\"_blank\" rel=\"noopener\"><img loading=\"lazy\" decoding=\"async\" class=\"aligncenter wp-image-14458 size-large\" src=\"https:\/\/www.madcham.de\/wp-content\/uploads\/2020\/02\/Ranomafana-Maerz-2017-17-1024x576.jpg\" alt=\"\" width=\"1024\" height=\"576\" srcset=\"https:\/\/www.madcham.de\/wp-content\/uploads\/2020\/02\/Ranomafana-Maerz-2017-17-1024x576.jpg 1024w, https:\/\/www.madcham.de\/wp-content\/uploads\/2020\/02\/Ranomafana-Maerz-2017-17-300x169.jpg 300w, https:\/\/www.madcham.de\/wp-content\/uploads\/2020\/02\/Ranomafana-Maerz-2017-17-768x432.jpg 768w, https:\/\/www.madcham.de\/wp-content\/uploads\/2020\/02\/Ranomafana-Maerz-2017-17-1536x864.jpg 1536w, https:\/\/www.madcham.de\/wp-content\/uploads\/2020\/02\/Ranomafana-Maerz-2017-17-2048x1152.jpg 2048w, https:\/\/www.madcham.de\/wp-content\/uploads\/2020\/02\/Ranomafana-Maerz-2017-17-1200x675.jpg 1200w, https:\/\/www.madcham.de\/wp-content\/uploads\/2020\/02\/Ranomafana-Maerz-2017-17-420x236.jpg 420w, https:\/\/www.madcham.de\/wp-content\/uploads\/2020\/02\/Ranomafana-Maerz-2017-17-81x46.jpg 81w, https:\/\/www.madcham.de\/wp-content\/uploads\/2020\/02\/Ranomafana-Maerz-2017-17-200x112.jpg 200w\" sizes=\"(max-width: 1024px) 100vw, 1024px\" \/><\/a><a href=\"https:\/\/app2.ricoh360.com\/viewer\/80548fec-c0d0-46c3-9a92-c2447f1043b8\" target=\"_blank\" rel=\"noopener\"><img loading=\"lazy\" decoding=\"async\" class=\"aligncenter wp-image-14456 size-large\" src=\"https:\/\/www.madcham.de\/wp-content\/uploads\/2020\/02\/Ranomafana-Maerz-2017-15-1024x576.jpg\" alt=\"\" width=\"1024\" height=\"576\" srcset=\"https:\/\/www.madcham.de\/wp-content\/uploads\/2020\/02\/Ranomafana-Maerz-2017-15-1024x576.jpg 1024w, https:\/\/www.madcham.de\/wp-content\/uploads\/2020\/02\/Ranomafana-Maerz-2017-15-300x169.jpg 300w, https:\/\/www.madcham.de\/wp-content\/uploads\/2020\/02\/Ranomafana-Maerz-2017-15-768x432.jpg 768w, https:\/\/www.madcham.de\/wp-content\/uploads\/2020\/02\/Ranomafana-Maerz-2017-15-1536x864.jpg 1536w, https:\/\/www.madcham.de\/wp-content\/uploads\/2020\/02\/Ranomafana-Maerz-2017-15-2048x1152.jpg 2048w, https:\/\/www.madcham.de\/wp-content\/uploads\/2020\/02\/Ranomafana-Maerz-2017-15-1200x675.jpg 1200w, https:\/\/www.madcham.de\/wp-content\/uploads\/2020\/02\/Ranomafana-Maerz-2017-15-420x236.jpg 420w, https:\/\/www.madcham.de\/wp-content\/uploads\/2020\/02\/Ranomafana-Maerz-2017-15-81x46.jpg 81w, https:\/\/www.madcham.de\/wp-content\/uploads\/2020\/02\/Ranomafana-Maerz-2017-15-200x112.jpg 200w\" sizes=\"(max-width: 1024px) 100vw, 1024px\" \/><\/a><a href=\"https:\/\/app2.ricoh360.com\/viewer\/52a914da-069c-45f0-96cb-9dfc066c0c22\" target=\"_blank\" rel=\"noopener\"><img loading=\"lazy\" decoding=\"async\" class=\"aligncenter wp-image-14453 size-large\" src=\"https:\/\/www.madcham.de\/wp-content\/uploads\/2020\/02\/Ranomafana-Maerz-2017-12-1024x576.jpg\" alt=\"\" width=\"1024\" height=\"576\" srcset=\"https:\/\/www.madcham.de\/wp-content\/uploads\/2020\/02\/Ranomafana-Maerz-2017-12-1024x576.jpg 1024w, https:\/\/www.madcham.de\/wp-content\/uploads\/2020\/02\/Ranomafana-Maerz-2017-12-300x169.jpg 300w, https:\/\/www.madcham.de\/wp-content\/uploads\/2020\/02\/Ranomafana-Maerz-2017-12-768x432.jpg 768w, https:\/\/www.madcham.de\/wp-content\/uploads\/2020\/02\/Ranomafana-Maerz-2017-12-1536x864.jpg 1536w, https:\/\/www.madcham.de\/wp-content\/uploads\/2020\/02\/Ranomafana-Maerz-2017-12-2048x1152.jpg 2048w, https:\/\/www.madcham.de\/wp-content\/uploads\/2020\/02\/Ranomafana-Maerz-2017-12-1200x675.jpg 1200w, https:\/\/www.madcham.de\/wp-content\/uploads\/2020\/02\/Ranomafana-Maerz-2017-12-420x236.jpg 420w, https:\/\/www.madcham.de\/wp-content\/uploads\/2020\/02\/Ranomafana-Maerz-2017-12-81x46.jpg 81w, https:\/\/www.madcham.de\/wp-content\/uploads\/2020\/02\/Ranomafana-Maerz-2017-12-200x112.jpg 200w\" sizes=\"(max-width: 1024px) 100vw, 1024px\" \/><\/a><a href=\"https:\/\/app2.ricoh360.com\/viewer\/22a9ea7e-0f20-4156-aff7-a13aa5ecd835\" target=\"_blank\" rel=\"noopener\"><img loading=\"lazy\" decoding=\"async\" class=\"aligncenter wp-image-14448 size-large\" src=\"https:\/\/www.madcham.de\/wp-content\/uploads\/2020\/02\/Ranomafana-Maerz-2017-6-1024x576.jpg\" alt=\"\" width=\"1024\" height=\"576\" srcset=\"https:\/\/www.madcham.de\/wp-content\/uploads\/2020\/02\/Ranomafana-Maerz-2017-6-1024x576.jpg 1024w, https:\/\/www.madcham.de\/wp-content\/uploads\/2020\/02\/Ranomafana-Maerz-2017-6-300x169.jpg 300w, https:\/\/www.madcham.de\/wp-content\/uploads\/2020\/02\/Ranomafana-Maerz-2017-6-768x432.jpg 768w, https:\/\/www.madcham.de\/wp-content\/uploads\/2020\/02\/Ranomafana-Maerz-2017-6-1536x864.jpg 1536w, https:\/\/www.madcham.de\/wp-content\/uploads\/2020\/02\/Ranomafana-Maerz-2017-6-2048x1152.jpg 2048w, https:\/\/www.madcham.de\/wp-content\/uploads\/2020\/02\/Ranomafana-Maerz-2017-6-1200x675.jpg 1200w, https:\/\/www.madcham.de\/wp-content\/uploads\/2020\/02\/Ranomafana-Maerz-2017-6-420x236.jpg 420w, https:\/\/www.madcham.de\/wp-content\/uploads\/2020\/02\/Ranomafana-Maerz-2017-6-81x46.jpg 81w, https:\/\/www.madcham.de\/wp-content\/uploads\/2020\/02\/Ranomafana-Maerz-2017-6-200x112.jpg 200w\" sizes=\"(max-width: 1024px) 100vw, 1024px\" \/><\/a><a href=\"https:\/\/app2.ricoh360.com\/viewer\/1d2f3a4d-ac9f-49ba-a650-f59eaec35ea3\" target=\"_blank\" rel=\"noopener\"><img loading=\"lazy\" decoding=\"async\" class=\"aligncenter wp-image-14444 size-large\" src=\"https:\/\/www.madcham.de\/wp-content\/uploads\/2020\/02\/Ranomafana-Maerz-2017-2-1024x576.jpg\" alt=\"\" width=\"1024\" height=\"576\" srcset=\"https:\/\/www.madcham.de\/wp-content\/uploads\/2020\/02\/Ranomafana-Maerz-2017-2-1024x576.jpg 1024w, https:\/\/www.madcham.de\/wp-content\/uploads\/2020\/02\/Ranomafana-Maerz-2017-2-300x169.jpg 300w, https:\/\/www.madcham.de\/wp-content\/uploads\/2020\/02\/Ranomafana-Maerz-2017-2-768x432.jpg 768w, https:\/\/www.madcham.de\/wp-content\/uploads\/2020\/02\/Ranomafana-Maerz-2017-2-1536x864.jpg 1536w, https:\/\/www.madcham.de\/wp-content\/uploads\/2020\/02\/Ranomafana-Maerz-2017-2-2048x1152.jpg 2048w, https:\/\/www.madcham.de\/wp-content\/uploads\/2020\/02\/Ranomafana-Maerz-2017-2-1200x675.jpg 1200w, https:\/\/www.madcham.de\/wp-content\/uploads\/2020\/02\/Ranomafana-Maerz-2017-2-420x236.jpg 420w, https:\/\/www.madcham.de\/wp-content\/uploads\/2020\/02\/Ranomafana-Maerz-2017-2-81x46.jpg 81w, https:\/\/www.madcham.de\/wp-content\/uploads\/2020\/02\/Ranomafana-Maerz-2017-2-200x112.jpg 200w\" sizes=\"(max-width: 1024px) 100vw, 1024px\" \/><\/a>","protected":false},"excerpt":{"rendered":"<p>Erstbeschreibung: (Boulenger, 1887) Herkunft des Artnamens: Der belgische Zoologe George Alber Boulenger, zu dieser Zeit t\u00e4tig am Naturhistorischen Museum in London (Gro\u00dfbritannien), benannte diese Cham\u00e4leonart nach ihrer Nase. Man dachte damals, die Art geh\u00f6re zu Brookesia &#8211; und f\u00fcr diese waren Aussehen und Nase sehr ungew\u00f6hnlich. Verbreitung: Diese Art kommt in den Nationalparks Ranomafana sowie Andohahela und im Andringitra-Gebirge vor. Die bisherigen Fundorte liegen damit vorwiegend in Regenw\u00e4ldern im S\u00fcdosten Madagaskars. Im Nationalpark Ranomafana kommen die Tiere auf rund 1000 m \u00fcNN und h\u00f6her vor, im Nationalpark Andringitra auf H\u00f6hen zwischen 1580 und 1640 m. Man findet Palleon nasus allerdings nur schwer und braucht selbst nachts etwas Gl\u00fcck, ein schlafendes Tier dieser Art im Geb\u00fcsch zu entdecken. Wenn man f\u00fcndig wird, handelt es sich meist um P\u00e4rchen der Art, bei dem beide Tiere innerhalb von maximal einem Quadratmeter zu finden sind. Sie schlafen gerne kopf\u00fcber an extrem d\u00fcnnen H\u00e4lmchen oder \u00c4stchen, sowohl senkrecht mit dem Kopf nach unten h\u00e4ngend als auch mit dem Bauch nach oben waagrecht h\u00e4ngend. Die Schlafpl\u00e4tze liegen teils bis zu zwei Meter \u00fcber dem Boden. Aussehen &amp; Gr\u00f6\u00dfe: Mit gerade einmal 9 cm Gesamtl\u00e4nge sind diese Cham\u00e4leons sehr klein, die Weibchen erreichen maximal 6,5 cm. Wie&#8230;<\/p>\n","protected":false},"author":3,"featured_media":6619,"comment_status":"closed","ping_status":"closed","sticky":false,"template":"","format":"gallery","meta":{"_monsterinsights_skip_tracking":false,"_monsterinsights_sitenote_active":false,"_monsterinsights_sitenote_note":"","_monsterinsights_sitenote_category":0,"footnotes":""},"categories":[43],"tags":[1455,273,149,272,61,1451,274,275,255,277,276,271,269,268,270,278,226,110,111],"_links":{"self":[{"href":"https:\/\/www.madcham.de\/de\/wp-json\/wp\/v2\/posts\/2450"}],"collection":[{"href":"https:\/\/www.madcham.de\/de\/wp-json\/wp\/v2\/posts"}],"about":[{"href":"https:\/\/www.madcham.de\/de\/wp-json\/wp\/v2\/types\/post"}],"author":[{"embeddable":true,"href":"https:\/\/www.madcham.de\/de\/wp-json\/wp\/v2\/users\/3"}],"replies":[{"embeddable":true,"href":"https:\/\/www.madcham.de\/de\/wp-json\/wp\/v2\/comments?post=2450"}],"version-history":[{"count":78,"href":"https:\/\/www.madcham.de\/de\/wp-json\/wp\/v2\/posts\/2450\/revisions"}],"predecessor-version":[{"id":15271,"href":"https:\/\/www.madcham.de\/de\/wp-json\/wp\/v2\/posts\/2450\/revisions\/15271"}],"wp:featuredmedia":[{"embeddable":true,"href":"https:\/\/www.madcham.de\/de\/wp-json\/wp\/v2\/media\/6619"}],"wp:attachment":[{"href":"https:\/\/www.madcham.de\/de\/wp-json\/wp\/v2\/media?parent=2450"}],"wp:term":[{"taxonomy":"category","embeddable":true,"href":"https:\/\/www.madcham.de\/de\/wp-json\/wp\/v2\/categories?post=2450"},{"taxonomy":"post_tag","embeddable":true,"href":"https:\/\/www.madcham.de\/de\/wp-json\/wp\/v2\/tags?post=2450"}],"curies":[{"name":"wp","href":"https:\/\/api.w.org\/{rel}","templated":true}]}}