{"id":762,"date":"2014-09-05T19:17:29","date_gmt":"2014-09-05T17:17:29","guid":{"rendered":"http:\/\/madcham.com\/wordpress\/?p=762"},"modified":"2025-02-09T15:06:21","modified_gmt":"2025-02-09T14:06:21","slug":"calumma-linotum","status":"publish","type":"post","link":"https:\/\/www.madcham.de\/de\/calumma-linotum\/","title":{"rendered":"Calumma linotum"},"content":{"rendered":"<div class=\"simple-alert-boxes sab_danger sab_normal \">\r\n\t\t<strong>CITES-Quoten<\/strong><br \/>\nkein legaler Export m\u00f6glich\t<\/div>\r\n\t\n<h4><\/h4>\n<h4>Erstbeschreibung: <a href=\"https:\/\/www.iucnredlist.org\/species\/75976541\/141978353\" target=\"_blank\" rel=\"noopener\"><img loading=\"lazy\" decoding=\"async\" class=\"alignright wp-image-13130\" src=\"https:\/\/www.madcham.de\/wp-content\/uploads\/2023\/03\/IUCN-Status-least-concern.jpg\" alt=\"IUCN Red List: least concern\" width=\"80\" height=\"81\" srcset=\"https:\/\/www.madcham.de\/wp-content\/uploads\/2023\/03\/IUCN-Status-least-concern.jpg 150w, https:\/\/www.madcham.de\/wp-content\/uploads\/2023\/03\/IUCN-Status-least-concern-81x82.jpg 81w\" sizes=\"(max-width: 80px) 100vw, 80px\" \/><\/a><\/h4>\n<p>(M\u00fcller, 1924)<\/p>\n<h4>Herkunft des Artnamens:<\/h4>\n<p style=\"text-align: justify;\">Der Herpetologe Lorenz M\u00fcller, damals Kurator der herpetologischen Abteilung der Zoologischen Staatssammlung M\u00fcnchen, beschrieb diese Cham\u00e4leonart 1924. M\u00fcller selbst war nie auf Madagaskar, sondern hatte pr\u00e4parierte Cham\u00e4leons der Art f\u00fcr die Staatssammlung bekommen. Leider verriet er in seiner Erstbeschreibung nicht, weshalb er den Artnamen w\u00e4hlte.<\/p>\n<div style=\"float: right; margin: 20px;\">\t\t<div id=\"maps-marker-pro-877fbe94\" class=\"maps-marker-pro\" style=\"width: 300px;\">\n\t\t\t<div id=\"mmp-map-wrap-877fbe94\" class=\"mmp-map-wrap\">\n\t\t\t\t\t\t\t\t\t<div id=\"mmp-panel-877fbe94\" class=\"mmp-panel\"><\/div>\n\t\t\t\t\t\t\t\t<div id=\"mmp-map-877fbe94\" class=\"mmp-map\" style=\"height: 300px;\"><\/div>\n\t\t\t\t\t\t\t<\/div>\n\t\t\t\t\t<\/div>\n\t\t<\/div>\n<h4 style=\"text-align: justify;\">Verbreitung:<\/h4>\n<p style=\"text-align: justify;\"><em>Calumma linotum<\/em> bewohnt die Waldgebiete des Nordens. Dabei sind bisher als Habitate lediglich der k\u00fchle Montagne d&#8217;Ambre-Nationalpark sowie die etwas s\u00fcdlicher gelegenere Gegend von Andampy bekannt. Im Montagne d&#8217;Ambre kann man Tiere bereits rund um den Campground in Kopfh\u00f6he zahlreich finden. Hat man ein Tier gefunden, findet man das gegengeschlechtliche Cham\u00e4leon dazu meist in weniger als zwei, drei Meter Umkreis.<\/p>\n<h4>Aussehen und Gr\u00f6\u00dfe:<\/h4>\n<p style=\"text-align: justify;\">Mit einer Gesamtl\u00e4nge von 13 cm bei den M\u00e4nnchen und nur 10 bis 11 cm bei Weibchen geh\u00f6rt diese Art zu den kleinen Cham\u00e4leons. Sie hat einen ausgepr\u00e4gten, weichen, blattf\u00f6rmigen Nasenfortsatz, der bei den M\u00e4nnchen deutlicher ausgepr\u00e4gt und bei beiden Geschlechtern bei Erregung charakteristisch leuchtend blau gef\u00e4rbt ist. Die Farben sind braun-grau bis beige, manchmal mit einem hellen Lateralstreifen bis zum Schwanzansatz und hellem Kehlsack, und oft mit dunkler Querbinde auf den Augenlidern. Die Beine sind gr\u00fcn gef\u00e4rbt. Der Helm ist sehr flach, kaum h\u00f6her als der R\u00fccken, und tr\u00e4gt schmale Occipitallappen. Der R\u00fccken tr\u00e4gt in regelm\u00e4\u00dfigen, gr\u00f6\u00dferen Abst\u00e4nden vergr\u00f6\u00dferte Kegelschuppen statt einem ganzen &#8222;Kamm&#8220;. Gestresste Weibchen sind wei\u00df-braun marmoriert am K\u00f6rper mit gr\u00fcnen Beinen, hellblau leuchtender Nase und hellblauen Abzeichen auf dem Helm. Erregte M\u00e4nnchen sind sehr hell wei\u00dflich-beige gef\u00e4rbt mit gr\u00fcnen Armen und Beinen und leuchtend blauer Nase.<\/p>\n<h4>Fortpflanzung:<\/h4>\n<p style=\"text-align: justify;\">In den Monaten Januar bis M\u00e4rz ist Schlupfzeit, und besonders rund um den Campground des Montagne d&#8217;Ambre sind die Schl\u00fcpflinge in gro\u00dfer Zahl zu finden.<\/p>\n<div id='gallery-1' class='gallery galleryid-762 gallery-columns-3 gallery-size-large'><figure class='gallery-item'>\n\t\t\t<div class='gallery-icon landscape'>\n\t\t\t\t<a href='https:\/\/www.madcham.de\/wp-content\/uploads\/2014\/09\/Calumma-linotum-schlafend-im-Montagne-dAmbre-2022-4.jpg'><img loading=\"lazy\" decoding=\"async\" width=\"1024\" height=\"655\" src=\"https:\/\/www.madcham.de\/wp-content\/uploads\/2014\/09\/Calumma-linotum-schlafend-im-Montagne-dAmbre-2022-4-1024x655.jpg\" class=\"attachment-large size-large\" alt=\"\" srcset=\"https:\/\/www.madcham.de\/wp-content\/uploads\/2014\/09\/Calumma-linotum-schlafend-im-Montagne-dAmbre-2022-4-1024x655.jpg 1024w, https:\/\/www.madcham.de\/wp-content\/uploads\/2014\/09\/Calumma-linotum-schlafend-im-Montagne-dAmbre-2022-4-300x192.jpg 300w, https:\/\/www.madcham.de\/wp-content\/uploads\/2014\/09\/Calumma-linotum-schlafend-im-Montagne-dAmbre-2022-4-768x492.jpg 768w, https:\/\/www.madcham.de\/wp-content\/uploads\/2014\/09\/Calumma-linotum-schlafend-im-Montagne-dAmbre-2022-4-420x269.jpg 420w, https:\/\/www.madcham.de\/wp-content\/uploads\/2014\/09\/Calumma-linotum-schlafend-im-Montagne-dAmbre-2022-4-81x52.jpg 81w, https:\/\/www.madcham.de\/wp-content\/uploads\/2014\/09\/Calumma-linotum-schlafend-im-Montagne-dAmbre-2022-4-200x128.jpg 200w, https:\/\/www.madcham.de\/wp-content\/uploads\/2014\/09\/Calumma-linotum-schlafend-im-Montagne-dAmbre-2022-4.jpg 1200w\" sizes=\"(max-width: 1024px) 100vw, 1024px\" \/><\/a>\n\t\t\t<\/div><\/figure><figure class='gallery-item'>\n\t\t\t<div class='gallery-icon landscape'>\n\t\t\t\t<a href='https:\/\/www.madcham.de\/wp-content\/uploads\/2014\/09\/Calumma-linotum-schlafend-im-Montagne-dAmbre-2022-5.jpg'><img loading=\"lazy\" decoding=\"async\" width=\"1024\" height=\"683\" src=\"https:\/\/www.madcham.de\/wp-content\/uploads\/2014\/09\/Calumma-linotum-schlafend-im-Montagne-dAmbre-2022-5-1024x683.jpg\" class=\"attachment-large size-large\" alt=\"\" srcset=\"https:\/\/www.madcham.de\/wp-content\/uploads\/2014\/09\/Calumma-linotum-schlafend-im-Montagne-dAmbre-2022-5-1024x683.jpg 1024w, https:\/\/www.madcham.de\/wp-content\/uploads\/2014\/09\/Calumma-linotum-schlafend-im-Montagne-dAmbre-2022-5-300x200.jpg 300w, https:\/\/www.madcham.de\/wp-content\/uploads\/2014\/09\/Calumma-linotum-schlafend-im-Montagne-dAmbre-2022-5-768x512.jpg 768w, https:\/\/www.madcham.de\/wp-content\/uploads\/2014\/09\/Calumma-linotum-schlafend-im-Montagne-dAmbre-2022-5-1157x771.jpg 1157w, https:\/\/www.madcham.de\/wp-content\/uploads\/2014\/09\/Calumma-linotum-schlafend-im-Montagne-dAmbre-2022-5-420x280.jpg 420w, https:\/\/www.madcham.de\/wp-content\/uploads\/2014\/09\/Calumma-linotum-schlafend-im-Montagne-dAmbre-2022-5-81x54.jpg 81w, https:\/\/www.madcham.de\/wp-content\/uploads\/2014\/09\/Calumma-linotum-schlafend-im-Montagne-dAmbre-2022-5-200x133.jpg 200w, https:\/\/www.madcham.de\/wp-content\/uploads\/2014\/09\/Calumma-linotum-schlafend-im-Montagne-dAmbre-2022-5.jpg 1200w\" sizes=\"(max-width: 1024px) 100vw, 1024px\" \/><\/a>\n\t\t\t<\/div><\/figure><figure class='gallery-item'>\n\t\t\t<div class='gallery-icon landscape'>\n\t\t\t\t<a href='https:\/\/www.madcham.de\/wp-content\/uploads\/2014\/09\/Calumma-linotum-schlafend-im-Montagne-dAmbre-2022-3.jpg'><img loading=\"lazy\" decoding=\"async\" width=\"1024\" height=\"655\" src=\"https:\/\/www.madcham.de\/wp-content\/uploads\/2014\/09\/Calumma-linotum-schlafend-im-Montagne-dAmbre-2022-3-1024x655.jpg\" class=\"attachment-large size-large\" alt=\"\" srcset=\"https:\/\/www.madcham.de\/wp-content\/uploads\/2014\/09\/Calumma-linotum-schlafend-im-Montagne-dAmbre-2022-3-1024x655.jpg 1024w, https:\/\/www.madcham.de\/wp-content\/uploads\/2014\/09\/Calumma-linotum-schlafend-im-Montagne-dAmbre-2022-3-300x192.jpg 300w, https:\/\/www.madcham.de\/wp-content\/uploads\/2014\/09\/Calumma-linotum-schlafend-im-Montagne-dAmbre-2022-3-768x492.jpg 768w, https:\/\/www.madcham.de\/wp-content\/uploads\/2014\/09\/Calumma-linotum-schlafend-im-Montagne-dAmbre-2022-3-420x269.jpg 420w, https:\/\/www.madcham.de\/wp-content\/uploads\/2014\/09\/Calumma-linotum-schlafend-im-Montagne-dAmbre-2022-3-81x52.jpg 81w, https:\/\/www.madcham.de\/wp-content\/uploads\/2014\/09\/Calumma-linotum-schlafend-im-Montagne-dAmbre-2022-3-200x128.jpg 200w, https:\/\/www.madcham.de\/wp-content\/uploads\/2014\/09\/Calumma-linotum-schlafend-im-Montagne-dAmbre-2022-3.jpg 1200w\" sizes=\"(max-width: 1024px) 100vw, 1024px\" \/><\/a>\n\t\t\t<\/div><\/figure>\n\t\t<\/div>\n\n<h4>Besonderheiten:<\/h4>\n<p style=\"text-align: justify;\"><em>Calumma linotum<\/em> galt lange als Synonym f\u00fcr <em><a href=\"https:\/\/www.madcham.de\/en\/calumma-boettgeri\/\" target=\"_blank\" rel=\"noopener noreferrer\">Calumma boettgeri<\/a>, <\/em>da in den wissenschaftlichen Sammlungen lediglich ein einziges Tier mit dem ungenauen Fundort &#8222;Madagaskar&#8220; existierte. Genetische Untersuchungen von Pr\u00f6tzel et al stellten jedoch 2015 fest, dass es sich bei den kleinen Nasentr\u00e4gern im Montagne d&#8217;Ambre gar nicht um <em>Calumma boettgeri<\/em> handelt. Die Tiere haben gr\u00f6\u00dfere Tuberkelschuppen auf den Armen, Beinen und auf der Nase und einen (nicht durchgehenden) R\u00fcckenkamm, der bei <em>Calumma boettgeri<\/em> nicht ausgebildet ist. Die M\u00e4nnchen haben eine leuchtend blaue Nase, was bei <em>Calumma boettgeri<\/em> nicht vorkommt &#8211; und zuletzt kommen die beiden Arten, soweit man bisher wei\u00df, nicht in den gleichen Regionen Madagaskars vor.<\/p>\n<p>&nbsp;<\/p>\n\t\t\t\t\t\t<style>\r\n\t\t\t\t\r\n\t\t\t\t\t#tab_container_5120 {\r\n\toverflow:hidden;\r\n\tdisplay:block;\r\n\twidth:100%;\r\n\tborder:0px solid #ddd;\r\n\tmargin-bottom:30px;\r\n\t}\r\n\r\n#tab_container_5120 .tab-content{\r\n\tpadding:20px;\r\n\tborder: 1px solid #e6e6e6 !important;\r\n\tmargin-top: 0px;\r\n\tbackground-color:#ffffff !important;\r\n\tcolor: #3e3e3e !important;\r\n\tfont-size:13px !important;\r\n\tfont-family: Open Sans !important;\r\n\t\r\n\t\tborder: 1px solid #e6e6e6 !important;\r\n\t}\r\n#tab_container_5120 .wpsm_nav-tabs {\r\n    border-bottom: 0px solid #ddd;\r\n}\r\n#tab_container_5120 .wpsm_nav-tabs > li.active > a, #tab_container_5120 .wpsm_nav-tabs > li.active > a:hover, #tab_container_5120 .wpsm_nav-tabs > li.active > a:focus {\r\n\tcolor: #3e3e3e !important;\r\n\tcursor: default;\r\n\tbackground-color: #ffffff !important;\r\n\tborder: 1px solid #e6e6e6 !important;\r\n}\r\n\r\n#tab_container_5120 .wpsm_nav-tabs > li > a {\r\n    margin-right: 0px !important; \r\n    line-height: 1.42857143 !important;\r\n    border: 1px solid #d5d5d5 !important;\r\n    border-radius: 0px 0px 0 0 !important; \r\n\tbackground-color: #e8e8e8 !important;\r\n\tcolor: #3e3e3e !important;\r\n\tpadding: 15px 18px 15px 18px !important;\r\n\ttext-decoration: none !important;\r\n\tfont-size: 13px !important;\r\n\ttext-align:center !important;\r\n\tfont-family: Open Sans !important;\r\n}\r\n#tab_container_5120 .wpsm_nav-tabs > li > a:focus {\r\noutline: 0px !important;\r\n}\r\n\r\n#tab_container_5120 .wpsm_nav-tabs > li > a:before {\r\n\tdisplay:none !important;\r\n}\r\n#tab_container_5120 .wpsm_nav-tabs > li > a:after {\r\n\tdisplay:none !important ;\r\n}\r\n#tab_container_5120 .wpsm_nav-tabs > li{\r\npadding:0px !important ;\r\nmargin:0px;\r\n}\r\n\r\n#tab_container_5120 .wpsm_nav-tabs > li > a:hover , #tab_container_5120 .wpsm_nav-tabs > li > a:focus {\r\n    color: #3e3e3e !important;\r\n    background-color: #e8e8e8 !important;\r\n\tborder: 1px solid #d5d5d5 !important;\r\n\t\r\n}\r\n#tab_container_5120 .wpsm_nav-tabs > li > a .fa{\r\n\r\nmargin-right:5px !important;\r\n\r\nmargin-left:5px !important;\r\n\r\n\r\n}\r\n\r\n\t\t#tab_container_5120 .wpsm_nav-tabs a{\r\n\t\t\tbackground-image: none;\r\n\t\t\tbackground-position: 0 0;\r\n\t\t\tbackground-repeat: repeat-x;\r\n\t\t}\r\n\t\t\t\r\n\r\n\r\n#tab_container_5120 .wpsm_nav-tabs > li {\r\n    float: left;\r\n    margin-bottom: -1px !important;\r\n\tmargin-right:0px !important; \r\n}\r\n\r\n\r\n#tab_container_5120 .tab-content{\r\noverflow:hidden !important;\r\n}\r\n\r\n\r\n@media (min-width: 769px) {\r\n\r\n\t#tab_container_5120 .wpsm_nav-tabs > li{\r\n\t\tfloat:left !important ;\r\n\t\t\t\tmargin-right:-1px !important;\r\n\t\t\t\t\t}\r\n\t#tab_container_5120 .wpsm_nav-tabs{\r\n\t\tfloat:none !important;\r\n\t\tmargin:0px !important;\r\n\t}\r\n\r\n\t#tab_container_5120 .wpsm_nav-tabs > li {\r\n\t\t\t\t\r\n\t}\r\n\t#tab_container_5120 .wpsm_nav{\r\n\t\t\t}\r\n\r\n}\r\n\r\n\r\n\r\n@media (max-width: 768px) {\r\n\t#tab_container_5120 .wpsm_nav-tabs > li {\r\n\t\t\t\t\r\n\t}\r\n\t#tab_container_5120 .wpsm_nav{\r\n\t\t\t}\r\n}\r\n\r\n\r\n\t.wpsm_nav-tabs li:before{\r\n\t\tdisplay:none !important;\r\n\t}\r\n\r\n\t@media (max-width: 768px) {\r\n\t\t\t\t\r\n\t\t\t\t.wpsm_nav-tabs{\r\n\t\t\tmargin-left:0px !important;\r\n\t\t\tmargin-right:0px !important; \r\n\t\t\t\r\n\t\t}\r\n\t\t\t\t#tab_container_5120 .wpsm_nav-tabs > li{\r\n\t\t\tfloat:none !important;\r\n\t\t}\r\n\t\t\t\r\n\t}\t\t\t\t<\/style>\r\n\t\t\t\t<div id=\"tab_container_5120\" >\r\n\t \r\n\t\t\t\t\t<ul class=\"wpsm_nav wpsm_nav-tabs\" role=\"tablist\" id=\"myTab_5120\">\r\n\t\t\t\t\t\t\t\r\n\t\t\t\t\t\t\t<li role=\"presentation\"  class=\"active\"  onclick=\"do_resize()\">\r\n\t\t\t\t\t\t\t\t<a href=\"#tabs_desc_5120_1\" aria-controls=\"tabs_desc_5120_1\" role=\"tab\" data-toggle=\"tab\">\r\n\t\t\t\t\t\t\t\t\t\r\n\t\t\t\t\t\t\t\t\t\t\t\t\t\t\t\t\t\t\t\t\t\t\t\t\t\t\t\t\t\t\t<i class=\"fa fa-calendar\"><\/i> \t\t\t\t\t\t\t\t\t\t\t\t\t\t\t\t\t\t\t\r\n\t\t\t\t\t\t\t\t\t\t\t\t\t\t\t\t\t\t\r\n\t\t\t\t\t\t\t\t\t<span>Klimatabelle<\/span>\r\n\t\t\t\t\t\t\t\t\t\r\n\t\t\t\t\t\t\t\t\t\t\t\t\t\t\t\t\t\t\r\n\t\t\t\t\t\t\t\t\t\t\t\t\t\t\t\t\t\t\t\t\r\n\t\t\t\t\t\t\t\t\t\r\n\t\t\t\t\t\t\t\t<\/a>\r\n\t\t\t\t\t\t\t<\/li>\r\n\t\t\t\t\t\t\t\r\n\t\t\t\t\t\t\t<li role=\"presentation\"  onclick=\"do_resize()\">\r\n\t\t\t\t\t\t\t\t<a href=\"#tabs_desc_5120_2\" aria-controls=\"tabs_desc_5120_2\" role=\"tab\" data-toggle=\"tab\">\r\n\t\t\t\t\t\t\t\t\t\r\n\t\t\t\t\t\t\t\t\t\t\t\t\t\t\t\t\t\t\t\t\t\t\t\t\t\t\t\t\t\t\t<i class=\"fa fa-cloud\"><\/i> \t\t\t\t\t\t\t\t\t\t\t\t\t\t\t\t\t\t\t\r\n\t\t\t\t\t\t\t\t\t\t\t\t\t\t\t\t\t\t\r\n\t\t\t\t\t\t\t\t\t<span>Mehr zum Klima<\/span>\r\n\t\t\t\t\t\t\t\t\t\r\n\t\t\t\t\t\t\t\t\t\t\t\t\t\t\t\t\t\t\r\n\t\t\t\t\t\t\t\t\t\t\t\t\t\t\t\t\t\t\t\t\r\n\t\t\t\t\t\t\t\t\t\r\n\t\t\t\t\t\t\t\t<\/a>\r\n\t\t\t\t\t\t\t<\/li>\r\n\t\t\t\t\t\t\t\r\n\t\t\t\t\t\t\t<li role=\"presentation\"  onclick=\"do_resize()\">\r\n\t\t\t\t\t\t\t\t<a href=\"#tabs_desc_5120_3\" aria-controls=\"tabs_desc_5120_3\" role=\"tab\" data-toggle=\"tab\">\r\n\t\t\t\t\t\t\t\t\t\r\n\t\t\t\t\t\t\t\t\t\t\t\t\t\t\t\t\t\t\t\t\t\t\t\t\t\t\t\t\t\t\t<i class=\"fa fa-sun-o\"><\/i> \t\t\t\t\t\t\t\t\t\t\t\t\t\t\t\t\t\t\t\r\n\t\t\t\t\t\t\t\t\t\t\t\t\t\t\t\t\t\t\r\n\t\t\t\t\t\t\t\t\t<span>UVB-Indizes<\/span>\r\n\t\t\t\t\t\t\t\t\t\r\n\t\t\t\t\t\t\t\t\t\t\t\t\t\t\t\t\t\t\r\n\t\t\t\t\t\t\t\t\t\t\t\t\t\t\t\t\t\t\t\t\r\n\t\t\t\t\t\t\t\t\t\r\n\t\t\t\t\t\t\t\t<\/a>\r\n\t\t\t\t\t\t\t<\/li>\r\n\t\t\t\t\t\t\t\r\n\t\t\t\t\t\t\t<li role=\"presentation\"  onclick=\"do_resize()\">\r\n\t\t\t\t\t\t\t\t<a href=\"#tabs_desc_5120_4\" aria-controls=\"tabs_desc_5120_4\" role=\"tab\" data-toggle=\"tab\">\r\n\t\t\t\t\t\t\t\t\t\r\n\t\t\t\t\t\t\t\t\t\t\t\t\t\t\t\t\t\t\t\t\t\t\t\t\t\t\t\t\t\t\t<i class=\"fa fa-pagelines\"><\/i> \t\t\t\t\t\t\t\t\t\t\t\t\t\t\t\t\t\t\t\r\n\t\t\t\t\t\t\t\t\t\t\t\t\t\t\t\t\t\t\r\n\t\t\t\t\t\t\t\t\t<span>Bodentemperaturen<\/span>\r\n\t\t\t\t\t\t\t\t\t\r\n\t\t\t\t\t\t\t\t\t\t\t\t\t\t\t\t\t\t\r\n\t\t\t\t\t\t\t\t\t\t\t\t\t\t\t\t\t\t\t\t\r\n\t\t\t\t\t\t\t\t\t\r\n\t\t\t\t\t\t\t\t<\/a>\r\n\t\t\t\t\t\t\t<\/li>\r\n\t\t\t\t\t\t\t\r\n\t\t\t\t\t\t\t<li role=\"presentation\"  onclick=\"do_resize()\">\r\n\t\t\t\t\t\t\t\t<a href=\"#tabs_desc_5120_5\" aria-controls=\"tabs_desc_5120_5\" role=\"tab\" data-toggle=\"tab\">\r\n\t\t\t\t\t\t\t\t\t\r\n\t\t\t\t\t\t\t\t\t\t\t\t\t\t\t\t\t\t\t\t\t\t\t\t\t\t\t\t\t\t\t<i class=\"fa fa-arrow-circle-o-down\"><\/i> \t\t\t\t\t\t\t\t\t\t\t\t\t\t\t\t\t\t\t\r\n\t\t\t\t\t\t\t\t\t\t\t\t\t\t\t\t\t\t\r\n\t\t\t\t\t\t\t\t\t<span>Luftdruck<\/span>\r\n\t\t\t\t\t\t\t\t\t\r\n\t\t\t\t\t\t\t\t\t\t\t\t\t\t\t\t\t\t\r\n\t\t\t\t\t\t\t\t\t\t\t\t\t\t\t\t\t\t\t\t\r\n\t\t\t\t\t\t\t\t\t\r\n\t\t\t\t\t\t\t\t<\/a>\r\n\t\t\t\t\t\t\t<\/li>\r\n\t\t\t\t\t\t\t\t\t\t\t <\/ul>\r\n\r\n\t\t\t\t\t  <!-- Tab panes -->\r\n\t\t\t\t\t  <div class=\"tab-content\" id=\"tab-content_5120\">\r\n\t\t\t\t\t\t\t\t\t\t\t\t <div role=\"tabpanel\" class=\"tab-pane  in active \" id=\"tabs_desc_5120_1\">\r\n\t\t\t\t\t\t\t\t<table style=\"height: 186px;\" width=\"990\">\r\n<tbody>\r\n<tr>\r\n<td><\/td>\r\n<td>Jan<\/td>\r\n<td>Feb<\/td>\r\n<td>M\u00e4r<\/td>\r\n<td>Apr<\/td>\r\n<td>Mai<\/td>\r\n<td>Jun<\/td>\r\n<td>Jul<\/td>\r\n<td>Aug<\/td>\r\n<td>Sep<\/td>\r\n<td>Okt<\/td>\r\n<td>Nov<\/td>\r\n<td>Dez<\/td>\r\n<\/tr>\r\n<tr>\r\n<td>Durchschnittl.\r\nTemperatur<\/td>\r\n<td>23<\/td>\r\n<td>23<\/td>\r\n<td>24<\/td>\r\n<td>23<\/td>\r\n<td>22<\/td>\r\n<td>21<\/td>\r\n<td>20<\/td>\r\n<td>20<\/td>\r\n<td>21<\/td>\r\n<td>22<\/td>\r\n<td>23<\/td>\r\n<td>23<\/td>\r\n<\/tr>\r\n<tr>\r\n<td>Minimale\r\nTemperatur<\/td>\r\n<td>19<\/td>\r\n<td>19<\/td>\r\n<td>19<\/td>\r\n<td>19<\/td>\r\n<td>18<\/td>\r\n<td>16<\/td>\r\n<td>15<\/td>\r\n<td>15<\/td>\r\n<td>16<\/td>\r\n<td>17<\/td>\r\n<td>18<\/td>\r\n<td>19<\/td>\r\n<\/tr>\r\n<tr>\r\n<td>Maximale\r\nTemperatur<\/td>\r\n<td>28<\/td>\r\n<td>28<\/td>\r\n<td>28<\/td>\r\n<td>28<\/td>\r\n<td>27<\/td>\r\n<td>26<\/td>\r\n<td>25<\/td>\r\n<td>25<\/td>\r\n<td>26<\/td>\r\n<td>27<\/td>\r\n<td>28<\/td>\r\n<td>28<\/td>\r\n<\/tr>\r\n<tr>\r\n<td>Regentage<\/td>\r\n<td>20<\/td>\r\n<td>20<\/td>\r\n<td>17<\/td>\r\n<td>9<\/td>\r\n<td>6<\/td>\r\n<td>6<\/td>\r\n<td>7<\/td>\r\n<td>6<\/td>\r\n<td>5<\/td>\r\n<td>6<\/td>\r\n<td>7<\/td>\r\n<td>14<\/td>\r\n<\/tr>\r\n<\/tbody>\r\n<\/table>\r\n<p style=\"text-align: justify;\">Die angegebenen Daten wurden von uns innerhalb mehrerer Jahre mit Thermo- und Hygrometern direkt an den Fundorten der Tiere gemessen und zusammengetragen. \"Durchschnittliche Temperatur\" bedeutet, dass die Werte eines gesamten Monats zu einem Durchschnittswert berechnet wurden, z.B. wurden alle gemessenen Minimalwerte eines Monats zu einem durchschnittlichen Minimalwert f\u00fcr Februar berechnet. Das bedeutet im Klartext, dass einzelne Spitzenwerte eines Tages deutlich h\u00f6her oder niedriger als die durchschnittlichen Minimal- und Maximalwerte liegen k\u00f6nnen. Es ist also m\u00f6glich, dass zwar das durchschnittliche Maximum bei 29 Grad liegt, es aber an einigen Tagen des Monats 33\u00b0C oder gar 35\u00b0C warm war.<\/p>\t\t\t\t\t\t <\/div>\r\n\t\t\t\t\t\t\t\t\t\t\t\t <div role=\"tabpanel\" class=\"tab-pane \" id=\"tabs_desc_5120_2\">\r\n\t\t\t\t\t\t\t\t<p style=\"text-align: justify;\">Der Montagne d'Ambre ist ein immergr\u00fcner Regenwald, der sich \u00fcber ein Bergmassiv vulkanischen Ursprungs in H\u00f6hen zwischen 850 und 1450 m ausbreitet. Durch die H\u00f6he wird es hier nachts empfindlich kalt mit Temperaturst\u00fcrzen bis auf 10\u00b0C. \r\n\r\n<\/p>\r\n<p style=\"text-align: justify;\">W\u00e4hrend der Regenzeit wird es tags\u00fcber bis zu 28\u00b0C warm, an Sonnenflecken auch etwas w\u00e4rmer. Die Durchschnittstemperatur liegt allerdings etwas niedriger. W\u00e4hrend der Regenzeit sch\u00fcttet es mehrfach t\u00e4glich, und auch mal ganze Tage durch. Typisch Regenwald eben \ud83d\ude09 . Aber auch in der Trockenzeit regnet es regelm\u00e4\u00dfig, wenn auch k\u00fcrzer und eher in kleinen Schauern. Das Klima im Montagne d'Ambre ist daher das ganze Jahr \u00fcber feucht. W\u00e4hrend der Trockenzeit bleiben die Temperaturen vor allem tags\u00fcber etwas niedriger mit bis zu 25\u00b0C und st\u00fcrzen dann nachts noch tiefer ab bis zu den oben genannten 10\u00b0C ab und zu. \r\n<\/p>\r\n<img loading=\"lazy\" decoding=\"async\" class=\"aligncenter wp-image-4189 size-full\" src=\"https:\/\/www.madcham.de\/wp-content\/uploads\/2022\/05\/Luftfeuchtigkeit-2022-Montagne-dAmbre.jpg\" alt=\"2022 Luftfeuchtigkeit MA\" width=\"657\" height=\"437\" \/>\t\t\t\t\t\t <\/div>\r\n\t\t\t\t\t\t\t\t\t\t\t\t <div role=\"tabpanel\" class=\"tab-pane \" id=\"tabs_desc_5120_3\">\r\n\t\t\t\t\t\t\t\t<p style=\"text-align: justify;\">Die UVB-Daten wurden mit einem Solarmeter 6.5 im Fr\u00fchjahr (Ende April) zur h\u00f6chsten Aktivit\u00e4tszeit der Cham\u00e4leons gemessen. Gemessen wurden jeweils maximal f\u00fcr das Cham\u00e4leon zu erreichende Werte im Habitat.<\/p>\r\n<img loading=\"lazy\" decoding=\"async\" class=\"aligncenter wp-image-4189 size-full\" src=\"https:\/\/www.madcham.de\/wp-content\/uploads\/2014\/09\/2016_uvi_montagnedambre.jpg\" alt=\"2016 UVI Montagne d'Ambre\" width=\"657\" height=\"437\" \/>\r\n<img loading=\"lazy\" decoding=\"async\" class=\"aligncenter wp-image-4189 size-full\" src=\"https:\/\/www.madcham.de\/wp-content\/uploads\/2022\/05\/UVI-2022-Montagne-dAmbre.jpg\" alt=\"2022 UVI Montagne d'Ambre\" width=\"657\" height=\"437\" \/>\r\n\t\t\t\t\t\t <\/div>\r\n\t\t\t\t\t\t\t\t\t\t\t\t <div role=\"tabpanel\" class=\"tab-pane \" id=\"tabs_desc_5120_4\">\r\n\t\t\t\t\t\t\t\tLeider sind noch keine Bodentemperaturen f\u00fcr den Montagne d'Ambre verf\u00fcgbar.\t\t\t\t\t\t <\/div>\r\n\t\t\t\t\t\t\t\t\t\t\t\t <div role=\"tabpanel\" class=\"tab-pane \" id=\"tabs_desc_5120_5\">\r\n\t\t\t\t\t\t\t\t<p style=\"text-align: justify;\">Seit 2022 messen wir zus\u00e4tzlich zu anderen Klimadaten auch den Luftdruck an den von uns besuchten Orten auf Madagaskar. Die folgenden Daten stammen von einem Tag w\u00e4hrend der Regenzeit. Auf der X-Achse befindet sich die Tages- oder Nachtzeit. Auf Madagaskar beginnt der Tag gegen 6 Uhr, die Nacht bricht bereits um 18 Uhr an. Die Y-Achse zeigt den atmosph\u00e4rischen Luftdruck in hPa an.<\/p>\r\n\r\n<img loading=\"lazy\" decoding=\"async\" class=\"aligncenter wp-image-4189 size-full\" src=\"https:\/\/www.madcham.de\/wp-content\/uploads\/2022\/05\/Luftdruck-2022-Montagne-dAmbre.jpg\" alt=\"2022 Luftdruck MA\" width=\"657\" height=\"437\" \/>\t\t\t\t\t\t <\/div>\r\n\t\t\t\t\t\t\t\r\n\t\t\t\t\t <\/div>\r\n\t\t\t\t\t \r\n\t\t\t\t <\/div>\r\n <script>\r\n\t\tjQuery(function () {\r\n\t\t\tjQuery('#myTab_5120 a:first').tab('show')\r\n\t\t});\r\n\t\t\r\n\t\t\t\tjQuery(function(){\r\n\t\t\tvar b=\"fadeIn\";\r\n\t\t\tvar c;\r\n\t\t\tvar a;\r\n\t\t\td(jQuery(\"#myTab_5120 a\"),jQuery(\"#tab-content_5120\"));function d(e,f,g){\r\n\t\t\t\te.click(function(i){\r\n\t\t\t\t\ti.preventDefault();\r\n\t\t\t\t\tjQuery(this).tab(\"show\");\r\n\t\t\t\t\tvar h=jQuery(this).data(\"easein\");\r\n\t\t\t\t\tif(c){c.removeClass(a);}\r\n\t\t\t\t\tif(h){f.find(\"div.active\").addClass(\"animated \"+h);a=h;}\r\n\t\t\t\t\telse{if(g){f.find(\"div.active\").addClass(\"animated \"+g);a=g;}else{f.find(\"div.active\").addClass(\"animated \"+b);a=b;}}c=f.find(\"div.active\");\r\n\t\t\t\t});\r\n\t\t\t}\r\n\t\t});\r\n\t\t\r\n\r\n\t\tfunction do_resize(){\r\n\r\n\t\t\tvar width=jQuery( '.tab-content .tab-pane iframe' ).width();\r\n\t\t\tvar height=jQuery( '.tab-content .tab-pane iframe' ).height();\r\n\r\n\t\t\tvar toggleSize = true;\r\n\t\t\tjQuery('iframe').animate({\r\n\t\t\t    width: toggleSize ? width : 640,\r\n\t\t\t    height: toggleSize ? height : 360\r\n\t\t\t  }, 250);\r\n\r\n\t\t\t  toggleSize = !toggleSize;\r\n\t\t}\r\n\r\n\r\n\t<\/script>\r\n\t\t\t\t\r\n\t\t\t\n<h4>Habitat:<\/h4>\n<p style=\"text-align: justify;\">Die folgenden Fotos zeigen Ausschnitte aus dem Habitat von <em>Calumma linotum <\/em>im Montagne d&#8217;Ambre. Der Montagne d&#8217;Ambre ist ein beeindruckender Regenwald voller Urwaldriesen, in denen riesige, meterbreite Nestfarne thronen. Alles ist voller Lianen, Moose und Flechten, das Unterholz ist dicht und \u00fcppig. Alles gr\u00fcnt und bl\u00fcht, und fast alles ist st\u00e4ndig feucht. <em>Calumma linotum<\/em> ist meist auf sehr d\u00fcnnen \u00c4stchen in Geb\u00fcschen und Str\u00e4uchern unterwegs, oder auf den \u00c4stchen d\u00fcnner, aber reich bebl\u00e4tterter B\u00e4umchen.<\/p>\n<div id='gallery-2' class='gallery galleryid-5120 gallery-columns-2 gallery-size-habitat_thumb'><figure class='gallery-item'>\n\t\t\t<div class='gallery-icon landscape'>\n\t\t\t\t<a href='https:\/\/www.madcham.de\/wp-content\/uploads\/2014\/09\/Habitat-Montagne-dAmbre-2019-7.jpg'><img loading=\"lazy\" decoding=\"async\" width=\"650\" height=\"250\" src=\"https:\/\/www.madcham.de\/wp-content\/uploads\/2014\/09\/Habitat-Montagne-dAmbre-2019-7-650x250.jpg\" class=\"attachment-habitat_thumb size-habitat_thumb\" alt=\"\" \/><\/a>\n\t\t\t<\/div><\/figure><figure class='gallery-item'>\n\t\t\t<div class='gallery-icon landscape'>\n\t\t\t\t<a href='https:\/\/www.madcham.de\/wp-content\/uploads\/2014\/09\/Habitat-Montagne-dAmbre-2016-6-e1525190651125.jpg'><img loading=\"lazy\" decoding=\"async\" width=\"650\" height=\"250\" src=\"https:\/\/www.madcham.de\/wp-content\/uploads\/2014\/09\/Habitat-Montagne-dAmbre-2016-6-e1525190651125-650x250.jpg\" class=\"attachment-habitat_thumb size-habitat_thumb\" alt=\"\" \/><\/a>\n\t\t\t<\/div><\/figure><figure class='gallery-item'>\n\t\t\t<div class='gallery-icon landscape'>\n\t\t\t\t<a href='https:\/\/www.madcham.de\/wp-content\/uploads\/2014\/01\/Habitat-Montagne-dAmbre-4.jpg'><img loading=\"lazy\" decoding=\"async\" width=\"650\" height=\"250\" src=\"https:\/\/www.madcham.de\/wp-content\/uploads\/2014\/01\/Habitat-Montagne-dAmbre-4-650x250.jpg\" class=\"attachment-habitat_thumb size-habitat_thumb\" alt=\"\" \/><\/a>\n\t\t\t<\/div><\/figure><figure class='gallery-item'>\n\t\t\t<div class='gallery-icon landscape'>\n\t\t\t\t<a href='https:\/\/www.madcham.de\/wp-content\/uploads\/2014\/09\/Habitat-Montagne-dAmbre-2016-4-e1525190930979.jpg'><img loading=\"lazy\" decoding=\"async\" width=\"650\" height=\"250\" src=\"https:\/\/www.madcham.de\/wp-content\/uploads\/2014\/09\/Habitat-Montagne-dAmbre-2016-4-e1525190930979-650x250.jpg\" class=\"attachment-habitat_thumb size-habitat_thumb\" alt=\"\" \/><\/a>\n\t\t\t<\/div><\/figure><figure class='gallery-item'>\n\t\t\t<div class='gallery-icon landscape'>\n\t\t\t\t<a href='https:\/\/www.madcham.de\/wp-content\/uploads\/2014\/09\/Habitat-Montagne-dAmbre-2016-3-e1525196221860.jpg'><img loading=\"lazy\" decoding=\"async\" width=\"650\" height=\"250\" src=\"https:\/\/www.madcham.de\/wp-content\/uploads\/2014\/09\/Habitat-Montagne-dAmbre-2016-3-e1525196221860-650x250.jpg\" class=\"attachment-habitat_thumb size-habitat_thumb\" alt=\"\" \/><\/a>\n\t\t\t<\/div><\/figure><figure class='gallery-item'>\n\t\t\t<div class='gallery-icon landscape'>\n\t\t\t\t<a href='https:\/\/www.madcham.de\/wp-content\/uploads\/2014\/01\/Habitat-Montagne-dAmbre.jpg'><img loading=\"lazy\" decoding=\"async\" width=\"650\" height=\"250\" src=\"https:\/\/www.madcham.de\/wp-content\/uploads\/2014\/01\/Habitat-Montagne-dAmbre.jpg\" class=\"attachment-habitat_thumb size-habitat_thumb\" alt=\"\" srcset=\"https:\/\/www.madcham.de\/wp-content\/uploads\/2014\/01\/Habitat-Montagne-dAmbre.jpg 650w, https:\/\/www.madcham.de\/wp-content\/uploads\/2014\/01\/Habitat-Montagne-dAmbre-300x115.jpg 300w\" sizes=\"(max-width: 650px) 100vw, 650px\" \/><\/a>\n\t\t\t<\/div><\/figure>\n\t\t<\/div>\n\n<p style=\"text-align: justify;\">Im Folgenden findest du einige 360\u00b0-Bilder aus dem Montagne d&#8217;Ambre, die wir w\u00e4hrend der Regenzeit aufgenommen haben. Wenn man auf die jeweilige Aufnahme klickt, \u00f6ffnen sich die Bilder in vergr\u00f6\u00dferter Ansicht in einem eigenen Fenster. Mit der Maus kann man sich darin in alle Richtungen drehen. Dort besteht auch die M\u00f6glichkeit, die Bilder im Vollbildmodus auszuf\u00fchren. Viel Spa\u00df beim Anschauen!<\/p>\n<p><a href=\"https:\/\/app2.ricoh360.com\/viewer\/fac1e5cf-bf54-42e9-ac72-368d819b89e0\" target=\"_blank\" rel=\"noopener\"><img loading=\"lazy\" decoding=\"async\" class=\"aligncenter wp-image-14381 size-large\" src=\"https:\/\/www.madcham.de\/wp-content\/uploads\/2014\/09\/Montagne-dAmbre-April-2017-4-1024x576.jpg\" alt=\"\" width=\"1024\" height=\"576\" srcset=\"https:\/\/www.madcham.de\/wp-content\/uploads\/2014\/09\/Montagne-dAmbre-April-2017-4-1024x576.jpg 1024w, https:\/\/www.madcham.de\/wp-content\/uploads\/2014\/09\/Montagne-dAmbre-April-2017-4-300x169.jpg 300w, https:\/\/www.madcham.de\/wp-content\/uploads\/2014\/09\/Montagne-dAmbre-April-2017-4-768x432.jpg 768w, https:\/\/www.madcham.de\/wp-content\/uploads\/2014\/09\/Montagne-dAmbre-April-2017-4-1536x864.jpg 1536w, https:\/\/www.madcham.de\/wp-content\/uploads\/2014\/09\/Montagne-dAmbre-April-2017-4-2048x1152.jpg 2048w, https:\/\/www.madcham.de\/wp-content\/uploads\/2014\/09\/Montagne-dAmbre-April-2017-4-1200x675.jpg 1200w, https:\/\/www.madcham.de\/wp-content\/uploads\/2014\/09\/Montagne-dAmbre-April-2017-4-420x236.jpg 420w, https:\/\/www.madcham.de\/wp-content\/uploads\/2014\/09\/Montagne-dAmbre-April-2017-4-81x46.jpg 81w, https:\/\/www.madcham.de\/wp-content\/uploads\/2014\/09\/Montagne-dAmbre-April-2017-4-200x112.jpg 200w\" sizes=\"(max-width: 1024px) 100vw, 1024px\" \/><\/a><a href=\"https:\/\/app2.ricoh360.com\/viewer\/373d66ce-f156-4c2c-8e0f-b7c399139030\" target=\"_blank\" rel=\"noopener\"><img loading=\"lazy\" decoding=\"async\" class=\"aligncenter wp-image-14384 size-large\" src=\"https:\/\/www.madcham.de\/wp-content\/uploads\/2014\/09\/Montagne-dAmbre-April-2017-7-1024x576.jpg\" alt=\"\" width=\"1024\" height=\"576\" srcset=\"https:\/\/www.madcham.de\/wp-content\/uploads\/2014\/09\/Montagne-dAmbre-April-2017-7-1024x576.jpg 1024w, https:\/\/www.madcham.de\/wp-content\/uploads\/2014\/09\/Montagne-dAmbre-April-2017-7-300x169.jpg 300w, https:\/\/www.madcham.de\/wp-content\/uploads\/2014\/09\/Montagne-dAmbre-April-2017-7-768x432.jpg 768w, https:\/\/www.madcham.de\/wp-content\/uploads\/2014\/09\/Montagne-dAmbre-April-2017-7-1536x864.jpg 1536w, https:\/\/www.madcham.de\/wp-content\/uploads\/2014\/09\/Montagne-dAmbre-April-2017-7-2048x1152.jpg 2048w, https:\/\/www.madcham.de\/wp-content\/uploads\/2014\/09\/Montagne-dAmbre-April-2017-7-1200x675.jpg 1200w, https:\/\/www.madcham.de\/wp-content\/uploads\/2014\/09\/Montagne-dAmbre-April-2017-7-420x236.jpg 420w, https:\/\/www.madcham.de\/wp-content\/uploads\/2014\/09\/Montagne-dAmbre-April-2017-7-81x46.jpg 81w, https:\/\/www.madcham.de\/wp-content\/uploads\/2014\/09\/Montagne-dAmbre-April-2017-7-200x112.jpg 200w\" sizes=\"(max-width: 1024px) 100vw, 1024px\" \/><\/a><a href=\"https:\/\/app2.ricoh360.com\/viewer\/eb8b89f5-2b03-4e2b-931b-af1e1d27821c%20\" target=\"_blank\" rel=\"noopener\"><img loading=\"lazy\" decoding=\"async\" class=\"aligncenter wp-image-14400 size-large\" src=\"https:\/\/www.madcham.de\/wp-content\/uploads\/2014\/09\/Montagne-dAmbre-April-2017-23-1024x576.jpg\" alt=\"\" width=\"1024\" height=\"576\" srcset=\"https:\/\/www.madcham.de\/wp-content\/uploads\/2014\/09\/Montagne-dAmbre-April-2017-23-1024x576.jpg 1024w, https:\/\/www.madcham.de\/wp-content\/uploads\/2014\/09\/Montagne-dAmbre-April-2017-23-300x169.jpg 300w, https:\/\/www.madcham.de\/wp-content\/uploads\/2014\/09\/Montagne-dAmbre-April-2017-23-768x432.jpg 768w, https:\/\/www.madcham.de\/wp-content\/uploads\/2014\/09\/Montagne-dAmbre-April-2017-23-1536x864.jpg 1536w, https:\/\/www.madcham.de\/wp-content\/uploads\/2014\/09\/Montagne-dAmbre-April-2017-23-2048x1152.jpg 2048w, https:\/\/www.madcham.de\/wp-content\/uploads\/2014\/09\/Montagne-dAmbre-April-2017-23-1200x675.jpg 1200w, https:\/\/www.madcham.de\/wp-content\/uploads\/2014\/09\/Montagne-dAmbre-April-2017-23-420x236.jpg 420w, https:\/\/www.madcham.de\/wp-content\/uploads\/2014\/09\/Montagne-dAmbre-April-2017-23-81x46.jpg 81w, https:\/\/www.madcham.de\/wp-content\/uploads\/2014\/09\/Montagne-dAmbre-April-2017-23-200x112.jpg 200w\" sizes=\"(max-width: 1024px) 100vw, 1024px\" \/><\/a><a href=\"https:\/\/app2.ricoh360.com\/viewer\/27979506-60a9-423e-8c0f-37cad6e4e672\" target=\"_blank\" rel=\"noopener\"><img loading=\"lazy\" decoding=\"async\" class=\"aligncenter wp-image-14405 size-large\" src=\"https:\/\/www.madcham.de\/wp-content\/uploads\/2014\/09\/Montagne-dAmbre-April-2017-28-1024x576.jpg\" alt=\"\" width=\"1024\" height=\"576\" srcset=\"https:\/\/www.madcham.de\/wp-content\/uploads\/2014\/09\/Montagne-dAmbre-April-2017-28-1024x576.jpg 1024w, https:\/\/www.madcham.de\/wp-content\/uploads\/2014\/09\/Montagne-dAmbre-April-2017-28-300x169.jpg 300w, https:\/\/www.madcham.de\/wp-content\/uploads\/2014\/09\/Montagne-dAmbre-April-2017-28-768x432.jpg 768w, https:\/\/www.madcham.de\/wp-content\/uploads\/2014\/09\/Montagne-dAmbre-April-2017-28-1536x864.jpg 1536w, https:\/\/www.madcham.de\/wp-content\/uploads\/2014\/09\/Montagne-dAmbre-April-2017-28-2048x1152.jpg 2048w, https:\/\/www.madcham.de\/wp-content\/uploads\/2014\/09\/Montagne-dAmbre-April-2017-28-1200x675.jpg 1200w, https:\/\/www.madcham.de\/wp-content\/uploads\/2014\/09\/Montagne-dAmbre-April-2017-28-420x236.jpg 420w, https:\/\/www.madcham.de\/wp-content\/uploads\/2014\/09\/Montagne-dAmbre-April-2017-28-81x46.jpg 81w, https:\/\/www.madcham.de\/wp-content\/uploads\/2014\/09\/Montagne-dAmbre-April-2017-28-200x112.jpg 200w\" sizes=\"(max-width: 1024px) 100vw, 1024px\" \/><\/a>","protected":false},"excerpt":{"rendered":"<p>Erstbeschreibung: (M\u00fcller, 1924) Herkunft des Artnamens: Der Herpetologe Lorenz M\u00fcller, damals Kurator der herpetologischen Abteilung der Zoologischen Staatssammlung M\u00fcnchen, beschrieb diese Cham\u00e4leonart 1924. M\u00fcller selbst war nie auf Madagaskar, sondern hatte pr\u00e4parierte Cham\u00e4leons der Art f\u00fcr die Staatssammlung bekommen. Leider verriet er in seiner Erstbeschreibung nicht, weshalb er den Artnamen w\u00e4hlte. Verbreitung: Calumma linotum bewohnt die Waldgebiete des Nordens. Dabei sind bisher als Habitate lediglich der k\u00fchle Montagne d&#8217;Ambre-Nationalpark sowie die etwas s\u00fcdlicher gelegenere Gegend von Andampy bekannt. Im Montagne d&#8217;Ambre kann man Tiere bereits rund um den Campground in Kopfh\u00f6he zahlreich finden. Hat man ein Tier gefunden, findet man das gegengeschlechtliche Cham\u00e4leon dazu meist in weniger als zwei, drei Meter Umkreis. Aussehen und Gr\u00f6\u00dfe: Mit einer Gesamtl\u00e4nge von 13 cm bei den M\u00e4nnchen und nur 10 bis 11 cm bei Weibchen geh\u00f6rt diese Art zu den kleinen Cham\u00e4leons. Sie hat einen ausgepr\u00e4gten, weichen, blattf\u00f6rmigen Nasenfortsatz, der bei den M\u00e4nnchen deutlicher ausgepr\u00e4gt und bei beiden Geschlechtern bei Erregung charakteristisch leuchtend blau gef\u00e4rbt ist. Die Farben sind braun-grau bis beige, manchmal mit einem hellen Lateralstreifen bis zum Schwanzansatz und hellem Kehlsack, und oft mit dunkler Querbinde auf den Augenlidern. Die Beine sind gr\u00fcn gef\u00e4rbt. Der Helm ist sehr flach, kaum h\u00f6her&#8230;<\/p>\n","protected":false},"author":3,"featured_media":3287,"comment_status":"closed","ping_status":"closed","sticky":false,"template":"","format":"gallery","meta":{"_monsterinsights_skip_tracking":false,"_monsterinsights_sitenote_active":false,"_monsterinsights_sitenote_note":"","_monsterinsights_sitenote_category":0,"footnotes":""},"categories":[26],"tags":[966,965,53,962,963,160,255,964,157],"_links":{"self":[{"href":"https:\/\/www.madcham.de\/de\/wp-json\/wp\/v2\/posts\/762"}],"collection":[{"href":"https:\/\/www.madcham.de\/de\/wp-json\/wp\/v2\/posts"}],"about":[{"href":"https:\/\/www.madcham.de\/de\/wp-json\/wp\/v2\/types\/post"}],"author":[{"embeddable":true,"href":"https:\/\/www.madcham.de\/de\/wp-json\/wp\/v2\/users\/3"}],"replies":[{"embeddable":true,"href":"https:\/\/www.madcham.de\/de\/wp-json\/wp\/v2\/comments?post=762"}],"version-history":[{"count":62,"href":"https:\/\/www.madcham.de\/de\/wp-json\/wp\/v2\/posts\/762\/revisions"}],"predecessor-version":[{"id":14411,"href":"https:\/\/www.madcham.de\/de\/wp-json\/wp\/v2\/posts\/762\/revisions\/14411"}],"wp:featuredmedia":[{"embeddable":true,"href":"https:\/\/www.madcham.de\/de\/wp-json\/wp\/v2\/media\/3287"}],"wp:attachment":[{"href":"https:\/\/www.madcham.de\/de\/wp-json\/wp\/v2\/media?parent=762"}],"wp:term":[{"taxonomy":"category","embeddable":true,"href":"https:\/\/www.madcham.de\/de\/wp-json\/wp\/v2\/categories?post=762"},{"taxonomy":"post_tag","embeddable":true,"href":"https:\/\/www.madcham.de\/de\/wp-json\/wp\/v2\/tags?post=762"}],"curies":[{"name":"wp","href":"https:\/\/api.w.org\/{rel}","templated":true}]}}