{"id":775,"date":"2018-05-18T23:22:32","date_gmt":"2018-05-18T21:22:32","guid":{"rendered":"http:\/\/madcham.com\/wordpress\/?p=775"},"modified":"2025-11-15T17:45:47","modified_gmt":"2025-11-15T16:45:47","slug":"calumma-brevicorne","status":"publish","type":"post","link":"https:\/\/www.madcham.de\/de\/calumma-brevicorne\/","title":{"rendered":"Calumma brevicorne"},"content":{"rendered":"<div class=\"simple-alert-boxes sab_success sab_normal \">\r\n\t\t<strong>CITES-Quoten<br \/>\n<\/strong>2014-19 je 500 Tiere zum Export freigegeben,<br \/>\n2020 wurde die Quote kurzfristig auf 0 gesetzt,<br \/>\n2021-25 wieder 500 Tiere zum Export freigegeben\t<\/div>\r\n\t\n<h4><\/h4>\n<h4>Erstbeschreibung: <a href=\"https:\/\/www.iucnredlist.org\/species\/172984\/6952943\" target=\"_blank\" rel=\"noopener\"><img loading=\"lazy\" decoding=\"async\" class=\"alignright wp-image-12987\" src=\"https:\/\/www.madcham.de\/wp-content\/uploads\/2017\/07\/IUCN-Status-least-concern.jpg\" alt=\"IUCN Red List: least concern\" width=\"80\" height=\"81\" srcset=\"https:\/\/www.madcham.de\/wp-content\/uploads\/2017\/07\/IUCN-Status-least-concern.jpg 150w, https:\/\/www.madcham.de\/wp-content\/uploads\/2017\/07\/IUCN-Status-least-concern-81x82.jpg 81w\" sizes=\"(max-width: 80px) 100vw, 80px\" \/><\/a><\/h4>\n<p>(G\u00fcnther, 1879) <a href=\"https:\/\/www.biodiversitylibrary.org\/page\/28520604#page\/204\/mode\/1up\" target=\"_blank\" rel=\"noopener noreferrer\"><img loading=\"lazy\" decoding=\"async\" class=\"alignnone wp-image-9195 size-full\" style=\"margin-left: 10px; margin-top: 15px;\" src=\"https:\/\/www.madcham.de\/wp-content\/uploads\/2014\/09\/pdf-Logo.png?_t=1586766087\" alt=\"\" width=\"44\" height=\"21\" \/><\/a><\/p>\n<h4>Herkunft des Artnamens:<\/h4>\n<p style=\"text-align: justify;\">Der deutsche Zoologe Albert Carl Ludwig Gotthilf G\u00fcnther, damals Direktor der Zoologischen Abteilung des Naturhistorischen Museums von London (Gro\u00dfbritannien), entlehnte den Namen dieser Cham\u00e4leonart dem Lateinischen. <em>Brevis cornu<\/em>, zu Deutsch &#8222;kurzes Horn&#8220;, bezeichnete den Nasenfortsatz der Weibchen, die im Vergleich mit der gleichzeitig beschriebenen Art <em>Calumma malthe<\/em> tats\u00e4chlich kurz ausf\u00e4llt. Irrt\u00fcmlich beschrieb G\u00fcnther die M\u00e4nnchen von <em>Calumma brevicorne<\/em> &#8211; mit den l\u00e4ngeren Nasen &#8211; als eigene Art, was er aber bereits drei Jahre sp\u00e4ter revidierte.<\/p>\n<div style=\"float: right; margin: 20px;\">\t\t<div id=\"maps-marker-pro-ffd66179\" class=\"maps-marker-pro\" style=\"width: 300px;\">\n\t\t\t<div id=\"mmp-map-wrap-ffd66179\" class=\"mmp-map-wrap\">\n\t\t\t\t\t\t\t\t\t<div id=\"mmp-panel-ffd66179\" class=\"mmp-panel\"><\/div>\n\t\t\t\t\t\t\t\t<div id=\"mmp-map-ffd66179\" class=\"mmp-map\" style=\"height: 300px;\"><\/div>\n\t\t\t\t\t\t\t<\/div>\n\t\t\t\t\t<\/div>\n\t\t<\/div>\n<h4>Verbreitung und Habitat:<\/h4>\n<p style=\"text-align: justify;\"><em>Calumma brevicorne<\/em> findet man mit gro\u00dfer Wahrscheinlichkeit im Analamazaotra, Teil des Nationalparks Andasibe-Mantadia. Diese Cham\u00e4leons sind dort recht h\u00e4ufig, und man kann sie ohne Probleme bei Nachtwanderungen schlafend im Ge\u00e4st und sogar tags\u00fcber am Wegesrand finden. Jungtiere lassen sich vor allem im Fr\u00fchjahr in Str\u00e4uchern und niedrigen B\u00e4umen direkt vor der Park Office von Analamazaotra und in Andasibe finden. Das Habitat von <em>Calumma brevicorne<\/em> besteht gr\u00f6\u00dftenteils aus prim\u00e4rem Regenwald, mit sehr hohen B\u00e4umen und viel Unterholz. In offenen Gebieten oder nahe D\u00f6rfern sind sie weniger h\u00e4ufig zu finden.<\/p>\n<h4>Aussehen und Gr\u00f6\u00dfe:<\/h4>\n<div id=\"attachment_14938\" style=\"width: 310px\" class=\"wp-caption alignright\"><a href=\"https:\/\/www.madcham.de\/wp-content\/uploads\/2018\/05\/Calumma-brevicorne-bei-der-Eiablage-Analamazaotra-2024-1.jpg\"><img loading=\"lazy\" decoding=\"async\" aria-describedby=\"caption-attachment-14938\" class=\"wp-image-14938 size-medium\" src=\"https:\/\/www.madcham.de\/wp-content\/uploads\/2018\/05\/Calumma-brevicorne-bei-der-Eiablage-Analamazaotra-2024-1-300x200.jpg\" alt=\"\" width=\"300\" height=\"200\" srcset=\"https:\/\/www.madcham.de\/wp-content\/uploads\/2018\/05\/Calumma-brevicorne-bei-der-Eiablage-Analamazaotra-2024-1-300x200.jpg 300w, https:\/\/www.madcham.de\/wp-content\/uploads\/2018\/05\/Calumma-brevicorne-bei-der-Eiablage-Analamazaotra-2024-1-1024x683.jpg 1024w, https:\/\/www.madcham.de\/wp-content\/uploads\/2018\/05\/Calumma-brevicorne-bei-der-Eiablage-Analamazaotra-2024-1-768x512.jpg 768w, https:\/\/www.madcham.de\/wp-content\/uploads\/2018\/05\/Calumma-brevicorne-bei-der-Eiablage-Analamazaotra-2024-1-1157x771.jpg 1157w, https:\/\/www.madcham.de\/wp-content\/uploads\/2018\/05\/Calumma-brevicorne-bei-der-Eiablage-Analamazaotra-2024-1-420x280.jpg 420w, https:\/\/www.madcham.de\/wp-content\/uploads\/2018\/05\/Calumma-brevicorne-bei-der-Eiablage-Analamazaotra-2024-1-81x54.jpg 81w, https:\/\/www.madcham.de\/wp-content\/uploads\/2018\/05\/Calumma-brevicorne-bei-der-Eiablage-Analamazaotra-2024-1-200x133.jpg 200w, https:\/\/www.madcham.de\/wp-content\/uploads\/2018\/05\/Calumma-brevicorne-bei-der-Eiablage-Analamazaotra-2024-1.jpg 1500w\" sizes=\"(max-width: 300px) 100vw, 300px\" \/><\/a><p id=\"caption-attachment-14938\" class=\"wp-caption-text\">Weibchen bei der Eiablage in Analamazaotra<\/p><\/div>\n<p style=\"text-align: justify;\"><em>Calumma brevicorne<\/em> geh\u00f6rt zu den gr\u00f6\u00dferen Cham\u00e4leonarten. Mit einer Gesamtl\u00e4nge von etwa 40 cm gegen\u00fcber nur 28 cm sind die M\u00e4nnchen die gr\u00f6\u00dferen Tiere im Geschlechtervergleich.\u00a0Diese Cham\u00e4leonart verf\u00fcgt \u00fcber gro\u00dfe Occipitallappen, die bei Erregung zus\u00e4tzlich zum Aufplustern und Bl\u00e4hen des Kehlsacks weit abgespreizt werden k\u00f6nnen. Dieses Imponiergehabe kommt besonders vor der Paarung und bei Kommentk\u00e4mpfen zum Einsatz, wird aber auch gegen aufdringliche Zweibeiner verwendet. Die M\u00e4nnchen haben neben Ihrer \u00fcberwiegend grau-braunen F\u00e4rbung teils rosafarbene Akzente auf ihrem nicht abgeflachten Nasenfortsatz, w\u00e4hrend Weibchen mit k\u00fcrzerem Nasentfortsatz gelbe Akzente im Bereich der Augen, des Helms und der Occipitallappen zeigen. Die gelbe F\u00e4rbung tritt auch bei einzelnen M\u00e4nnchen auf, die M\u00e4nnchen zeigen auch braune Bereiche an den Occipitallappen. Jungtiere sind sehr variabel gef\u00e4rbt, von hellem Gelb bis Dunkelbraun ist hier alles vertreten. Der R\u00fcckenkamm ist mit unterschiedlich gro\u00dfen Kegelschuppen versehen, die vor allem bei Babys auffallen. Im Folgenden findest du einige Fotos von Jungtieren der Art zum Vergleich.<\/p>\n<div id='gallery-1' class='gallery galleryid-775 gallery-columns-3 gallery-size-large'><figure class='gallery-item'>\n\t\t\t<div class='gallery-icon landscape'>\n\t\t\t\t<a href='https:\/\/www.madcham.de\/wp-content\/uploads\/2014\/09\/Calumma-brevicorne-in-Andasibe-2.jpg'><img loading=\"lazy\" decoding=\"async\" width=\"1000\" height=\"667\" src=\"https:\/\/www.madcham.de\/wp-content\/uploads\/2014\/09\/Calumma-brevicorne-in-Andasibe-2.jpg\" class=\"attachment-large size-large\" alt=\"\" srcset=\"https:\/\/www.madcham.de\/wp-content\/uploads\/2014\/09\/Calumma-brevicorne-in-Andasibe-2.jpg 1000w, https:\/\/www.madcham.de\/wp-content\/uploads\/2014\/09\/Calumma-brevicorne-in-Andasibe-2-300x200.jpg 300w, https:\/\/www.madcham.de\/wp-content\/uploads\/2014\/09\/Calumma-brevicorne-in-Andasibe-2-768x512.jpg 768w, https:\/\/www.madcham.de\/wp-content\/uploads\/2014\/09\/Calumma-brevicorne-in-Andasibe-2-420x280.jpg 420w, https:\/\/www.madcham.de\/wp-content\/uploads\/2014\/09\/Calumma-brevicorne-in-Andasibe-2-81x54.jpg 81w\" sizes=\"(max-width: 1000px) 100vw, 1000px\" \/><\/a>\n\t\t\t<\/div><\/figure><figure class='gallery-item'>\n\t\t\t<div class='gallery-icon landscape'>\n\t\t\t\t<a href='https:\/\/www.madcham.de\/wp-content\/uploads\/2014\/09\/Calumma-brevicorne-Jungtier.jpg'><img loading=\"lazy\" decoding=\"async\" width=\"1000\" height=\"639\" src=\"https:\/\/www.madcham.de\/wp-content\/uploads\/2014\/09\/Calumma-brevicorne-Jungtier.jpg\" class=\"attachment-large size-large\" alt=\"\" srcset=\"https:\/\/www.madcham.de\/wp-content\/uploads\/2014\/09\/Calumma-brevicorne-Jungtier.jpg 1000w, https:\/\/www.madcham.de\/wp-content\/uploads\/2014\/09\/Calumma-brevicorne-Jungtier-300x192.jpg 300w, https:\/\/www.madcham.de\/wp-content\/uploads\/2014\/09\/Calumma-brevicorne-Jungtier-768x491.jpg 768w, https:\/\/www.madcham.de\/wp-content\/uploads\/2014\/09\/Calumma-brevicorne-Jungtier-420x268.jpg 420w, https:\/\/www.madcham.de\/wp-content\/uploads\/2014\/09\/Calumma-brevicorne-Jungtier-81x52.jpg 81w\" sizes=\"(max-width: 1000px) 100vw, 1000px\" \/><\/a>\n\t\t\t<\/div><\/figure><figure class='gallery-item'>\n\t\t\t<div class='gallery-icon landscape'>\n\t\t\t\t<a href='https:\/\/www.madcham.de\/wp-content\/uploads\/2016\/07\/Calumma-brevicorne-Baby-aus-Andasibe.jpg'><img loading=\"lazy\" decoding=\"async\" width=\"1000\" height=\"638\" src=\"https:\/\/www.madcham.de\/wp-content\/uploads\/2016\/07\/Calumma-brevicorne-Baby-aus-Andasibe.jpg\" class=\"attachment-large size-large\" alt=\"\" srcset=\"https:\/\/www.madcham.de\/wp-content\/uploads\/2016\/07\/Calumma-brevicorne-Baby-aus-Andasibe.jpg 1000w, https:\/\/www.madcham.de\/wp-content\/uploads\/2016\/07\/Calumma-brevicorne-Baby-aus-Andasibe-300x191.jpg 300w, https:\/\/www.madcham.de\/wp-content\/uploads\/2016\/07\/Calumma-brevicorne-Baby-aus-Andasibe-768x490.jpg 768w, https:\/\/www.madcham.de\/wp-content\/uploads\/2016\/07\/Calumma-brevicorne-Baby-aus-Andasibe-420x268.jpg 420w, https:\/\/www.madcham.de\/wp-content\/uploads\/2016\/07\/Calumma-brevicorne-Baby-aus-Andasibe-81x52.jpg 81w\" sizes=\"(max-width: 1000px) 100vw, 1000px\" \/><\/a>\n\t\t\t<\/div><\/figure><figure class='gallery-item'>\n\t\t\t<div class='gallery-icon landscape'>\n\t\t\t\t<a href='https:\/\/www.madcham.de\/wp-content\/uploads\/2014\/09\/MG_9171mittel.jpg'><img loading=\"lazy\" decoding=\"async\" width=\"1000\" height=\"667\" src=\"https:\/\/www.madcham.de\/wp-content\/uploads\/2014\/09\/MG_9171mittel.jpg\" class=\"attachment-large size-large\" alt=\"\" srcset=\"https:\/\/www.madcham.de\/wp-content\/uploads\/2014\/09\/MG_9171mittel.jpg 1000w, https:\/\/www.madcham.de\/wp-content\/uploads\/2014\/09\/MG_9171mittel-300x200.jpg 300w\" sizes=\"(max-width: 1000px) 100vw, 1000px\" \/><\/a>\n\t\t\t<\/div><\/figure><figure class='gallery-item'>\n\t\t\t<div class='gallery-icon landscape'>\n\t\t\t\t<a href='https:\/\/www.madcham.de\/wp-content\/uploads\/2014\/09\/Brevicorne6.jpg'><img loading=\"lazy\" decoding=\"async\" width=\"1000\" height=\"684\" src=\"https:\/\/www.madcham.de\/wp-content\/uploads\/2014\/09\/Brevicorne6.jpg\" class=\"attachment-large size-large\" alt=\"\" srcset=\"https:\/\/www.madcham.de\/wp-content\/uploads\/2014\/09\/Brevicorne6.jpg 1000w, https:\/\/www.madcham.de\/wp-content\/uploads\/2014\/09\/Brevicorne6-300x205.jpg 300w\" sizes=\"(max-width: 1000px) 100vw, 1000px\" \/><\/a>\n\t\t\t<\/div><\/figure><figure class='gallery-item'>\n\t\t\t<div class='gallery-icon landscape'>\n\t\t\t\t<a href='https:\/\/www.madcham.de\/wp-content\/uploads\/2018\/05\/Calumma-brevicorne-in-Maromizaha-2024-1.jpg'><img loading=\"lazy\" decoding=\"async\" width=\"1024\" height=\"683\" src=\"https:\/\/www.madcham.de\/wp-content\/uploads\/2018\/05\/Calumma-brevicorne-in-Maromizaha-2024-1-1024x683.jpg\" class=\"attachment-large size-large\" alt=\"\" srcset=\"https:\/\/www.madcham.de\/wp-content\/uploads\/2018\/05\/Calumma-brevicorne-in-Maromizaha-2024-1-1024x683.jpg 1024w, https:\/\/www.madcham.de\/wp-content\/uploads\/2018\/05\/Calumma-brevicorne-in-Maromizaha-2024-1-300x200.jpg 300w, https:\/\/www.madcham.de\/wp-content\/uploads\/2018\/05\/Calumma-brevicorne-in-Maromizaha-2024-1-768x512.jpg 768w, https:\/\/www.madcham.de\/wp-content\/uploads\/2018\/05\/Calumma-brevicorne-in-Maromizaha-2024-1-1157x771.jpg 1157w, https:\/\/www.madcham.de\/wp-content\/uploads\/2018\/05\/Calumma-brevicorne-in-Maromizaha-2024-1-420x280.jpg 420w, https:\/\/www.madcham.de\/wp-content\/uploads\/2018\/05\/Calumma-brevicorne-in-Maromizaha-2024-1-81x54.jpg 81w, https:\/\/www.madcham.de\/wp-content\/uploads\/2018\/05\/Calumma-brevicorne-in-Maromizaha-2024-1-200x133.jpg 200w, https:\/\/www.madcham.de\/wp-content\/uploads\/2018\/05\/Calumma-brevicorne-in-Maromizaha-2024-1.jpg 1500w\" sizes=\"(max-width: 1024px) 100vw, 1024px\" \/><\/a>\n\t\t\t<\/div><\/figure>\n\t\t<\/div>\n\n<p>&nbsp;<\/p>\n<h4 style=\"text-align: center;\">Gewichtstabelle<\/h4>\n<p><img loading=\"lazy\" decoding=\"async\" class=\"aligncenter size-full wp-image-6674\" src=\"https:\/\/www.madcham.de\/wp-content\/uploads\/2017\/12\/Gewichtstabelle-Calumma-brevicorne-2018.jpg\" alt=\"Gewichtstabelle Calumma brevicorne 2018\" width=\"665\" height=\"413\" srcset=\"https:\/\/www.madcham.de\/wp-content\/uploads\/2017\/12\/Gewichtstabelle-Calumma-brevicorne-2018.jpg 665w, https:\/\/www.madcham.de\/wp-content\/uploads\/2017\/12\/Gewichtstabelle-Calumma-brevicorne-2018-300x186.jpg 300w, https:\/\/www.madcham.de\/wp-content\/uploads\/2017\/12\/Gewichtstabelle-Calumma-brevicorne-2018-420x261.jpg 420w, https:\/\/www.madcham.de\/wp-content\/uploads\/2017\/12\/Gewichtstabelle-Calumma-brevicorne-2018-81x50.jpg 81w\" sizes=\"(max-width: 665px) 100vw, 665px\" \/><\/p>\n<p style=\"text-align: justify; clear: both;\">Seit 2015 messen wir die Gewichte von uns gefundener Cham\u00e4leons auf Madagaskar, soweit die Tiere (und unsere Waagen) mitmachen. Bisher sind es nur wenige Gewichte, langfristig soll sich aus einer m\u00f6glichst gro\u00dfen Anzahl Messungen ein durchschnittliches Gewicht im Verh\u00e4ltnis zur Kopf-Rumpf-L\u00e4nge (gemessen von der Nasenspitze bis zur Kloake) f\u00fcr jede Art ablesen lassen. Das hei\u00dft, aus den aktuellen Tabellen l\u00e4sst sich leider <em>noch<\/em> nicht allzuviel herauslesen, sie k\u00f6nnen jedoch ein erster Anhaltspunkt sein. Wichtig zu wissen ist, dass alle Gewichte gegen Ende der Regenzeit (= bestes Futterangebot) gemessen wurde, <strong>es d\u00fcrfte sich also um Maximalgewichte auf Madagaskar handeln<\/strong>. Dreieckige Symbole bei Weibchen bedeuten nicht tr\u00e4chtig, runde Symbole bedeuten tr\u00e4chtig.<\/p>\n<p>&nbsp;<\/p>\n\t\t\t\t\t\t<style>\r\n\t\t\t\t\r\n\t\t\t\t\t#tab_container_5166 {\r\n\toverflow:hidden;\r\n\tdisplay:block;\r\n\twidth:100%;\r\n\tborder:0px solid #ddd;\r\n\tmargin-bottom:30px;\r\n\t}\r\n\r\n#tab_container_5166 .tab-content{\r\n\tpadding:20px;\r\n\tborder: 1px solid #e6e6e6 !important;\r\n\tmargin-top: 0px;\r\n\tbackground-color:#ffffff !important;\r\n\tcolor: #3e3e3e !important;\r\n\tfont-size:13px !important;\r\n\tfont-family: Open Sans !important;\r\n\t\r\n\t\tborder: 1px solid #e6e6e6 !important;\r\n\t}\r\n#tab_container_5166 .wpsm_nav-tabs {\r\n    border-bottom: 0px solid #ddd;\r\n}\r\n#tab_container_5166 .wpsm_nav-tabs > li.active > a, #tab_container_5166 .wpsm_nav-tabs > li.active > a:hover, #tab_container_5166 .wpsm_nav-tabs > li.active > a:focus {\r\n\tcolor: #3e3e3e !important;\r\n\tcursor: default;\r\n\tbackground-color: #ffffff !important;\r\n\tborder: 1px solid #e6e6e6 !important;\r\n}\r\n\r\n#tab_container_5166 .wpsm_nav-tabs > li > a {\r\n    margin-right: 0px !important; \r\n    line-height: 1.42857143 !important;\r\n    border: 1px solid #d5d5d5 !important;\r\n    border-radius: 0px 0px 0 0 !important; \r\n\tbackground-color: #e8e8e8 !important;\r\n\tcolor: #3e3e3e !important;\r\n\tpadding: 15px 18px 15px 18px !important;\r\n\ttext-decoration: none !important;\r\n\tfont-size: 13px !important;\r\n\ttext-align:center !important;\r\n\tfont-family: Open Sans !important;\r\n}\r\n#tab_container_5166 .wpsm_nav-tabs > li > a:focus {\r\noutline: 0px !important;\r\n}\r\n\r\n#tab_container_5166 .wpsm_nav-tabs > li > a:before {\r\n\tdisplay:none !important;\r\n}\r\n#tab_container_5166 .wpsm_nav-tabs > li > a:after {\r\n\tdisplay:none !important ;\r\n}\r\n#tab_container_5166 .wpsm_nav-tabs > li{\r\npadding:0px !important ;\r\nmargin:0px;\r\n}\r\n\r\n#tab_container_5166 .wpsm_nav-tabs > li > a:hover , #tab_container_5166 .wpsm_nav-tabs > li > a:focus {\r\n    color: #3e3e3e !important;\r\n    background-color: #e8e8e8 !important;\r\n\tborder: 1px solid #d5d5d5 !important;\r\n\t\r\n}\r\n#tab_container_5166 .wpsm_nav-tabs > li > a .fa{\r\n\r\nmargin-right:5px !important;\r\n\r\nmargin-left:5px !important;\r\n\r\n\r\n}\r\n\r\n\t\t#tab_container_5166 .wpsm_nav-tabs a{\r\n\t\t\tbackground-image: none;\r\n\t\t\tbackground-position: 0 0;\r\n\t\t\tbackground-repeat: repeat-x;\r\n\t\t}\r\n\t\t\t\r\n\r\n\r\n#tab_container_5166 .wpsm_nav-tabs > li {\r\n    float: left;\r\n    margin-bottom: -1px !important;\r\n\tmargin-right:0px !important; \r\n}\r\n\r\n\r\n#tab_container_5166 .tab-content{\r\noverflow:hidden !important;\r\n}\r\n\r\n\r\n@media (min-width: 769px) {\r\n\r\n\t#tab_container_5166 .wpsm_nav-tabs > li{\r\n\t\tfloat:left !important ;\r\n\t\t\t\tmargin-right:-1px !important;\r\n\t\t\t\t\t}\r\n\t#tab_container_5166 .wpsm_nav-tabs{\r\n\t\tfloat:none !important;\r\n\t\tmargin:0px !important;\r\n\t}\r\n\r\n\t#tab_container_5166 .wpsm_nav-tabs > li {\r\n\t\t\t\t\r\n\t}\r\n\t#tab_container_5166 .wpsm_nav{\r\n\t\t\t}\r\n\r\n}\r\n\r\n\r\n\r\n@media (max-width: 768px) {\r\n\t#tab_container_5166 .wpsm_nav-tabs > li {\r\n\t\t\t\t\r\n\t}\r\n\t#tab_container_5166 .wpsm_nav{\r\n\t\t\t}\r\n}\r\n\r\n\r\n\t.wpsm_nav-tabs li:before{\r\n\t\tdisplay:none !important;\r\n\t}\r\n\r\n\t@media (max-width: 768px) {\r\n\t\t\t\t\r\n\t\t\t\t.wpsm_nav-tabs{\r\n\t\t\tmargin-left:0px !important;\r\n\t\t\tmargin-right:0px !important; \r\n\t\t\t\r\n\t\t}\r\n\t\t\t\t#tab_container_5166 .wpsm_nav-tabs > li{\r\n\t\t\tfloat:none !important;\r\n\t\t}\r\n\t\t\t\r\n\t}\t\t\t\t<\/style>\r\n\t\t\t\t<div id=\"tab_container_5166\" >\r\n\t \r\n\t\t\t\t\t<ul class=\"wpsm_nav wpsm_nav-tabs\" role=\"tablist\" id=\"myTab_5166\">\r\n\t\t\t\t\t\t\t\r\n\t\t\t\t\t\t\t<li role=\"presentation\"  class=\"active\"  onclick=\"do_resize()\">\r\n\t\t\t\t\t\t\t\t<a href=\"#tabs_desc_5166_1\" aria-controls=\"tabs_desc_5166_1\" role=\"tab\" data-toggle=\"tab\">\r\n\t\t\t\t\t\t\t\t\t\r\n\t\t\t\t\t\t\t\t\t\t\t\t\t\t\t\t\t\t\t\t\t\t\t\t\t\t\t\t\t\t\t<i class=\"fa fa-calendar\"><\/i> \t\t\t\t\t\t\t\t\t\t\t\t\t\t\t\t\t\t\t\r\n\t\t\t\t\t\t\t\t\t\t\t\t\t\t\t\t\t\t\r\n\t\t\t\t\t\t\t\t\t<span>Klimatabelle<\/span>\r\n\t\t\t\t\t\t\t\t\t\r\n\t\t\t\t\t\t\t\t\t\t\t\t\t\t\t\t\t\t\r\n\t\t\t\t\t\t\t\t\t\t\t\t\t\t\t\t\t\t\t\t\r\n\t\t\t\t\t\t\t\t\t\r\n\t\t\t\t\t\t\t\t<\/a>\r\n\t\t\t\t\t\t\t<\/li>\r\n\t\t\t\t\t\t\t\r\n\t\t\t\t\t\t\t<li role=\"presentation\"  onclick=\"do_resize()\">\r\n\t\t\t\t\t\t\t\t<a href=\"#tabs_desc_5166_2\" aria-controls=\"tabs_desc_5166_2\" role=\"tab\" data-toggle=\"tab\">\r\n\t\t\t\t\t\t\t\t\t\r\n\t\t\t\t\t\t\t\t\t\t\t\t\t\t\t\t\t\t\t\t\t\t\t\t\t\t\t\t\t\t\t<i class=\"fa fa-cloud\"><\/i> \t\t\t\t\t\t\t\t\t\t\t\t\t\t\t\t\t\t\t\r\n\t\t\t\t\t\t\t\t\t\t\t\t\t\t\t\t\t\t\r\n\t\t\t\t\t\t\t\t\t<span>Mehr zum Klima<\/span>\r\n\t\t\t\t\t\t\t\t\t\r\n\t\t\t\t\t\t\t\t\t\t\t\t\t\t\t\t\t\t\r\n\t\t\t\t\t\t\t\t\t\t\t\t\t\t\t\t\t\t\t\t\r\n\t\t\t\t\t\t\t\t\t\r\n\t\t\t\t\t\t\t\t<\/a>\r\n\t\t\t\t\t\t\t<\/li>\r\n\t\t\t\t\t\t\t\r\n\t\t\t\t\t\t\t<li role=\"presentation\"  onclick=\"do_resize()\">\r\n\t\t\t\t\t\t\t\t<a href=\"#tabs_desc_5166_3\" aria-controls=\"tabs_desc_5166_3\" role=\"tab\" data-toggle=\"tab\">\r\n\t\t\t\t\t\t\t\t\t\r\n\t\t\t\t\t\t\t\t\t\t\t\t\t\t\t\t\t\t\t\t\t\t\t\t\t\t\t\t\t\t\t<i class=\"fa fa-sun-o\"><\/i> \t\t\t\t\t\t\t\t\t\t\t\t\t\t\t\t\t\t\t\r\n\t\t\t\t\t\t\t\t\t\t\t\t\t\t\t\t\t\t\r\n\t\t\t\t\t\t\t\t\t<span>UVB-Indizes<\/span>\r\n\t\t\t\t\t\t\t\t\t\r\n\t\t\t\t\t\t\t\t\t\t\t\t\t\t\t\t\t\t\r\n\t\t\t\t\t\t\t\t\t\t\t\t\t\t\t\t\t\t\t\t\r\n\t\t\t\t\t\t\t\t\t\r\n\t\t\t\t\t\t\t\t<\/a>\r\n\t\t\t\t\t\t\t<\/li>\r\n\t\t\t\t\t\t\t\r\n\t\t\t\t\t\t\t<li role=\"presentation\"  onclick=\"do_resize()\">\r\n\t\t\t\t\t\t\t\t<a href=\"#tabs_desc_5166_4\" aria-controls=\"tabs_desc_5166_4\" role=\"tab\" data-toggle=\"tab\">\r\n\t\t\t\t\t\t\t\t\t\r\n\t\t\t\t\t\t\t\t\t\t\t\t\t\t\t\t\t\t\t\t\t\t\t\t\t\t\t\t\t\t\t<i class=\"fa fa-leaf\"><\/i> \t\t\t\t\t\t\t\t\t\t\t\t\t\t\t\t\t\t\t\r\n\t\t\t\t\t\t\t\t\t\t\t\t\t\t\t\t\t\t\r\n\t\t\t\t\t\t\t\t\t<span>Bodentemperaturen<\/span>\r\n\t\t\t\t\t\t\t\t\t\r\n\t\t\t\t\t\t\t\t\t\t\t\t\t\t\t\t\t\t\r\n\t\t\t\t\t\t\t\t\t\t\t\t\t\t\t\t\t\t\t\t\r\n\t\t\t\t\t\t\t\t\t\r\n\t\t\t\t\t\t\t\t<\/a>\r\n\t\t\t\t\t\t\t<\/li>\r\n\t\t\t\t\t\t\t\r\n\t\t\t\t\t\t\t<li role=\"presentation\"  onclick=\"do_resize()\">\r\n\t\t\t\t\t\t\t\t<a href=\"#tabs_desc_5166_5\" aria-controls=\"tabs_desc_5166_5\" role=\"tab\" data-toggle=\"tab\">\r\n\t\t\t\t\t\t\t\t\t\r\n\t\t\t\t\t\t\t\t\t\t\t\t\t\t\t\t\t\t\t\t\t\t\t\t\t\t\t\t\t\t\t<i class=\"fa fa-arrow-circle-o-down\"><\/i> \t\t\t\t\t\t\t\t\t\t\t\t\t\t\t\t\t\t\t\r\n\t\t\t\t\t\t\t\t\t\t\t\t\t\t\t\t\t\t\r\n\t\t\t\t\t\t\t\t\t<span>Luftdruck<\/span>\r\n\t\t\t\t\t\t\t\t\t\r\n\t\t\t\t\t\t\t\t\t\t\t\t\t\t\t\t\t\t\r\n\t\t\t\t\t\t\t\t\t\t\t\t\t\t\t\t\t\t\t\t\r\n\t\t\t\t\t\t\t\t\t\r\n\t\t\t\t\t\t\t\t<\/a>\r\n\t\t\t\t\t\t\t<\/li>\r\n\t\t\t\t\t\t\t\t\t\t\t <\/ul>\r\n\r\n\t\t\t\t\t  <!-- Tab panes -->\r\n\t\t\t\t\t  <div class=\"tab-content\" id=\"tab-content_5166\">\r\n\t\t\t\t\t\t\t\t\t\t\t\t <div role=\"tabpanel\" class=\"tab-pane  in active \" id=\"tabs_desc_5166_1\">\r\n\t\t\t\t\t\t\t\t<table style=\"height: 186px\" width=\"990\">\r\n<tbody>\r\n<tr>\r\n<td><\/td>\r\n<td>Jan<\/td>\r\n<td>Feb<\/td>\r\n<td>M\u00e4r<\/td>\r\n<td>Apr<\/td>\r\n<td>Mai<\/td>\r\n<td>Jun<\/td>\r\n<td>Jul<\/td>\r\n<td>Aug<\/td>\r\n<td>Sep<\/td>\r\n<td>Okt<\/td>\r\n<td>Nov<\/td>\r\n<td>Dez<\/td>\r\n<\/tr>\r\n<tr>\r\n<td>Durchschnittl.\r\nTemperatur<\/td>\r\n<td>23<\/td>\r\n<td>24<\/td>\r\n<td>23<\/td>\r\n<td>23<\/td>\r\n<td>22<\/td>\r\n<td>19<\/td>\r\n<td>19<\/td>\r\n<td>19<\/td>\r\n<td>20<\/td>\r\n<td>21<\/td>\r\n<td>22<\/td>\r\n<td>23<\/td>\r\n<\/tr>\r\n<tr>\r\n<td>Minimale\r\nTemperatur<\/td>\r\n<td>20<\/td>\r\n<td>20<\/td>\r\n<td>20<\/td>\r\n<td>19<\/td>\r\n<td>18<\/td>\r\n<td>15<\/td>\r\n<td>15<\/td>\r\n<td>15<\/td>\r\n<td>15<\/td>\r\n<td>16<\/td>\r\n<td>18<\/td>\r\n<td>19<\/td>\r\n<\/tr>\r\n<tr>\r\n<td>Maximale\r\nTemperatur<\/td>\r\n<td>27<\/td>\r\n<td>27<\/td>\r\n<td>27<\/td>\r\n<td>27<\/td>\r\n<td>25<\/td>\r\n<td>23<\/td>\r\n<td>23<\/td>\r\n<td>23<\/td>\r\n<td>24<\/td>\r\n<td>25<\/td>\r\n<td>26<\/td>\r\n<td>27<\/td>\r\n<\/tr>\r\n<tr>\r\n<td>Regentage<\/td>\r\n<td>27<\/td>\r\n<td>24<\/td>\r\n<td>26<\/td>\r\n<td>19<\/td>\r\n<td>17<\/td>\r\n<td>18<\/td>\r\n<td>21<\/td>\r\n<td>20<\/td>\r\n<td>15<\/td>\r\n<td>16<\/td>\r\n<td>20<\/td>\r\n<td>25<\/td>\r\n<\/tr>\r\n<\/tbody>\r\n<\/table>\r\n<p style=\"text-align: justify\">Die angegebenen Daten wurden von uns innerhalb mehrerer Jahre mit Thermo- und Hygrometern direkt an den Fundorten der Tiere gemessen und zusammengetragen. \"Durchschnittliche Temperatur\" bedeutet, dass die Werte eines gesamten Monats zu einem Durchschnittswert berechnet wurden, z.B. wurden alle gemessenen Minimalwerte eines Monats zu einem durchschnittlichen Minimalwert f\u00fcr Februar berechnet. Das bedeutet im Klartext, dass einzelne Spitzenwerte eines Tages deutlich h\u00f6her oder niedriger als die durchschnittlichen Minimal- und Maximalwerte liegen k\u00f6nnen. Es ist also m\u00f6glich, dass zwar das durchschnittliche Maximum bei 29 Grad liegt, es aber an einigen Tagen des Monats 33\u00b0C oder gar 35\u00b0C warm war.<br><\/br>\r\nDrei Beispiele f\u00fcr einen Tagesverlauf der Temperaturen rund um Andasibe  in der <b>Regenzeit<\/b> finden sich im Folgenden. Sie wurden 2023 mit Datenloggern aufgezeichnet.<\/p>\r\n<img loading=\"lazy\" decoding=\"async\" class=\"aligncenter wp-image-4189 size-full\" src=\"https:\/\/www.madcham.de\/wp-content\/uploads\/2023\/03\/Temperatur-2023-Andasibe-1.jpg\" alt=\"2023 Temperaturen in Andasibe\" width=\"657\" height=\"437\" \/>\r\n<img loading=\"lazy\" decoding=\"async\" class=\"aligncenter wp-image-4189 size-full\" src=\"https:\/\/www.madcham.de\/wp-content\/uploads\/2023\/03\/Temperatur-2023-Andasibe-2.jpg\" alt=\"2023 Temperaturen in Andasibe\" width=\"657\" height=\"437\" \/>\r\n<img loading=\"lazy\" decoding=\"async\" class=\"aligncenter wp-image-4189 size-full\" src=\"https:\/\/www.madcham.de\/wp-content\/uploads\/2023\/03\/Temperatur-2023-Andasibe-3.jpg\" alt=\"2023 Temperaturen in Andasibe\" width=\"657\" height=\"437\" \/>\t\t\t\t\t\t <\/div>\r\n\t\t\t\t\t\t\t\t\t\t\t\t <div role=\"tabpanel\" class=\"tab-pane \" id=\"tabs_desc_5166_2\">\r\n\t\t\t\t\t\t\t\t<p style=\"text-align: justify\">Die Region um Andasibe mit den dazugeh\u00f6rigen W\u00e4ldern Mantadia, Mitsinjo und Analamazaotra liegen im \u00f6stlichen Hochland Madagaskars auf H\u00f6hen zwischen 900 und 1250 m \u00fcber Meeresniveau. Es wird deshalb tags\u00fcber zwar mal \u00fcber 25\u00b0C warm, \u00fcber die 30\u00b0-Grenze klettert das Thermometer aber eher selten oder nur in Sonnenflecken. Nachts fallen die Temperaturen vor allem w\u00e4hrend der Trockenzeit tief in den Keller. 10\u00b0 bis 15\u00b0 Grad sind die Regel.\r\n<\/p>\r\n<p style=\"text-align: justify\">\r\nDie Luftfeuchtigkeit in den Regenw\u00e4ldern um Andasibe ist das ganze Jahr \u00fcber hoch. W\u00e4hrend der Regenzeit regnet es t\u00e4glich ausgiebig, manchmal h\u00e4lt der Regen \u00fcber Tage an. Aber auch die Trockenzeit unterscheidet sich nicht massiv, au\u00dfer dass sie insgesamt etwas k\u00fchlere Temperaturen aufweist und nachts tiefere Temperaturen erreicht. Es regnet trotzdem mindestens jeden zweiten Tag. Regen, hohe Luftfeuchtigkeit und n\u00e4chtlicher Temperatursturz sind daher die zentralen Punkte im Klima Andasibes. 2023 haben wir mit Datenloggern die relative Luftfeuchtigkeit an verschiedenen Tagen rund um Andasibe in der <b>Regenzeit<\/b> gemessen, die Daten finden sich im Folgenden.<\/p>\r\n<img loading=\"lazy\" decoding=\"async\" class=\"aligncenter wp-image-4189 size-full\" src=\"https:\/\/www.madcham.de\/wp-content\/uploads\/2023\/03\/Luftfeuchtigkeit-2023-Andasibe-3.jpg\" alt=\"2023 Luftfeuchtigkeit in Andasibe\" width=\"657\" height=\"437\" \/>\r\n<img loading=\"lazy\" decoding=\"async\" class=\"aligncenter wp-image-4189 size-full\" src=\"https:\/\/www.madcham.de\/wp-content\/uploads\/2023\/03\/Luftfeuchtigkeit-2023-Andasibe-2.jpg\" alt=\"2023 Luftfeuchtigkeit in Andasibe\" width=\"657\" height=\"437\" \/>\r\n<img loading=\"lazy\" decoding=\"async\" class=\"aligncenter wp-image-4189 size-full\" src=\"https:\/\/www.madcham.de\/wp-content\/uploads\/2023\/03\/Luftfeuchtigkeit-2023-Andasibe-1.jpg\" alt=\"2023 Luftfeuchtigkeit in Andasibe\" width=\"657\" height=\"437\" \/>\t\t\t\t\t\t <\/div>\r\n\t\t\t\t\t\t\t\t\t\t\t\t <div role=\"tabpanel\" class=\"tab-pane \" id=\"tabs_desc_5166_3\">\r\n\t\t\t\t\t\t\t\t<img loading=\"lazy\" decoding=\"async\" class=\"aligncenter wp-image-4189 size-full\" src=\"https:\/\/www.madcham.de\/wp-content\/uploads\/2014\/09\/uvi_andasibe3.jpg\" alt=\"2014 UVI Andasibe\" width=\"657\" height=\"437\" \/>\r\n<img loading=\"lazy\" decoding=\"async\" class=\"aligncenter wp-image-4189 size-full\" src=\"https:\/\/www.madcham.de\/wp-content\/uploads\/2014\/09\/uvi_andasibe2.jpg\" alt=\"2016 UVI Andasibe\" width=\"657\" height=\"437\" \/>\r\n<p style=\"text-align: justify\">Die UVB-Daten wurden mit einem Solarmeter 6.5 im Fr\u00fchjahr (M\u00e4rz, April) zur h\u00f6chsten Aktivit\u00e4tszeit der Cham\u00e4leons gemessen. Gemessen wurden jeweils maximal f\u00fcr das Cham\u00e4leon zu erreichende Werte im Habitat.<\/p>\t\t\t\t\t\t <\/div>\r\n\t\t\t\t\t\t\t\t\t\t\t\t <div role=\"tabpanel\" class=\"tab-pane \" id=\"tabs_desc_5166_4\">\r\n\t\t\t\t\t\t\t\t<table style=\"height: 186px\" width=\"990\">\r\n<tbody>\r\n<tr>\r\n<td><\/td>\r\n<td>Jan<\/td>\r\n<td>Feb<\/td>\r\n<td>M\u00e4r<\/td>\r\n<td>Apr<\/td>\r\n<td>Mai<\/td>\r\n<td>Jun<\/td>\r\n<td>Jul<\/td>\r\n<td>Aug<\/td>\r\n<td>Sep<\/td>\r\n<td>Okt<\/td>\r\n<td>Nov<\/td>\r\n<td>Dez<\/td>\r\n<\/tr>\r\n<tr>\r\n<td>Morgens<\/td>\r\n<td>23,2<\/td>\r\n<td>23,4<\/td>\r\n<td>22,0<\/td>\r\n<td>22,1<\/td>\r\n<td>20,5<\/td>\r\n<td>16,0<\/td>\r\n<td>16,3<\/td>\r\n<td>16,5<\/td>\r\n<td>17,4<\/td>\r\n<td>16,7<\/td>\r\n<td>21,2<\/td>\r\n<td>-<\/td>\r\n<\/tr>\r\n<tr>\r\n<td>Mittags<\/td>\r\n<td>25,4<\/td>\r\n<td>25,3<\/td>\r\n<td>24,5<\/td>\r\n<td>22,5<\/td>\r\n<td>20,2<\/td>\r\n<td>16,5<\/td>\r\n<td>16,3<\/td>\r\n<td>17,7<\/td>\r\n<td>18,3<\/td>\r\n<td>18,0<\/td>\r\n<td>21,4<\/td>\r\n<td>-<\/td>\r\n<\/tr>\r\n<tr>\r\n<td>Abends<\/td>\r\n<td>25,5<\/td>\r\n<td>25,1<\/td>\r\n<td>25,0<\/td>\r\n<td>25,3<\/td>\r\n<td>20,8<\/td>\r\n<td>17,2<\/td>\r\n<td>16,1<\/td>\r\n<td>17,0<\/td>\r\n<td>19,6<\/td>\r\n<td>23,0<\/td>\r\n<td>22,0<\/td>\r\n<td>-<\/td>\r\n<\/tr>\r\n<\/tbody>\r\n<\/table>\r\n<p style=\"text-align: justify\">Zwischen dem 21. M\u00e4rz 2018 und dem 05. Februar 2019 haben wir etwa jeden zweiten Tag <a href=\"https:\/\/www.madcham.de\/de\/publikationen\/\">Bodentemperaturen im Regenwald von Andasibe<\/a> und Umgebung (Analamazaotra, Andasibe, V.O.I.M.M.A. und Mitsinjo) gemessen \u2013 die Tabelle ist das Ergebnis dieser Messungen. Lediglich im Dezember wurden keine Messungen vorgenommen. Eine ausf\u00fchrliche Besprechung findet sich <a href=\"https:\/\/www.madcham.de\/de\/publikationen\/\">hier<\/a>. Insgesamt haben wir 418 Bodentemperaturmessungen durchgef\u00fchrt und gesch\u00e4tzte 70 verschiedene Stellen in Andasibe und Umgebung in 20 cm Tiefe gemessen.<\/p>\t\t\t\t\t\t <\/div>\r\n\t\t\t\t\t\t\t\t\t\t\t\t <div role=\"tabpanel\" class=\"tab-pane \" id=\"tabs_desc_5166_5\">\r\n\t\t\t\t\t\t\t\t<p style=\"text-align: justify\">2023 haben wir zus\u00e4tzlich zu anderen Klimadaten auch den Luftdruck an den von uns besuchten Orten auf Madagaskar gemessen. Die folgenden Daten stammen von verschiedenen Tagen w\u00e4hrend der <b>Regenzeit<\/b> rund um Andasibe. Auf der X-Achse befindet sich die Tages- oder Nachtzeit. Auf Madagaskar beginnt der Tag gegen 6 Uhr, die Nacht bricht bereits um 18 Uhr an. Die Y-Achse zeigt den atmosph\u00e4rischen Luftdruck in hPa an.<\/p>\r\n\r\n<img loading=\"lazy\" decoding=\"async\" class=\"aligncenter wp-image-4189 size-full\" src=\"https:\/\/www.madcham.de\/wp-content\/uploads\/2023\/03\/Luftdruck-2023-Andasibe-3.jpg\" alt=\"2023 Luftdruck in Andasibe\" width=\"657\" height=\"437\" \/>\r\n<img loading=\"lazy\" decoding=\"async\" class=\"aligncenter wp-image-4189 size-full\" src=\"https:\/\/www.madcham.de\/wp-content\/uploads\/2023\/03\/Luftdruck-2023-Andasibe-2.jpg\" alt=\"2023 Luftdruck in Andasibe\" width=\"657\" height=\"437\" \/>\r\n<img loading=\"lazy\" decoding=\"async\" class=\"aligncenter wp-image-4189 size-full\" src=\"https:\/\/www.madcham.de\/wp-content\/uploads\/2023\/03\/Luftdruck-2023-Andasibe-1.jpg\" alt=\"2023 Luftdruck in Andasibe\" width=\"657\" height=\"437\" \/>\t\t\t\t\t\t <\/div>\r\n\t\t\t\t\t\t\t\r\n\t\t\t\t\t <\/div>\r\n\t\t\t\t\t \r\n\t\t\t\t <\/div>\r\n <script>\r\n\t\tjQuery(function () {\r\n\t\t\tjQuery('#myTab_5166 a:first').tab('show')\r\n\t\t});\r\n\t\t\r\n\t\t\t\tjQuery(function(){\r\n\t\t\tvar b=\"fadeIn\";\r\n\t\t\tvar c;\r\n\t\t\tvar a;\r\n\t\t\td(jQuery(\"#myTab_5166 a\"),jQuery(\"#tab-content_5166\"));function d(e,f,g){\r\n\t\t\t\te.click(function(i){\r\n\t\t\t\t\ti.preventDefault();\r\n\t\t\t\t\tjQuery(this).tab(\"show\");\r\n\t\t\t\t\tvar h=jQuery(this).data(\"easein\");\r\n\t\t\t\t\tif(c){c.removeClass(a);}\r\n\t\t\t\t\tif(h){f.find(\"div.active\").addClass(\"animated \"+h);a=h;}\r\n\t\t\t\t\telse{if(g){f.find(\"div.active\").addClass(\"animated \"+g);a=g;}else{f.find(\"div.active\").addClass(\"animated \"+b);a=b;}}c=f.find(\"div.active\");\r\n\t\t\t\t});\r\n\t\t\t}\r\n\t\t});\r\n\t\t\r\n\r\n\t\tfunction do_resize(){\r\n\r\n\t\t\tvar width=jQuery( '.tab-content .tab-pane iframe' ).width();\r\n\t\t\tvar height=jQuery( '.tab-content .tab-pane iframe' ).height();\r\n\r\n\t\t\tvar toggleSize = true;\r\n\t\t\tjQuery('iframe').animate({\r\n\t\t\t    width: toggleSize ? width : 640,\r\n\t\t\t    height: toggleSize ? height : 360\r\n\t\t\t  }, 250);\r\n\r\n\t\t\t  toggleSize = !toggleSize;\r\n\t\t}\r\n\r\n\r\n\t<\/script>\r\n\t\t\t\t\r\n\t\t\t\n<h4>Habitat:<\/h4>\n<p style=\"text-align: justify;\">Die folgenden Fotos zeigen Ausschnitte aus dem Habitat von <em>Calumma brevicorne i<\/em>n der Region rund um Andasibe. Einige sind direkt von Fundorten der Art. Die Regenw\u00e4lder dieser Gegend bestehen vor allem aus jungen, schmaleren B\u00e4umen und das Unterholz ist teils recht licht. <em>Calumma brevicorne<\/em> lebt hier nicht nur im Regenwald selbst, sondern auch in ausladenden, niedrigen Tamarinden, in d\u00fcnnen B\u00e4umchen am Stra\u00dfenrand oder in verwilderter Sekund\u00e4rvegetation.<\/p>\n<div id='gallery-2' class='gallery galleryid-5166 gallery-columns-2 gallery-size-habitat_thumb'><figure class='gallery-item'>\n\t\t\t<div class='gallery-icon landscape'>\n\t\t\t\t<a href='https:\/\/www.madcham.de\/wp-content\/uploads\/2014\/09\/Habitat-Andasibe-6-e1525188127477.jpg'><img loading=\"lazy\" decoding=\"async\" width=\"650\" height=\"250\" src=\"https:\/\/www.madcham.de\/wp-content\/uploads\/2014\/09\/Habitat-Andasibe-6-e1525188127477-650x250.jpg\" class=\"attachment-habitat_thumb size-habitat_thumb\" alt=\"\" aria-describedby=\"gallery-2-3906\" \/><\/a>\n\t\t\t<\/div>\n\t\t\t\t<figcaption class='wp-caption-text gallery-caption' id='gallery-2-3906'>\n\t\t\t\tLebensraum in Andasibe\n\t\t\t\t<\/figcaption><\/figure><figure class='gallery-item'>\n\t\t\t<div class='gallery-icon landscape'>\n\t\t\t\t<a href='https:\/\/www.madcham.de\/wp-content\/uploads\/2014\/09\/Habitat-Andasibe-7-e1525188095571.jpg'><img loading=\"lazy\" decoding=\"async\" width=\"650\" height=\"250\" src=\"https:\/\/www.madcham.de\/wp-content\/uploads\/2014\/09\/Habitat-Andasibe-7-e1525188095571-650x250.jpg\" class=\"attachment-habitat_thumb size-habitat_thumb\" alt=\"\" aria-describedby=\"gallery-2-3907\" \/><\/a>\n\t\t\t<\/div>\n\t\t\t\t<figcaption class='wp-caption-text gallery-caption' id='gallery-2-3907'>\n\t\t\t\tRegenwald in Andasibe\n\t\t\t\t<\/figcaption><\/figure><figure class='gallery-item'>\n\t\t\t<div class='gallery-icon landscape'>\n\t\t\t\t<a href='https:\/\/www.madcham.de\/wp-content\/uploads\/2014\/09\/Habitat-Andasibe-2-e1525188364824.jpg'><img loading=\"lazy\" decoding=\"async\" width=\"650\" height=\"250\" src=\"https:\/\/www.madcham.de\/wp-content\/uploads\/2014\/09\/Habitat-Andasibe-2-e1525188364824-650x250.jpg\" class=\"attachment-habitat_thumb size-habitat_thumb\" alt=\"\" aria-describedby=\"gallery-2-3905\" \/><\/a>\n\t\t\t<\/div>\n\t\t\t\t<figcaption class='wp-caption-text gallery-caption' id='gallery-2-3905'>\n\t\t\t\tRegenwald in Andasibe\n\t\t\t\t<\/figcaption><\/figure><figure class='gallery-item'>\n\t\t\t<div class='gallery-icon landscape'>\n\t\t\t\t<a href='https:\/\/www.madcham.de\/wp-content\/uploads\/2014\/09\/Habitat-Calumma-nasutum-e1525709148802.jpg'><img loading=\"lazy\" decoding=\"async\" width=\"650\" height=\"250\" src=\"https:\/\/www.madcham.de\/wp-content\/uploads\/2014\/09\/Habitat-Calumma-nasutum-650x250.jpg\" class=\"attachment-habitat_thumb size-habitat_thumb\" alt=\"\" aria-describedby=\"gallery-2-1772\" \/><\/a>\n\t\t\t<\/div>\n\t\t\t\t<figcaption class='wp-caption-text gallery-caption' id='gallery-2-1772'>\n\t\t\t\tLebensraum in Andasibe\n\t\t\t\t<\/figcaption><\/figure><figure class='gallery-item'>\n\t\t\t<div class='gallery-icon landscape'>\n\t\t\t\t<a href='https:\/\/www.madcham.de\/wp-content\/uploads\/2014\/09\/Habitat-cristifer-2-e1525707287324.jpg'><img loading=\"lazy\" decoding=\"async\" width=\"650\" height=\"250\" src=\"https:\/\/www.madcham.de\/wp-content\/uploads\/2014\/09\/Habitat-cristifer-2-650x250.jpg\" class=\"attachment-habitat_thumb size-habitat_thumb\" alt=\"\" aria-describedby=\"gallery-2-1767\" \/><\/a>\n\t\t\t<\/div>\n\t\t\t\t<figcaption class='wp-caption-text gallery-caption' id='gallery-2-1767'>\n\t\t\t\tLichtung im Regenwald von Andasibe\n\t\t\t\t<\/figcaption><\/figure><figure class='gallery-item'>\n\t\t\t<div class='gallery-icon landscape'>\n\t\t\t\t<a href='https:\/\/www.madcham.de\/wp-content\/uploads\/2014\/09\/Habitat-Andasibe-4-e1525188378223.jpg'><img loading=\"lazy\" decoding=\"async\" width=\"650\" height=\"250\" src=\"https:\/\/www.madcham.de\/wp-content\/uploads\/2014\/09\/Habitat-Andasibe-4-e1525188378223-650x250.jpg\" class=\"attachment-habitat_thumb size-habitat_thumb\" alt=\"\" \/><\/a>\n\t\t\t<\/div><\/figure>\n\t\t<\/div>\n\n<p style=\"text-align: justify;\">Im Folgenden findest du einige 360\u00b0-Bilder aus den Regenw\u00e4ldern von Analamazaotra, die wir w\u00e4hrend der Regenzeit aufgenommen haben. Wenn man auf die jeweilige Aufnahme klickt, \u00f6ffnen sich die Bilder in vergr\u00f6\u00dferter Ansicht in einem eigenen Fenster. Mit der Maus kann man sich darin in alle Richtungen drehen. Dort besteht auch die M\u00f6glichkeit, die Bilder im Vollbildmodus auszuf\u00fchren. Viel Spa\u00df beim Anschauen!<\/p>\n<p><a href=\"https:\/\/app2.ricoh360.com\/viewer\/3300c533-0e2f-41eb-8e97-f7b06d7cd8d9\" target=\"_blank\" rel=\"noopener\"><img loading=\"lazy\" decoding=\"async\" class=\"aligncenter wp-image-14228 size-large\" src=\"https:\/\/www.madcham.de\/wp-content\/uploads\/2018\/05\/Andasibe-Analamazaotra-April-2017-1-1024x576.jpg\" alt=\"\" width=\"1024\" height=\"576\" srcset=\"https:\/\/www.madcham.de\/wp-content\/uploads\/2018\/05\/Andasibe-Analamazaotra-April-2017-1-1024x576.jpg 1024w, https:\/\/www.madcham.de\/wp-content\/uploads\/2018\/05\/Andasibe-Analamazaotra-April-2017-1-300x169.jpg 300w, https:\/\/www.madcham.de\/wp-content\/uploads\/2018\/05\/Andasibe-Analamazaotra-April-2017-1-768x432.jpg 768w, https:\/\/www.madcham.de\/wp-content\/uploads\/2018\/05\/Andasibe-Analamazaotra-April-2017-1-1536x864.jpg 1536w, https:\/\/www.madcham.de\/wp-content\/uploads\/2018\/05\/Andasibe-Analamazaotra-April-2017-1-2048x1152.jpg 2048w, https:\/\/www.madcham.de\/wp-content\/uploads\/2018\/05\/Andasibe-Analamazaotra-April-2017-1-1200x675.jpg 1200w, https:\/\/www.madcham.de\/wp-content\/uploads\/2018\/05\/Andasibe-Analamazaotra-April-2017-1-420x236.jpg 420w, https:\/\/www.madcham.de\/wp-content\/uploads\/2018\/05\/Andasibe-Analamazaotra-April-2017-1-81x46.jpg 81w, https:\/\/www.madcham.de\/wp-content\/uploads\/2018\/05\/Andasibe-Analamazaotra-April-2017-1-200x112.jpg 200w\" sizes=\"(max-width: 1024px) 100vw, 1024px\" \/><\/a><a href=\"https:\/\/app2.ricoh360.com\/viewer\/c72c81d6-afa4-46d9-83af-cb35f935ff90\" target=\"_blank\" rel=\"noopener\"><img loading=\"lazy\" decoding=\"async\" class=\"aligncenter wp-image-14229 size-large\" src=\"https:\/\/www.madcham.de\/wp-content\/uploads\/2018\/05\/Andasibe-Analamazaotra-April-2017-2-1024x576.jpg\" alt=\"\" width=\"1024\" height=\"576\" srcset=\"https:\/\/www.madcham.de\/wp-content\/uploads\/2018\/05\/Andasibe-Analamazaotra-April-2017-2-1024x576.jpg 1024w, https:\/\/www.madcham.de\/wp-content\/uploads\/2018\/05\/Andasibe-Analamazaotra-April-2017-2-300x169.jpg 300w, https:\/\/www.madcham.de\/wp-content\/uploads\/2018\/05\/Andasibe-Analamazaotra-April-2017-2-768x432.jpg 768w, https:\/\/www.madcham.de\/wp-content\/uploads\/2018\/05\/Andasibe-Analamazaotra-April-2017-2-1536x864.jpg 1536w, https:\/\/www.madcham.de\/wp-content\/uploads\/2018\/05\/Andasibe-Analamazaotra-April-2017-2-2048x1152.jpg 2048w, https:\/\/www.madcham.de\/wp-content\/uploads\/2018\/05\/Andasibe-Analamazaotra-April-2017-2-1200x675.jpg 1200w, https:\/\/www.madcham.de\/wp-content\/uploads\/2018\/05\/Andasibe-Analamazaotra-April-2017-2-420x236.jpg 420w, https:\/\/www.madcham.de\/wp-content\/uploads\/2018\/05\/Andasibe-Analamazaotra-April-2017-2-81x46.jpg 81w, https:\/\/www.madcham.de\/wp-content\/uploads\/2018\/05\/Andasibe-Analamazaotra-April-2017-2-200x112.jpg 200w\" sizes=\"(max-width: 1024px) 100vw, 1024px\" \/><\/a><a href=\"https:\/\/app2.ricoh360.com\/viewer\/8f1c7aae-7564-49c2-bfe3-ca89079e0ebe\" target=\"_blank\" rel=\"noopener\"><img loading=\"lazy\" decoding=\"async\" class=\"aligncenter wp-image-14566 size-large\" src=\"https:\/\/www.madcham.de\/wp-content\/uploads\/2014\/09\/Analamazaotra-Maerz-2018-15-1024x576.jpg\" alt=\"\" width=\"1024\" height=\"576\" srcset=\"https:\/\/www.madcham.de\/wp-content\/uploads\/2014\/09\/Analamazaotra-Maerz-2018-15-1024x576.jpg 1024w, https:\/\/www.madcham.de\/wp-content\/uploads\/2014\/09\/Analamazaotra-Maerz-2018-15-300x169.jpg 300w, https:\/\/www.madcham.de\/wp-content\/uploads\/2014\/09\/Analamazaotra-Maerz-2018-15-768x432.jpg 768w, https:\/\/www.madcham.de\/wp-content\/uploads\/2014\/09\/Analamazaotra-Maerz-2018-15-1536x864.jpg 1536w, https:\/\/www.madcham.de\/wp-content\/uploads\/2014\/09\/Analamazaotra-Maerz-2018-15-2048x1152.jpg 2048w, https:\/\/www.madcham.de\/wp-content\/uploads\/2014\/09\/Analamazaotra-Maerz-2018-15-1200x675.jpg 1200w, https:\/\/www.madcham.de\/wp-content\/uploads\/2014\/09\/Analamazaotra-Maerz-2018-15-420x236.jpg 420w, https:\/\/www.madcham.de\/wp-content\/uploads\/2014\/09\/Analamazaotra-Maerz-2018-15-81x46.jpg 81w, https:\/\/www.madcham.de\/wp-content\/uploads\/2014\/09\/Analamazaotra-Maerz-2018-15-200x112.jpg 200w\" sizes=\"(max-width: 1024px) 100vw, 1024px\" \/><\/a><a href=\"https:\/\/app2.ricoh360.com\/viewer\/18f8e1f4-0a3e-4ffb-baae-dbaa331f660a\" target=\"_blank\" rel=\"noopener\"><img loading=\"lazy\" decoding=\"async\" class=\"aligncenter wp-image-14565 size-large\" src=\"https:\/\/www.madcham.de\/wp-content\/uploads\/2014\/09\/Analamazaotra-Maerz-2018-14-1024x576.jpg\" alt=\"\" width=\"1024\" height=\"576\" srcset=\"https:\/\/www.madcham.de\/wp-content\/uploads\/2014\/09\/Analamazaotra-Maerz-2018-14-1024x576.jpg 1024w, https:\/\/www.madcham.de\/wp-content\/uploads\/2014\/09\/Analamazaotra-Maerz-2018-14-300x169.jpg 300w, https:\/\/www.madcham.de\/wp-content\/uploads\/2014\/09\/Analamazaotra-Maerz-2018-14-768x432.jpg 768w, https:\/\/www.madcham.de\/wp-content\/uploads\/2014\/09\/Analamazaotra-Maerz-2018-14-1536x864.jpg 1536w, https:\/\/www.madcham.de\/wp-content\/uploads\/2014\/09\/Analamazaotra-Maerz-2018-14-2048x1152.jpg 2048w, https:\/\/www.madcham.de\/wp-content\/uploads\/2014\/09\/Analamazaotra-Maerz-2018-14-1200x675.jpg 1200w, https:\/\/www.madcham.de\/wp-content\/uploads\/2014\/09\/Analamazaotra-Maerz-2018-14-420x236.jpg 420w, https:\/\/www.madcham.de\/wp-content\/uploads\/2014\/09\/Analamazaotra-Maerz-2018-14-81x46.jpg 81w, https:\/\/www.madcham.de\/wp-content\/uploads\/2014\/09\/Analamazaotra-Maerz-2018-14-200x112.jpg 200w\" sizes=\"(max-width: 1024px) 100vw, 1024px\" \/><\/a><a href=\"https:\/\/app2.ricoh360.com\/viewer\/d385005f-dcb3-4bab-bcac-cbc9973d6b5b\" target=\"_blank\" rel=\"noopener\"><img loading=\"lazy\" decoding=\"async\" class=\"aligncenter wp-image-14560 size-large\" src=\"https:\/\/www.madcham.de\/wp-content\/uploads\/2014\/09\/Analamazaotra-Maerz-2018-9-1024x576.jpg\" alt=\"\" width=\"1024\" height=\"576\" srcset=\"https:\/\/www.madcham.de\/wp-content\/uploads\/2014\/09\/Analamazaotra-Maerz-2018-9-1024x576.jpg 1024w, https:\/\/www.madcham.de\/wp-content\/uploads\/2014\/09\/Analamazaotra-Maerz-2018-9-300x169.jpg 300w, https:\/\/www.madcham.de\/wp-content\/uploads\/2014\/09\/Analamazaotra-Maerz-2018-9-768x432.jpg 768w, https:\/\/www.madcham.de\/wp-content\/uploads\/2014\/09\/Analamazaotra-Maerz-2018-9-1536x864.jpg 1536w, https:\/\/www.madcham.de\/wp-content\/uploads\/2014\/09\/Analamazaotra-Maerz-2018-9-2048x1152.jpg 2048w, https:\/\/www.madcham.de\/wp-content\/uploads\/2014\/09\/Analamazaotra-Maerz-2018-9-1200x675.jpg 1200w, https:\/\/www.madcham.de\/wp-content\/uploads\/2014\/09\/Analamazaotra-Maerz-2018-9-420x236.jpg 420w, https:\/\/www.madcham.de\/wp-content\/uploads\/2014\/09\/Analamazaotra-Maerz-2018-9-81x46.jpg 81w, https:\/\/www.madcham.de\/wp-content\/uploads\/2014\/09\/Analamazaotra-Maerz-2018-9-200x112.jpg 200w\" sizes=\"(max-width: 1024px) 100vw, 1024px\" \/><\/a><a href=\"https:\/\/app2.ricoh360.com\/viewer\/af0fabed-3feb-4b80-a3d1-b772bd803143\" target=\"_blank\" rel=\"noopener\"><img loading=\"lazy\" decoding=\"async\" class=\"aligncenter wp-image-14555 size-large\" src=\"https:\/\/www.madcham.de\/wp-content\/uploads\/2014\/09\/Analamazaotra-Maerz-2018-4-1024x576.jpg\" alt=\"\" width=\"1024\" height=\"576\" srcset=\"https:\/\/www.madcham.de\/wp-content\/uploads\/2014\/09\/Analamazaotra-Maerz-2018-4-1024x576.jpg 1024w, https:\/\/www.madcham.de\/wp-content\/uploads\/2014\/09\/Analamazaotra-Maerz-2018-4-300x169.jpg 300w, https:\/\/www.madcham.de\/wp-content\/uploads\/2014\/09\/Analamazaotra-Maerz-2018-4-768x432.jpg 768w, https:\/\/www.madcham.de\/wp-content\/uploads\/2014\/09\/Analamazaotra-Maerz-2018-4-1536x864.jpg 1536w, https:\/\/www.madcham.de\/wp-content\/uploads\/2014\/09\/Analamazaotra-Maerz-2018-4-2048x1152.jpg 2048w, https:\/\/www.madcham.de\/wp-content\/uploads\/2014\/09\/Analamazaotra-Maerz-2018-4-1200x675.jpg 1200w, https:\/\/www.madcham.de\/wp-content\/uploads\/2014\/09\/Analamazaotra-Maerz-2018-4-420x236.jpg 420w, https:\/\/www.madcham.de\/wp-content\/uploads\/2014\/09\/Analamazaotra-Maerz-2018-4-81x46.jpg 81w, https:\/\/www.madcham.de\/wp-content\/uploads\/2014\/09\/Analamazaotra-Maerz-2018-4-200x112.jpg 200w\" sizes=\"(max-width: 1024px) 100vw, 1024px\" \/><\/a><a href=\"https:\/\/app2.ricoh360.com\/viewer\/14797c0c-f424-492c-afe5-a1dd05923d72\" target=\"_blank\" rel=\"noopener\"><img loading=\"lazy\" decoding=\"async\" class=\"aligncenter wp-image-14558 size-large\" src=\"https:\/\/www.madcham.de\/wp-content\/uploads\/2014\/09\/Analamazaotra-Maerz-2018-7-1024x576.jpg\" alt=\"\" width=\"1024\" height=\"576\" srcset=\"https:\/\/www.madcham.de\/wp-content\/uploads\/2014\/09\/Analamazaotra-Maerz-2018-7-1024x576.jpg 1024w, https:\/\/www.madcham.de\/wp-content\/uploads\/2014\/09\/Analamazaotra-Maerz-2018-7-300x169.jpg 300w, https:\/\/www.madcham.de\/wp-content\/uploads\/2014\/09\/Analamazaotra-Maerz-2018-7-768x432.jpg 768w, https:\/\/www.madcham.de\/wp-content\/uploads\/2014\/09\/Analamazaotra-Maerz-2018-7-1536x864.jpg 1536w, https:\/\/www.madcham.de\/wp-content\/uploads\/2014\/09\/Analamazaotra-Maerz-2018-7-2048x1152.jpg 2048w, https:\/\/www.madcham.de\/wp-content\/uploads\/2014\/09\/Analamazaotra-Maerz-2018-7-1200x675.jpg 1200w, https:\/\/www.madcham.de\/wp-content\/uploads\/2014\/09\/Analamazaotra-Maerz-2018-7-420x236.jpg 420w, https:\/\/www.madcham.de\/wp-content\/uploads\/2014\/09\/Analamazaotra-Maerz-2018-7-81x46.jpg 81w, https:\/\/www.madcham.de\/wp-content\/uploads\/2014\/09\/Analamazaotra-Maerz-2018-7-200x112.jpg 200w\" sizes=\"(max-width: 1024px) 100vw, 1024px\" \/><\/a>","protected":false},"excerpt":{"rendered":"<p>Erstbeschreibung: (G\u00fcnther, 1879) Herkunft des Artnamens: Der deutsche Zoologe Albert Carl Ludwig Gotthilf G\u00fcnther, damals Direktor der Zoologischen Abteilung des Naturhistorischen Museums von London (Gro\u00dfbritannien), entlehnte den Namen dieser Cham\u00e4leonart dem Lateinischen. Brevis cornu, zu Deutsch &#8222;kurzes Horn&#8220;, bezeichnete den Nasenfortsatz der Weibchen, die im Vergleich mit der gleichzeitig beschriebenen Art Calumma malthe tats\u00e4chlich kurz ausf\u00e4llt. Irrt\u00fcmlich beschrieb G\u00fcnther die M\u00e4nnchen von Calumma brevicorne &#8211; mit den l\u00e4ngeren Nasen &#8211; als eigene Art, was er aber bereits drei Jahre sp\u00e4ter revidierte. Verbreitung und Habitat: Calumma brevicorne findet man mit gro\u00dfer Wahrscheinlichkeit im Analamazaotra, Teil des Nationalparks Andasibe-Mantadia. Diese Cham\u00e4leons sind dort recht h\u00e4ufig, und man kann sie ohne Probleme bei Nachtwanderungen schlafend im Ge\u00e4st und sogar tags\u00fcber am Wegesrand finden. Jungtiere lassen sich vor allem im Fr\u00fchjahr in Str\u00e4uchern und niedrigen B\u00e4umen direkt vor der Park Office von Analamazaotra und in Andasibe finden. Das Habitat von Calumma brevicorne besteht gr\u00f6\u00dftenteils aus prim\u00e4rem Regenwald, mit sehr hohen B\u00e4umen und viel Unterholz. In offenen Gebieten oder nahe D\u00f6rfern sind sie weniger h\u00e4ufig zu finden. Aussehen und Gr\u00f6\u00dfe: Calumma brevicorne geh\u00f6rt zu den gr\u00f6\u00dferen Cham\u00e4leonarten. Mit einer Gesamtl\u00e4nge von etwa 40 cm gegen\u00fcber nur 28 cm sind die M\u00e4nnchen die gr\u00f6\u00dferen Tiere im&#8230;<\/p>\n","protected":false},"author":3,"featured_media":6035,"comment_status":"closed","ping_status":"closed","sticky":false,"template":"","format":"gallery","meta":{"_monsterinsights_skip_tracking":false,"_monsterinsights_sitenote_active":false,"_monsterinsights_sitenote_note":"","_monsterinsights_sitenote_category":0,"footnotes":""},"categories":[26],"tags":[1455,944,238,932,933,940,229,941,934,160,942,590,61,779,1451,1454,266,275,255,783,1452,584,767,723],"_links":{"self":[{"href":"https:\/\/www.madcham.de\/de\/wp-json\/wp\/v2\/posts\/775"}],"collection":[{"href":"https:\/\/www.madcham.de\/de\/wp-json\/wp\/v2\/posts"}],"about":[{"href":"https:\/\/www.madcham.de\/de\/wp-json\/wp\/v2\/types\/post"}],"author":[{"embeddable":true,"href":"https:\/\/www.madcham.de\/de\/wp-json\/wp\/v2\/users\/3"}],"replies":[{"embeddable":true,"href":"https:\/\/www.madcham.de\/de\/wp-json\/wp\/v2\/comments?post=775"}],"version-history":[{"count":80,"href":"https:\/\/www.madcham.de\/de\/wp-json\/wp\/v2\/posts\/775\/revisions"}],"predecessor-version":[{"id":15123,"href":"https:\/\/www.madcham.de\/de\/wp-json\/wp\/v2\/posts\/775\/revisions\/15123"}],"wp:featuredmedia":[{"embeddable":true,"href":"https:\/\/www.madcham.de\/de\/wp-json\/wp\/v2\/media\/6035"}],"wp:attachment":[{"href":"https:\/\/www.madcham.de\/de\/wp-json\/wp\/v2\/media?parent=775"}],"wp:term":[{"taxonomy":"category","embeddable":true,"href":"https:\/\/www.madcham.de\/de\/wp-json\/wp\/v2\/categories?post=775"},{"taxonomy":"post_tag","embeddable":true,"href":"https:\/\/www.madcham.de\/de\/wp-json\/wp\/v2\/tags?post=775"}],"curies":[{"name":"wp","href":"https:\/\/api.w.org\/{rel}","templated":true}]}}