{"id":948,"date":"2014-09-05T21:01:52","date_gmt":"2014-09-05T19:01:52","guid":{"rendered":"http:\/\/madcham.com\/wordpress\/?p=948"},"modified":"2025-07-13T20:49:58","modified_gmt":"2025-07-13T18:49:58","slug":"furcifer-willsii","status":"publish","type":"post","link":"https:\/\/www.madcham.de\/de\/furcifer-willsii\/","title":{"rendered":"Furcifer willsii"},"content":{"rendered":"<div class=\"simple-alert-boxes sab_success sab_normal \">\r\n\t\t<strong>CITES-Quoten<br \/>\n<\/strong>2011-12 keine Tiere, 2013 50 Tiere, 2014-25 je 500 Tiere f\u00fcr den legalen Export freigegeben\t<\/div>\r\n\t\n<h4><\/h4>\n<h4>Erstbeschreibung: <a href=\"https:\/\/www.iucnredlist.org\/species\/172736\/6908367\" target=\"_blank\" rel=\"noopener\"><img loading=\"lazy\" decoding=\"async\" class=\"alignright wp-image-12987\" src=\"https:\/\/www.madcham.de\/wp-content\/uploads\/2017\/07\/IUCN-Status-least-concern.jpg\" alt=\"IUCN Red List: least concern\" width=\"80\" height=\"81\" srcset=\"https:\/\/www.madcham.de\/wp-content\/uploads\/2017\/07\/IUCN-Status-least-concern.jpg 150w, https:\/\/www.madcham.de\/wp-content\/uploads\/2017\/07\/IUCN-Status-least-concern-81x82.jpg 81w\" sizes=\"(max-width: 80px) 100vw, 80px\" \/><\/a><\/h4>\n<p>(G\u00fcnther, 1890) <a href=\"https:\/\/www.biodiversitylibrary.org\/page\/27523667#page\/83\/mode\/1up\" target=\"_blank\" rel=\"noopener noreferrer\"> <img loading=\"lazy\" decoding=\"async\" class=\"wp-image-9195 size-full alignnone\" style=\"margin-left: 10px; margin-top: 15px;\" src=\"https:\/\/www.madcham.de\/wp-content\/uploads\/2014\/09\/pdf-Logo.png\" alt=\"\" width=\"44\" height=\"21\" \/><\/a><\/p>\n<h4>Herkunft des Artnamens:<\/h4>\n<p style=\"text-align: justify;\">Der deutsche Zoologe Albert Carl Ludwig Gotthilf G\u00fcnther, damals Direktor der Zoologischen Abteilung des Naturhistorischen Museums von London (Gro\u00dfbritannien), benannte diese Cham\u00e4leonart nach dem Missionar James A. Wills. Aus der Sammlung des Engl\u00e4nders, der im Hochland Madagaskars lebte, stammten die von G\u00fcnther beschriebenen Exemplare. Wills besch\u00e4ftige sich auch mit der Ornithologie.<\/p>\n<div style=\"float: right; margin: 20px;\">\t\t<div id=\"maps-marker-pro-d09532c1\" class=\"maps-marker-pro\" style=\"width: 300px;\">\n\t\t\t<div id=\"mmp-map-wrap-d09532c1\" class=\"mmp-map-wrap\">\n\t\t\t\t\t\t\t\t\t<div id=\"mmp-panel-d09532c1\" class=\"mmp-panel\"><\/div>\n\t\t\t\t\t\t\t\t<div id=\"mmp-map-d09532c1\" class=\"mmp-map\" style=\"height: 300px;\"><\/div>\n\t\t\t\t\t\t\t<\/div>\n\t\t\t\t\t<\/div>\n\t\t<\/div>\n<h4>Verbreitung:<\/h4>\n<p style=\"text-align: justify;\"><em>Furcifer willsii<\/em> bewohnt die Bergnebelw\u00e4lder vor allem des zentralen Ostens Madagaskars. Das bekannteste Verbreitungsgebiet ist wohl Analamazaotra, Teil des Andasibe-Mantadia Nationalparks. Die Tiere leben in H\u00f6henlagen bis zu 1200 Meter. Au\u00dferhalb des Regenwaldes findet man sie so gut wie nicht, sie bevorzugen feuchte und sehr dicht bewachsene Prim\u00e4rw\u00e4lder. Verh\u00e4ltnism\u00e4\u00dfig weit s\u00fcdlich f\u00fcr die Art wurde 2018 ein <em>Furcifer willsii<\/em> <a href=\"http:\/\/www.vahatra.mg\/volume14\/MN14_07_Notes_Lobon-Rovira.pdf\" target=\"_blank\" rel=\"noopener\">im<\/a> <a href=\"http:\/\/www.vahatra.mg\/volume14\/MN14_07_Notes_Lobon-Rovira.pdf\" target=\"_blank\" rel=\"noopener\">Magen<\/a> <a href=\"http:\/\/www.vahatra.mg\/volume14\/MN14_07_Notes_Lobon-Rovira.pdf\" target=\"_blank\" rel=\"noopener\">einer<\/a> <a href=\"http:\/\/www.vahatra.mg\/volume14\/MN14_07_Notes_Lobon-Rovira.pdf\" target=\"_blank\" rel=\"noopener\">Mahafalynatter<\/a> im Andringitra-Gebirge gefunden. Einen extrem weit n\u00f6rdlichen Fund haben wir 2022 im Regenwald von Marojejy im \u00e4u\u00dfersten Nordosten Madagaskars gemacht.<\/p>\n<h4>Aussehen und Gr\u00f6\u00dfe:<\/h4>\n<p style=\"text-align: justify;\"><em>Furcifer willsii<\/em> geh\u00f6rt mit 15 bis 17 cm Gesamtl\u00e4nge zu den kleineren Cham\u00e4leonarten. Die M\u00e4nnchen haben zwei auffallende, parallel nach oben gebogene Nasenforts\u00e4tze, die bei den Weibchen g\u00e4nzlich fehlen. Sie sind gr\u00fcn gef\u00e4rbt mit einem d\u00fcnnen, wei\u00dfen Lateralstreifen und wei\u00dfen Lippen.\u00a0 Die Farben der Weibchen sind variabler, von gelb-gr\u00fcn bis zu einem Dunkelbraun mit leuchtend gelber oder wei\u00dfer Punktzeichnung als Tr\u00e4chtigkeitsf\u00e4rbung.\u00a0 Beide Geschlechter tragen eine wei\u00dfe Linie entlang des Bauchkamms.<\/p>\n<h4>Besonderheiten:<\/h4>\n<p style=\"text-align: justify;\">Trotz Ihrer Gr\u00f6\u00dfe sind diese Cham\u00e4leons recht sensibel, und scheuen sich auch nicht, mal den Finger des Fotografen zu attackieren, der sie ablichten m\u00f6chte. Weniger angriffslustige Individuen zeigen sich oft sehr hektisch und rennen auf angebotenen \u00c4sten wild hin und her, so dass sich Fotografieren als eher schwierig erweist und z\u00fcgig vonstatten gehen sollte.<\/p>\n<p>&nbsp;<\/p>\n\t\t\t\t\t\t<style>\r\n\t\t\t\t\r\n\t\t\t\t\t#tab_container_5166 {\r\n\toverflow:hidden;\r\n\tdisplay:block;\r\n\twidth:100%;\r\n\tborder:0px solid #ddd;\r\n\tmargin-bottom:30px;\r\n\t}\r\n\r\n#tab_container_5166 .tab-content{\r\n\tpadding:20px;\r\n\tborder: 1px solid #e6e6e6 !important;\r\n\tmargin-top: 0px;\r\n\tbackground-color:#ffffff !important;\r\n\tcolor: #3e3e3e !important;\r\n\tfont-size:13px !important;\r\n\tfont-family: Open Sans !important;\r\n\t\r\n\t\tborder: 1px solid #e6e6e6 !important;\r\n\t}\r\n#tab_container_5166 .wpsm_nav-tabs {\r\n    border-bottom: 0px solid #ddd;\r\n}\r\n#tab_container_5166 .wpsm_nav-tabs > li.active > a, #tab_container_5166 .wpsm_nav-tabs > li.active > a:hover, #tab_container_5166 .wpsm_nav-tabs > li.active > a:focus {\r\n\tcolor: #3e3e3e !important;\r\n\tcursor: default;\r\n\tbackground-color: #ffffff !important;\r\n\tborder: 1px solid #e6e6e6 !important;\r\n}\r\n\r\n#tab_container_5166 .wpsm_nav-tabs > li > a {\r\n    margin-right: 0px !important; \r\n    line-height: 1.42857143 !important;\r\n    border: 1px solid #d5d5d5 !important;\r\n    border-radius: 0px 0px 0 0 !important; \r\n\tbackground-color: #e8e8e8 !important;\r\n\tcolor: #3e3e3e !important;\r\n\tpadding: 15px 18px 15px 18px !important;\r\n\ttext-decoration: none !important;\r\n\tfont-size: 13px !important;\r\n\ttext-align:center !important;\r\n\tfont-family: Open Sans !important;\r\n}\r\n#tab_container_5166 .wpsm_nav-tabs > li > a:focus {\r\noutline: 0px !important;\r\n}\r\n\r\n#tab_container_5166 .wpsm_nav-tabs > li > a:before {\r\n\tdisplay:none !important;\r\n}\r\n#tab_container_5166 .wpsm_nav-tabs > li > a:after {\r\n\tdisplay:none !important ;\r\n}\r\n#tab_container_5166 .wpsm_nav-tabs > li{\r\npadding:0px !important ;\r\nmargin:0px;\r\n}\r\n\r\n#tab_container_5166 .wpsm_nav-tabs > li > a:hover , #tab_container_5166 .wpsm_nav-tabs > li > a:focus {\r\n    color: #3e3e3e !important;\r\n    background-color: #e8e8e8 !important;\r\n\tborder: 1px solid #d5d5d5 !important;\r\n\t\r\n}\r\n#tab_container_5166 .wpsm_nav-tabs > li > a .fa{\r\n\r\nmargin-right:5px !important;\r\n\r\nmargin-left:5px !important;\r\n\r\n\r\n}\r\n\r\n\t\t#tab_container_5166 .wpsm_nav-tabs a{\r\n\t\t\tbackground-image: none;\r\n\t\t\tbackground-position: 0 0;\r\n\t\t\tbackground-repeat: repeat-x;\r\n\t\t}\r\n\t\t\t\r\n\r\n\r\n#tab_container_5166 .wpsm_nav-tabs > li {\r\n    float: left;\r\n    margin-bottom: -1px !important;\r\n\tmargin-right:0px !important; \r\n}\r\n\r\n\r\n#tab_container_5166 .tab-content{\r\noverflow:hidden !important;\r\n}\r\n\r\n\r\n@media (min-width: 769px) {\r\n\r\n\t#tab_container_5166 .wpsm_nav-tabs > li{\r\n\t\tfloat:left !important ;\r\n\t\t\t\tmargin-right:-1px !important;\r\n\t\t\t\t\t}\r\n\t#tab_container_5166 .wpsm_nav-tabs{\r\n\t\tfloat:none !important;\r\n\t\tmargin:0px !important;\r\n\t}\r\n\r\n\t#tab_container_5166 .wpsm_nav-tabs > li {\r\n\t\t\t\t\r\n\t}\r\n\t#tab_container_5166 .wpsm_nav{\r\n\t\t\t}\r\n\r\n}\r\n\r\n\r\n\r\n@media (max-width: 768px) {\r\n\t#tab_container_5166 .wpsm_nav-tabs > li {\r\n\t\t\t\t\r\n\t}\r\n\t#tab_container_5166 .wpsm_nav{\r\n\t\t\t}\r\n}\r\n\r\n\r\n\t.wpsm_nav-tabs li:before{\r\n\t\tdisplay:none !important;\r\n\t}\r\n\r\n\t@media (max-width: 768px) {\r\n\t\t\t\t\r\n\t\t\t\t.wpsm_nav-tabs{\r\n\t\t\tmargin-left:0px !important;\r\n\t\t\tmargin-right:0px !important; \r\n\t\t\t\r\n\t\t}\r\n\t\t\t\t#tab_container_5166 .wpsm_nav-tabs > li{\r\n\t\t\tfloat:none !important;\r\n\t\t}\r\n\t\t\t\r\n\t}\t\t\t\t<\/style>\r\n\t\t\t\t<div id=\"tab_container_5166\" >\r\n\t \r\n\t\t\t\t\t<ul class=\"wpsm_nav wpsm_nav-tabs\" role=\"tablist\" id=\"myTab_5166\">\r\n\t\t\t\t\t\t\t\r\n\t\t\t\t\t\t\t<li role=\"presentation\"  class=\"active\"  onclick=\"do_resize()\">\r\n\t\t\t\t\t\t\t\t<a href=\"#tabs_desc_5166_1\" aria-controls=\"tabs_desc_5166_1\" role=\"tab\" data-toggle=\"tab\">\r\n\t\t\t\t\t\t\t\t\t\r\n\t\t\t\t\t\t\t\t\t\t\t\t\t\t\t\t\t\t\t\t\t\t\t\t\t\t\t\t\t\t\t<i class=\"fa fa-calendar\"><\/i> \t\t\t\t\t\t\t\t\t\t\t\t\t\t\t\t\t\t\t\r\n\t\t\t\t\t\t\t\t\t\t\t\t\t\t\t\t\t\t\r\n\t\t\t\t\t\t\t\t\t<span>Klimatabelle<\/span>\r\n\t\t\t\t\t\t\t\t\t\r\n\t\t\t\t\t\t\t\t\t\t\t\t\t\t\t\t\t\t\r\n\t\t\t\t\t\t\t\t\t\t\t\t\t\t\t\t\t\t\t\t\r\n\t\t\t\t\t\t\t\t\t\r\n\t\t\t\t\t\t\t\t<\/a>\r\n\t\t\t\t\t\t\t<\/li>\r\n\t\t\t\t\t\t\t\r\n\t\t\t\t\t\t\t<li role=\"presentation\"  onclick=\"do_resize()\">\r\n\t\t\t\t\t\t\t\t<a href=\"#tabs_desc_5166_2\" aria-controls=\"tabs_desc_5166_2\" role=\"tab\" data-toggle=\"tab\">\r\n\t\t\t\t\t\t\t\t\t\r\n\t\t\t\t\t\t\t\t\t\t\t\t\t\t\t\t\t\t\t\t\t\t\t\t\t\t\t\t\t\t\t<i class=\"fa fa-cloud\"><\/i> \t\t\t\t\t\t\t\t\t\t\t\t\t\t\t\t\t\t\t\r\n\t\t\t\t\t\t\t\t\t\t\t\t\t\t\t\t\t\t\r\n\t\t\t\t\t\t\t\t\t<span>Mehr zum Klima<\/span>\r\n\t\t\t\t\t\t\t\t\t\r\n\t\t\t\t\t\t\t\t\t\t\t\t\t\t\t\t\t\t\r\n\t\t\t\t\t\t\t\t\t\t\t\t\t\t\t\t\t\t\t\t\r\n\t\t\t\t\t\t\t\t\t\r\n\t\t\t\t\t\t\t\t<\/a>\r\n\t\t\t\t\t\t\t<\/li>\r\n\t\t\t\t\t\t\t\r\n\t\t\t\t\t\t\t<li role=\"presentation\"  onclick=\"do_resize()\">\r\n\t\t\t\t\t\t\t\t<a href=\"#tabs_desc_5166_3\" aria-controls=\"tabs_desc_5166_3\" role=\"tab\" data-toggle=\"tab\">\r\n\t\t\t\t\t\t\t\t\t\r\n\t\t\t\t\t\t\t\t\t\t\t\t\t\t\t\t\t\t\t\t\t\t\t\t\t\t\t\t\t\t\t<i class=\"fa fa-sun-o\"><\/i> \t\t\t\t\t\t\t\t\t\t\t\t\t\t\t\t\t\t\t\r\n\t\t\t\t\t\t\t\t\t\t\t\t\t\t\t\t\t\t\r\n\t\t\t\t\t\t\t\t\t<span>UVB-Indizes<\/span>\r\n\t\t\t\t\t\t\t\t\t\r\n\t\t\t\t\t\t\t\t\t\t\t\t\t\t\t\t\t\t\r\n\t\t\t\t\t\t\t\t\t\t\t\t\t\t\t\t\t\t\t\t\r\n\t\t\t\t\t\t\t\t\t\r\n\t\t\t\t\t\t\t\t<\/a>\r\n\t\t\t\t\t\t\t<\/li>\r\n\t\t\t\t\t\t\t\r\n\t\t\t\t\t\t\t<li role=\"presentation\"  onclick=\"do_resize()\">\r\n\t\t\t\t\t\t\t\t<a href=\"#tabs_desc_5166_4\" aria-controls=\"tabs_desc_5166_4\" role=\"tab\" data-toggle=\"tab\">\r\n\t\t\t\t\t\t\t\t\t\r\n\t\t\t\t\t\t\t\t\t\t\t\t\t\t\t\t\t\t\t\t\t\t\t\t\t\t\t\t\t\t\t<i class=\"fa fa-leaf\"><\/i> \t\t\t\t\t\t\t\t\t\t\t\t\t\t\t\t\t\t\t\r\n\t\t\t\t\t\t\t\t\t\t\t\t\t\t\t\t\t\t\r\n\t\t\t\t\t\t\t\t\t<span>Bodentemperaturen<\/span>\r\n\t\t\t\t\t\t\t\t\t\r\n\t\t\t\t\t\t\t\t\t\t\t\t\t\t\t\t\t\t\r\n\t\t\t\t\t\t\t\t\t\t\t\t\t\t\t\t\t\t\t\t\r\n\t\t\t\t\t\t\t\t\t\r\n\t\t\t\t\t\t\t\t<\/a>\r\n\t\t\t\t\t\t\t<\/li>\r\n\t\t\t\t\t\t\t\r\n\t\t\t\t\t\t\t<li role=\"presentation\"  onclick=\"do_resize()\">\r\n\t\t\t\t\t\t\t\t<a href=\"#tabs_desc_5166_5\" aria-controls=\"tabs_desc_5166_5\" role=\"tab\" data-toggle=\"tab\">\r\n\t\t\t\t\t\t\t\t\t\r\n\t\t\t\t\t\t\t\t\t\t\t\t\t\t\t\t\t\t\t\t\t\t\t\t\t\t\t\t\t\t\t<i class=\"fa fa-arrow-circle-o-down\"><\/i> \t\t\t\t\t\t\t\t\t\t\t\t\t\t\t\t\t\t\t\r\n\t\t\t\t\t\t\t\t\t\t\t\t\t\t\t\t\t\t\r\n\t\t\t\t\t\t\t\t\t<span>Luftdruck<\/span>\r\n\t\t\t\t\t\t\t\t\t\r\n\t\t\t\t\t\t\t\t\t\t\t\t\t\t\t\t\t\t\r\n\t\t\t\t\t\t\t\t\t\t\t\t\t\t\t\t\t\t\t\t\r\n\t\t\t\t\t\t\t\t\t\r\n\t\t\t\t\t\t\t\t<\/a>\r\n\t\t\t\t\t\t\t<\/li>\r\n\t\t\t\t\t\t\t\t\t\t\t <\/ul>\r\n\r\n\t\t\t\t\t  <!-- Tab panes -->\r\n\t\t\t\t\t  <div class=\"tab-content\" id=\"tab-content_5166\">\r\n\t\t\t\t\t\t\t\t\t\t\t\t <div role=\"tabpanel\" class=\"tab-pane  in active \" id=\"tabs_desc_5166_1\">\r\n\t\t\t\t\t\t\t\t<table style=\"height: 186px\" width=\"990\">\r\n<tbody>\r\n<tr>\r\n<td><\/td>\r\n<td>Jan<\/td>\r\n<td>Feb<\/td>\r\n<td>M\u00e4r<\/td>\r\n<td>Apr<\/td>\r\n<td>Mai<\/td>\r\n<td>Jun<\/td>\r\n<td>Jul<\/td>\r\n<td>Aug<\/td>\r\n<td>Sep<\/td>\r\n<td>Okt<\/td>\r\n<td>Nov<\/td>\r\n<td>Dez<\/td>\r\n<\/tr>\r\n<tr>\r\n<td>Durchschnittl.\r\nTemperatur<\/td>\r\n<td>23<\/td>\r\n<td>24<\/td>\r\n<td>23<\/td>\r\n<td>23<\/td>\r\n<td>22<\/td>\r\n<td>19<\/td>\r\n<td>19<\/td>\r\n<td>19<\/td>\r\n<td>20<\/td>\r\n<td>21<\/td>\r\n<td>22<\/td>\r\n<td>23<\/td>\r\n<\/tr>\r\n<tr>\r\n<td>Minimale\r\nTemperatur<\/td>\r\n<td>20<\/td>\r\n<td>20<\/td>\r\n<td>20<\/td>\r\n<td>19<\/td>\r\n<td>18<\/td>\r\n<td>15<\/td>\r\n<td>15<\/td>\r\n<td>15<\/td>\r\n<td>15<\/td>\r\n<td>16<\/td>\r\n<td>18<\/td>\r\n<td>19<\/td>\r\n<\/tr>\r\n<tr>\r\n<td>Maximale\r\nTemperatur<\/td>\r\n<td>27<\/td>\r\n<td>27<\/td>\r\n<td>27<\/td>\r\n<td>27<\/td>\r\n<td>25<\/td>\r\n<td>23<\/td>\r\n<td>23<\/td>\r\n<td>23<\/td>\r\n<td>24<\/td>\r\n<td>25<\/td>\r\n<td>26<\/td>\r\n<td>27<\/td>\r\n<\/tr>\r\n<tr>\r\n<td>Regentage<\/td>\r\n<td>27<\/td>\r\n<td>24<\/td>\r\n<td>26<\/td>\r\n<td>19<\/td>\r\n<td>17<\/td>\r\n<td>18<\/td>\r\n<td>21<\/td>\r\n<td>20<\/td>\r\n<td>15<\/td>\r\n<td>16<\/td>\r\n<td>20<\/td>\r\n<td>25<\/td>\r\n<\/tr>\r\n<\/tbody>\r\n<\/table>\r\n<p style=\"text-align: justify\">Die angegebenen Daten wurden von uns innerhalb mehrerer Jahre mit Thermo- und Hygrometern direkt an den Fundorten der Tiere gemessen und zusammengetragen. \"Durchschnittliche Temperatur\" bedeutet, dass die Werte eines gesamten Monats zu einem Durchschnittswert berechnet wurden, z.B. wurden alle gemessenen Minimalwerte eines Monats zu einem durchschnittlichen Minimalwert f\u00fcr Februar berechnet. Das bedeutet im Klartext, dass einzelne Spitzenwerte eines Tages deutlich h\u00f6her oder niedriger als die durchschnittlichen Minimal- und Maximalwerte liegen k\u00f6nnen. Es ist also m\u00f6glich, dass zwar das durchschnittliche Maximum bei 29 Grad liegt, es aber an einigen Tagen des Monats 33\u00b0C oder gar 35\u00b0C warm war.<br><\/br>\r\nDrei Beispiele f\u00fcr einen Tagesverlauf der Temperaturen rund um Andasibe  in der <b>Regenzeit<\/b> finden sich im Folgenden. Sie wurden 2023 mit Datenloggern aufgezeichnet.<\/p>\r\n<img loading=\"lazy\" decoding=\"async\" class=\"aligncenter wp-image-4189 size-full\" src=\"https:\/\/www.madcham.de\/wp-content\/uploads\/2023\/03\/Temperatur-2023-Andasibe-1.jpg\" alt=\"2023 Temperaturen in Andasibe\" width=\"657\" height=\"437\" \/>\r\n<img loading=\"lazy\" decoding=\"async\" class=\"aligncenter wp-image-4189 size-full\" src=\"https:\/\/www.madcham.de\/wp-content\/uploads\/2023\/03\/Temperatur-2023-Andasibe-2.jpg\" alt=\"2023 Temperaturen in Andasibe\" width=\"657\" height=\"437\" \/>\r\n<img loading=\"lazy\" decoding=\"async\" class=\"aligncenter wp-image-4189 size-full\" src=\"https:\/\/www.madcham.de\/wp-content\/uploads\/2023\/03\/Temperatur-2023-Andasibe-3.jpg\" alt=\"2023 Temperaturen in Andasibe\" width=\"657\" height=\"437\" \/>\t\t\t\t\t\t <\/div>\r\n\t\t\t\t\t\t\t\t\t\t\t\t <div role=\"tabpanel\" class=\"tab-pane \" id=\"tabs_desc_5166_2\">\r\n\t\t\t\t\t\t\t\t<p style=\"text-align: justify\">Die Region um Andasibe mit den dazugeh\u00f6rigen W\u00e4ldern Mantadia, Mitsinjo und Analamazaotra liegen im \u00f6stlichen Hochland Madagaskars auf H\u00f6hen zwischen 900 und 1250 m \u00fcber Meeresniveau. Es wird deshalb tags\u00fcber zwar mal \u00fcber 25\u00b0C warm, \u00fcber die 30\u00b0-Grenze klettert das Thermometer aber eher selten oder nur in Sonnenflecken. Nachts fallen die Temperaturen vor allem w\u00e4hrend der Trockenzeit tief in den Keller. 10\u00b0 bis 15\u00b0 Grad sind die Regel.\r\n<\/p>\r\n<p style=\"text-align: justify\">\r\nDie Luftfeuchtigkeit in den Regenw\u00e4ldern um Andasibe ist das ganze Jahr \u00fcber hoch. W\u00e4hrend der Regenzeit regnet es t\u00e4glich ausgiebig, manchmal h\u00e4lt der Regen \u00fcber Tage an. Aber auch die Trockenzeit unterscheidet sich nicht massiv, au\u00dfer dass sie insgesamt etwas k\u00fchlere Temperaturen aufweist und nachts tiefere Temperaturen erreicht. Es regnet trotzdem mindestens jeden zweiten Tag. Regen, hohe Luftfeuchtigkeit und n\u00e4chtlicher Temperatursturz sind daher die zentralen Punkte im Klima Andasibes. 2023 haben wir mit Datenloggern die relative Luftfeuchtigkeit an verschiedenen Tagen rund um Andasibe in der <b>Regenzeit<\/b> gemessen, die Daten finden sich im Folgenden.<\/p>\r\n<img loading=\"lazy\" decoding=\"async\" class=\"aligncenter wp-image-4189 size-full\" src=\"https:\/\/www.madcham.de\/wp-content\/uploads\/2023\/03\/Luftfeuchtigkeit-2023-Andasibe-3.jpg\" alt=\"2023 Luftfeuchtigkeit in Andasibe\" width=\"657\" height=\"437\" \/>\r\n<img loading=\"lazy\" decoding=\"async\" class=\"aligncenter wp-image-4189 size-full\" src=\"https:\/\/www.madcham.de\/wp-content\/uploads\/2023\/03\/Luftfeuchtigkeit-2023-Andasibe-2.jpg\" alt=\"2023 Luftfeuchtigkeit in Andasibe\" width=\"657\" height=\"437\" \/>\r\n<img loading=\"lazy\" decoding=\"async\" class=\"aligncenter wp-image-4189 size-full\" src=\"https:\/\/www.madcham.de\/wp-content\/uploads\/2023\/03\/Luftfeuchtigkeit-2023-Andasibe-1.jpg\" alt=\"2023 Luftfeuchtigkeit in Andasibe\" width=\"657\" height=\"437\" \/>\t\t\t\t\t\t <\/div>\r\n\t\t\t\t\t\t\t\t\t\t\t\t <div role=\"tabpanel\" class=\"tab-pane \" id=\"tabs_desc_5166_3\">\r\n\t\t\t\t\t\t\t\t<img loading=\"lazy\" decoding=\"async\" class=\"aligncenter wp-image-4189 size-full\" src=\"https:\/\/www.madcham.de\/wp-content\/uploads\/2014\/09\/uvi_andasibe3.jpg\" alt=\"2014 UVI Andasibe\" width=\"657\" height=\"437\" \/>\r\n<img loading=\"lazy\" decoding=\"async\" class=\"aligncenter wp-image-4189 size-full\" src=\"https:\/\/www.madcham.de\/wp-content\/uploads\/2014\/09\/uvi_andasibe2.jpg\" alt=\"2016 UVI Andasibe\" width=\"657\" height=\"437\" \/>\r\n<p style=\"text-align: justify\">Die UVB-Daten wurden mit einem Solarmeter 6.5 im Fr\u00fchjahr (M\u00e4rz, April) zur h\u00f6chsten Aktivit\u00e4tszeit der Cham\u00e4leons gemessen. Gemessen wurden jeweils maximal f\u00fcr das Cham\u00e4leon zu erreichende Werte im Habitat.<\/p>\t\t\t\t\t\t <\/div>\r\n\t\t\t\t\t\t\t\t\t\t\t\t <div role=\"tabpanel\" class=\"tab-pane \" id=\"tabs_desc_5166_4\">\r\n\t\t\t\t\t\t\t\t<table style=\"height: 186px\" width=\"990\">\r\n<tbody>\r\n<tr>\r\n<td><\/td>\r\n<td>Jan<\/td>\r\n<td>Feb<\/td>\r\n<td>M\u00e4r<\/td>\r\n<td>Apr<\/td>\r\n<td>Mai<\/td>\r\n<td>Jun<\/td>\r\n<td>Jul<\/td>\r\n<td>Aug<\/td>\r\n<td>Sep<\/td>\r\n<td>Okt<\/td>\r\n<td>Nov<\/td>\r\n<td>Dez<\/td>\r\n<\/tr>\r\n<tr>\r\n<td>Morgens<\/td>\r\n<td>23,2<\/td>\r\n<td>23,4<\/td>\r\n<td>22,0<\/td>\r\n<td>22,1<\/td>\r\n<td>20,5<\/td>\r\n<td>16,0<\/td>\r\n<td>16,3<\/td>\r\n<td>16,5<\/td>\r\n<td>17,4<\/td>\r\n<td>16,7<\/td>\r\n<td>21,2<\/td>\r\n<td>-<\/td>\r\n<\/tr>\r\n<tr>\r\n<td>Mittags<\/td>\r\n<td>25,4<\/td>\r\n<td>25,3<\/td>\r\n<td>24,5<\/td>\r\n<td>22,5<\/td>\r\n<td>20,2<\/td>\r\n<td>16,5<\/td>\r\n<td>16,3<\/td>\r\n<td>17,7<\/td>\r\n<td>18,3<\/td>\r\n<td>18,0<\/td>\r\n<td>21,4<\/td>\r\n<td>-<\/td>\r\n<\/tr>\r\n<tr>\r\n<td>Abends<\/td>\r\n<td>25,5<\/td>\r\n<td>25,1<\/td>\r\n<td>25,0<\/td>\r\n<td>25,3<\/td>\r\n<td>20,8<\/td>\r\n<td>17,2<\/td>\r\n<td>16,1<\/td>\r\n<td>17,0<\/td>\r\n<td>19,6<\/td>\r\n<td>23,0<\/td>\r\n<td>22,0<\/td>\r\n<td>-<\/td>\r\n<\/tr>\r\n<\/tbody>\r\n<\/table>\r\n<p style=\"text-align: justify\">Zwischen dem 21. M\u00e4rz 2018 und dem 05. Februar 2019 haben wir etwa jeden zweiten Tag <a href=\"https:\/\/www.madcham.de\/de\/publikationen\/\">Bodentemperaturen im Regenwald von Andasibe<\/a> und Umgebung (Analamazaotra, Andasibe, V.O.I.M.M.A. und Mitsinjo) gemessen \u2013 die Tabelle ist das Ergebnis dieser Messungen. Lediglich im Dezember wurden keine Messungen vorgenommen. Eine ausf\u00fchrliche Besprechung findet sich <a href=\"https:\/\/www.madcham.de\/de\/publikationen\/\">hier<\/a>. Insgesamt haben wir 418 Bodentemperaturmessungen durchgef\u00fchrt und gesch\u00e4tzte 70 verschiedene Stellen in Andasibe und Umgebung in 20 cm Tiefe gemessen.<\/p>\t\t\t\t\t\t <\/div>\r\n\t\t\t\t\t\t\t\t\t\t\t\t <div role=\"tabpanel\" class=\"tab-pane \" id=\"tabs_desc_5166_5\">\r\n\t\t\t\t\t\t\t\t<p style=\"text-align: justify\">2023 haben wir zus\u00e4tzlich zu anderen Klimadaten auch den Luftdruck an den von uns besuchten Orten auf Madagaskar gemessen. Die folgenden Daten stammen von verschiedenen Tagen w\u00e4hrend der <b>Regenzeit<\/b> rund um Andasibe. Auf der X-Achse befindet sich die Tages- oder Nachtzeit. Auf Madagaskar beginnt der Tag gegen 6 Uhr, die Nacht bricht bereits um 18 Uhr an. Die Y-Achse zeigt den atmosph\u00e4rischen Luftdruck in hPa an.<\/p>\r\n\r\n<img loading=\"lazy\" decoding=\"async\" class=\"aligncenter wp-image-4189 size-full\" src=\"https:\/\/www.madcham.de\/wp-content\/uploads\/2023\/03\/Luftdruck-2023-Andasibe-3.jpg\" alt=\"2023 Luftdruck in Andasibe\" width=\"657\" height=\"437\" \/>\r\n<img loading=\"lazy\" decoding=\"async\" class=\"aligncenter wp-image-4189 size-full\" src=\"https:\/\/www.madcham.de\/wp-content\/uploads\/2023\/03\/Luftdruck-2023-Andasibe-2.jpg\" alt=\"2023 Luftdruck in Andasibe\" width=\"657\" height=\"437\" \/>\r\n<img loading=\"lazy\" decoding=\"async\" class=\"aligncenter wp-image-4189 size-full\" src=\"https:\/\/www.madcham.de\/wp-content\/uploads\/2023\/03\/Luftdruck-2023-Andasibe-1.jpg\" alt=\"2023 Luftdruck in Andasibe\" width=\"657\" height=\"437\" \/>\t\t\t\t\t\t <\/div>\r\n\t\t\t\t\t\t\t\r\n\t\t\t\t\t <\/div>\r\n\t\t\t\t\t \r\n\t\t\t\t <\/div>\r\n <script>\r\n\t\tjQuery(function () {\r\n\t\t\tjQuery('#myTab_5166 a:first').tab('show')\r\n\t\t});\r\n\t\t\r\n\t\t\t\tjQuery(function(){\r\n\t\t\tvar b=\"fadeIn\";\r\n\t\t\tvar c;\r\n\t\t\tvar a;\r\n\t\t\td(jQuery(\"#myTab_5166 a\"),jQuery(\"#tab-content_5166\"));function d(e,f,g){\r\n\t\t\t\te.click(function(i){\r\n\t\t\t\t\ti.preventDefault();\r\n\t\t\t\t\tjQuery(this).tab(\"show\");\r\n\t\t\t\t\tvar h=jQuery(this).data(\"easein\");\r\n\t\t\t\t\tif(c){c.removeClass(a);}\r\n\t\t\t\t\tif(h){f.find(\"div.active\").addClass(\"animated \"+h);a=h;}\r\n\t\t\t\t\telse{if(g){f.find(\"div.active\").addClass(\"animated \"+g);a=g;}else{f.find(\"div.active\").addClass(\"animated \"+b);a=b;}}c=f.find(\"div.active\");\r\n\t\t\t\t});\r\n\t\t\t}\r\n\t\t});\r\n\t\t\r\n\r\n\t\tfunction do_resize(){\r\n\r\n\t\t\tvar width=jQuery( '.tab-content .tab-pane iframe' ).width();\r\n\t\t\tvar height=jQuery( '.tab-content .tab-pane iframe' ).height();\r\n\r\n\t\t\tvar toggleSize = true;\r\n\t\t\tjQuery('iframe').animate({\r\n\t\t\t    width: toggleSize ? width : 640,\r\n\t\t\t    height: toggleSize ? height : 360\r\n\t\t\t  }, 250);\r\n\r\n\t\t\t  toggleSize = !toggleSize;\r\n\t\t}\r\n\r\n\r\n\t<\/script>\r\n\t\t\t\t\r\n\t\t\t\n<h4>Habitat:<\/h4>\n<p style=\"text-align: justify;\">Die folgenden Fotos zeigen Ausschnitte aus dem Habitat von <em>Furcifer willsii i<\/em>n der Region rund um Andasibe. Einige sind direkt von Fundorten der Art. Die Regenw\u00e4lder dieser Gegend bestehen vor allem aus jungen, schmaleren B\u00e4umen.\u00a0Die Art ist hier vor allem in dichteren Waldabschnitten zu finden, wo viel Unterholz von Farnen und Moos \u00fcberwuchert wird.<\/p>\n<div id='gallery-1' class='gallery galleryid-5166 gallery-columns-2 gallery-size-habitat_thumb'><figure class='gallery-item'>\n\t\t\t<div class='gallery-icon landscape'>\n\t\t\t\t<a href='https:\/\/www.madcham.de\/wp-content\/uploads\/2014\/09\/Calumma-parsonii-cristifer-Analamazaotra-Habitat-e1525253373269.jpg'><img loading=\"lazy\" decoding=\"async\" width=\"650\" height=\"250\" src=\"https:\/\/www.madcham.de\/wp-content\/uploads\/2014\/09\/Calumma-parsonii-cristifer-Analamazaotra-Habitat-e1525253373269-650x250.jpg\" class=\"attachment-habitat_thumb size-habitat_thumb\" alt=\"\" aria-describedby=\"gallery-1-3082\" \/><\/a>\n\t\t\t<\/div>\n\t\t\t\t<figcaption class='wp-caption-text gallery-caption' id='gallery-1-3082'>\n\t\t\t\tLebensraum in Analamazaotra\n\t\t\t\t<\/figcaption><\/figure><figure class='gallery-item'>\n\t\t\t<div class='gallery-icon landscape'>\n\t\t\t\t<a href='https:\/\/www.madcham.de\/wp-content\/uploads\/2014\/09\/Habitat-cristifer-2-e1525707287324.jpg'><img loading=\"lazy\" decoding=\"async\" width=\"650\" height=\"250\" src=\"https:\/\/www.madcham.de\/wp-content\/uploads\/2014\/09\/Habitat-cristifer-2-650x250.jpg\" class=\"attachment-habitat_thumb size-habitat_thumb\" alt=\"\" aria-describedby=\"gallery-1-1767\" \/><\/a>\n\t\t\t<\/div>\n\t\t\t\t<figcaption class='wp-caption-text gallery-caption' id='gallery-1-1767'>\n\t\t\t\tLichtung im Regenwald von Andasibe\n\t\t\t\t<\/figcaption><\/figure><figure class='gallery-item'>\n\t\t\t<div class='gallery-icon landscape'>\n\t\t\t\t<a href='https:\/\/www.madcham.de\/wp-content\/uploads\/2014\/09\/Habitat-Calumma-nasutum-e1525709148802.jpg'><img loading=\"lazy\" decoding=\"async\" width=\"650\" height=\"250\" src=\"https:\/\/www.madcham.de\/wp-content\/uploads\/2014\/09\/Habitat-Calumma-nasutum-650x250.jpg\" class=\"attachment-habitat_thumb size-habitat_thumb\" alt=\"\" aria-describedby=\"gallery-1-1772\" \/><\/a>\n\t\t\t<\/div>\n\t\t\t\t<figcaption class='wp-caption-text gallery-caption' id='gallery-1-1772'>\n\t\t\t\tLebensraum in Andasibe\n\t\t\t\t<\/figcaption><\/figure><figure class='gallery-item'>\n\t\t\t<div class='gallery-icon landscape'>\n\t\t\t\t<a href='https:\/\/www.madcham.de\/wp-content\/uploads\/2014\/09\/Habitat-cristifer-3-e1525707191418.jpg'><img loading=\"lazy\" decoding=\"async\" width=\"650\" height=\"250\" src=\"https:\/\/www.madcham.de\/wp-content\/uploads\/2014\/09\/Habitat-cristifer-3-650x250.jpg\" class=\"attachment-habitat_thumb size-habitat_thumb\" alt=\"\" aria-describedby=\"gallery-1-1768\" \/><\/a>\n\t\t\t<\/div>\n\t\t\t\t<figcaption class='wp-caption-text gallery-caption' id='gallery-1-1768'>\n\t\t\t\tHabitat in Analamazaotra\n\t\t\t\t<\/figcaption><\/figure><figure class='gallery-item'>\n\t\t\t<div class='gallery-icon landscape'>\n\t\t\t\t<a href='https:\/\/www.madcham.de\/wp-content\/uploads\/2014\/09\/Lebensraum-Maromizaha-2023-1.jpg'><img loading=\"lazy\" decoding=\"async\" width=\"650\" height=\"250\" src=\"https:\/\/www.madcham.de\/wp-content\/uploads\/2014\/09\/Lebensraum-Maromizaha-2023-1-650x250.jpg\" class=\"attachment-habitat_thumb size-habitat_thumb\" alt=\"\" aria-describedby=\"gallery-1-13442\" \/><\/a>\n\t\t\t<\/div>\n\t\t\t\t<figcaption class='wp-caption-text gallery-caption' id='gallery-1-13442'>\n\t\t\t\tRegenwald von Maromizaha\n\t\t\t\t<\/figcaption><\/figure><figure class='gallery-item'>\n\t\t\t<div class='gallery-icon landscape'>\n\t\t\t\t<a href='https:\/\/www.madcham.de\/wp-content\/uploads\/2014\/09\/Lebensraum-Vohimana-2023-4.jpg'><img loading=\"lazy\" decoding=\"async\" width=\"650\" height=\"250\" src=\"https:\/\/www.madcham.de\/wp-content\/uploads\/2014\/09\/Lebensraum-Vohimana-2023-4-650x250.jpg\" class=\"attachment-habitat_thumb size-habitat_thumb\" alt=\"\" aria-describedby=\"gallery-1-13443\" \/><\/a>\n\t\t\t<\/div>\n\t\t\t\t<figcaption class='wp-caption-text gallery-caption' id='gallery-1-13443'>\n\t\t\t\tRegenwald in Vohimana\n\t\t\t\t<\/figcaption><\/figure>\n\t\t<\/div>\n\n<p style=\"text-align: justify;\">Im Folgenden findest du einige 360\u00b0-Bilder aus Regenw\u00e4ldern von Andasibe und Analamazaotra, die wir w\u00e4hrend der Regenzeit aufgenommen haben. Wenn man auf die jeweilige Aufnahme klickt, \u00f6ffnen sich die Bilder in vergr\u00f6\u00dferter Ansicht in einem eigenen Fenster. Mit der Maus kann man sich darin in alle Richtungen drehen. Dort besteht auch die M\u00f6glichkeit, die Bilder im Vollbildmodus auszuf\u00fchren. Viel Spa\u00df beim Anschauen!<\/p>\n<p><a href=\"https:\/\/app2.ricoh360.com\/viewer\/3300c533-0e2f-41eb-8e97-f7b06d7cd8d9\" target=\"_blank\" rel=\"noopener\"><img loading=\"lazy\" decoding=\"async\" class=\"aligncenter wp-image-14228 size-large\" src=\"https:\/\/www.madcham.de\/wp-content\/uploads\/2018\/05\/Andasibe-Analamazaotra-April-2017-1-1024x576.jpg\" alt=\"\" width=\"1024\" height=\"576\" srcset=\"https:\/\/www.madcham.de\/wp-content\/uploads\/2018\/05\/Andasibe-Analamazaotra-April-2017-1-1024x576.jpg 1024w, https:\/\/www.madcham.de\/wp-content\/uploads\/2018\/05\/Andasibe-Analamazaotra-April-2017-1-300x169.jpg 300w, https:\/\/www.madcham.de\/wp-content\/uploads\/2018\/05\/Andasibe-Analamazaotra-April-2017-1-768x432.jpg 768w, https:\/\/www.madcham.de\/wp-content\/uploads\/2018\/05\/Andasibe-Analamazaotra-April-2017-1-1536x864.jpg 1536w, https:\/\/www.madcham.de\/wp-content\/uploads\/2018\/05\/Andasibe-Analamazaotra-April-2017-1-2048x1152.jpg 2048w, https:\/\/www.madcham.de\/wp-content\/uploads\/2018\/05\/Andasibe-Analamazaotra-April-2017-1-1200x675.jpg 1200w, https:\/\/www.madcham.de\/wp-content\/uploads\/2018\/05\/Andasibe-Analamazaotra-April-2017-1-420x236.jpg 420w, https:\/\/www.madcham.de\/wp-content\/uploads\/2018\/05\/Andasibe-Analamazaotra-April-2017-1-81x46.jpg 81w, https:\/\/www.madcham.de\/wp-content\/uploads\/2018\/05\/Andasibe-Analamazaotra-April-2017-1-200x112.jpg 200w\" sizes=\"(max-width: 1024px) 100vw, 1024px\" \/><\/a><a href=\"https:\/\/app2.ricoh360.com\/viewer\/c72c81d6-afa4-46d9-83af-cb35f935ff90\" target=\"_blank\" rel=\"noopener\"><img loading=\"lazy\" decoding=\"async\" class=\"aligncenter wp-image-14229 size-large\" src=\"https:\/\/www.madcham.de\/wp-content\/uploads\/2018\/05\/Andasibe-Analamazaotra-April-2017-2-1024x576.jpg\" alt=\"\" width=\"1024\" height=\"576\" srcset=\"https:\/\/www.madcham.de\/wp-content\/uploads\/2018\/05\/Andasibe-Analamazaotra-April-2017-2-1024x576.jpg 1024w, https:\/\/www.madcham.de\/wp-content\/uploads\/2018\/05\/Andasibe-Analamazaotra-April-2017-2-300x169.jpg 300w, https:\/\/www.madcham.de\/wp-content\/uploads\/2018\/05\/Andasibe-Analamazaotra-April-2017-2-768x432.jpg 768w, https:\/\/www.madcham.de\/wp-content\/uploads\/2018\/05\/Andasibe-Analamazaotra-April-2017-2-1536x864.jpg 1536w, https:\/\/www.madcham.de\/wp-content\/uploads\/2018\/05\/Andasibe-Analamazaotra-April-2017-2-2048x1152.jpg 2048w, https:\/\/www.madcham.de\/wp-content\/uploads\/2018\/05\/Andasibe-Analamazaotra-April-2017-2-1200x675.jpg 1200w, https:\/\/www.madcham.de\/wp-content\/uploads\/2018\/05\/Andasibe-Analamazaotra-April-2017-2-420x236.jpg 420w, https:\/\/www.madcham.de\/wp-content\/uploads\/2018\/05\/Andasibe-Analamazaotra-April-2017-2-81x46.jpg 81w, https:\/\/www.madcham.de\/wp-content\/uploads\/2018\/05\/Andasibe-Analamazaotra-April-2017-2-200x112.jpg 200w\" sizes=\"(max-width: 1024px) 100vw, 1024px\" \/><\/a><a href=\"https:\/\/app2.ricoh360.com\/viewer\/a015c717-439d-48db-98ba-035ec575254f\" target=\"_blank\" rel=\"noopener\"><img loading=\"lazy\" decoding=\"async\" class=\"aligncenter wp-image-14554 size-large\" src=\"https:\/\/www.madcham.de\/wp-content\/uploads\/2014\/09\/Analamazaotra-Maerz-2018-3-1024x576.jpg\" alt=\"\" width=\"1024\" height=\"576\" srcset=\"https:\/\/www.madcham.de\/wp-content\/uploads\/2014\/09\/Analamazaotra-Maerz-2018-3-1024x576.jpg 1024w, https:\/\/www.madcham.de\/wp-content\/uploads\/2014\/09\/Analamazaotra-Maerz-2018-3-300x169.jpg 300w, https:\/\/www.madcham.de\/wp-content\/uploads\/2014\/09\/Analamazaotra-Maerz-2018-3-768x432.jpg 768w, https:\/\/www.madcham.de\/wp-content\/uploads\/2014\/09\/Analamazaotra-Maerz-2018-3-1536x864.jpg 1536w, https:\/\/www.madcham.de\/wp-content\/uploads\/2014\/09\/Analamazaotra-Maerz-2018-3-2048x1152.jpg 2048w, https:\/\/www.madcham.de\/wp-content\/uploads\/2014\/09\/Analamazaotra-Maerz-2018-3-1200x675.jpg 1200w, https:\/\/www.madcham.de\/wp-content\/uploads\/2014\/09\/Analamazaotra-Maerz-2018-3-420x236.jpg 420w, https:\/\/www.madcham.de\/wp-content\/uploads\/2014\/09\/Analamazaotra-Maerz-2018-3-81x46.jpg 81w, https:\/\/www.madcham.de\/wp-content\/uploads\/2014\/09\/Analamazaotra-Maerz-2018-3-200x112.jpg 200w\" sizes=\"(max-width: 1024px) 100vw, 1024px\" \/><\/a><a href=\"https:\/\/app2.ricoh360.com\/viewer\/ad27dc5f-8335-462d-a15b-bedb0ef7a0cc\" target=\"_blank\" rel=\"noopener\"><img loading=\"lazy\" decoding=\"async\" class=\"aligncenter wp-image-14557 size-large\" src=\"https:\/\/www.madcham.de\/wp-content\/uploads\/2014\/09\/Analamazaotra-Maerz-2018-6-1024x576.jpg\" alt=\"\" width=\"1024\" height=\"576\" srcset=\"https:\/\/www.madcham.de\/wp-content\/uploads\/2014\/09\/Analamazaotra-Maerz-2018-6-1024x576.jpg 1024w, https:\/\/www.madcham.de\/wp-content\/uploads\/2014\/09\/Analamazaotra-Maerz-2018-6-300x169.jpg 300w, https:\/\/www.madcham.de\/wp-content\/uploads\/2014\/09\/Analamazaotra-Maerz-2018-6-768x432.jpg 768w, https:\/\/www.madcham.de\/wp-content\/uploads\/2014\/09\/Analamazaotra-Maerz-2018-6-1536x864.jpg 1536w, https:\/\/www.madcham.de\/wp-content\/uploads\/2014\/09\/Analamazaotra-Maerz-2018-6-2048x1152.jpg 2048w, https:\/\/www.madcham.de\/wp-content\/uploads\/2014\/09\/Analamazaotra-Maerz-2018-6-1200x675.jpg 1200w, https:\/\/www.madcham.de\/wp-content\/uploads\/2014\/09\/Analamazaotra-Maerz-2018-6-420x236.jpg 420w, https:\/\/www.madcham.de\/wp-content\/uploads\/2014\/09\/Analamazaotra-Maerz-2018-6-81x46.jpg 81w, https:\/\/www.madcham.de\/wp-content\/uploads\/2014\/09\/Analamazaotra-Maerz-2018-6-200x112.jpg 200w\" sizes=\"(max-width: 1024px) 100vw, 1024px\" \/><\/a><a href=\"https:\/\/app2.ricoh360.com\/viewer\/14797c0c-f424-492c-afe5-a1dd05923d72\" target=\"_blank\" rel=\"noopener\"><img loading=\"lazy\" decoding=\"async\" class=\"aligncenter wp-image-14558 size-large\" src=\"https:\/\/www.madcham.de\/wp-content\/uploads\/2014\/09\/Analamazaotra-Maerz-2018-7-1024x576.jpg\" alt=\"\" width=\"1024\" height=\"576\" srcset=\"https:\/\/www.madcham.de\/wp-content\/uploads\/2014\/09\/Analamazaotra-Maerz-2018-7-1024x576.jpg 1024w, https:\/\/www.madcham.de\/wp-content\/uploads\/2014\/09\/Analamazaotra-Maerz-2018-7-300x169.jpg 300w, https:\/\/www.madcham.de\/wp-content\/uploads\/2014\/09\/Analamazaotra-Maerz-2018-7-768x432.jpg 768w, https:\/\/www.madcham.de\/wp-content\/uploads\/2014\/09\/Analamazaotra-Maerz-2018-7-1536x864.jpg 1536w, https:\/\/www.madcham.de\/wp-content\/uploads\/2014\/09\/Analamazaotra-Maerz-2018-7-2048x1152.jpg 2048w, https:\/\/www.madcham.de\/wp-content\/uploads\/2014\/09\/Analamazaotra-Maerz-2018-7-1200x675.jpg 1200w, https:\/\/www.madcham.de\/wp-content\/uploads\/2014\/09\/Analamazaotra-Maerz-2018-7-420x236.jpg 420w, https:\/\/www.madcham.de\/wp-content\/uploads\/2014\/09\/Analamazaotra-Maerz-2018-7-81x46.jpg 81w, https:\/\/www.madcham.de\/wp-content\/uploads\/2014\/09\/Analamazaotra-Maerz-2018-7-200x112.jpg 200w\" sizes=\"(max-width: 1024px) 100vw, 1024px\" \/><\/a><a href=\"https:\/\/app2.ricoh360.com\/viewer\/387ba853-96c3-4385-bd6b-b587cd09f908\" target=\"_blank\" rel=\"noopener\"><img loading=\"lazy\" decoding=\"async\" class=\"aligncenter wp-image-14559 size-large\" src=\"https:\/\/www.madcham.de\/wp-content\/uploads\/2014\/09\/Analamazaotra-Maerz-2018-8-1024x576.jpg\" alt=\"\" width=\"1024\" height=\"576\" srcset=\"https:\/\/www.madcham.de\/wp-content\/uploads\/2014\/09\/Analamazaotra-Maerz-2018-8-1024x576.jpg 1024w, https:\/\/www.madcham.de\/wp-content\/uploads\/2014\/09\/Analamazaotra-Maerz-2018-8-300x169.jpg 300w, https:\/\/www.madcham.de\/wp-content\/uploads\/2014\/09\/Analamazaotra-Maerz-2018-8-768x432.jpg 768w, https:\/\/www.madcham.de\/wp-content\/uploads\/2014\/09\/Analamazaotra-Maerz-2018-8-1536x864.jpg 1536w, https:\/\/www.madcham.de\/wp-content\/uploads\/2014\/09\/Analamazaotra-Maerz-2018-8-2048x1152.jpg 2048w, https:\/\/www.madcham.de\/wp-content\/uploads\/2014\/09\/Analamazaotra-Maerz-2018-8-1200x675.jpg 1200w, https:\/\/www.madcham.de\/wp-content\/uploads\/2014\/09\/Analamazaotra-Maerz-2018-8-420x236.jpg 420w, https:\/\/www.madcham.de\/wp-content\/uploads\/2014\/09\/Analamazaotra-Maerz-2018-8-81x46.jpg 81w, https:\/\/www.madcham.de\/wp-content\/uploads\/2014\/09\/Analamazaotra-Maerz-2018-8-200x112.jpg 200w\" sizes=\"(max-width: 1024px) 100vw, 1024px\" \/><\/a><a href=\"https:\/\/app2.ricoh360.com\/viewer\/8894913a-3a31-42d0-97c2-15b7e2e38536\" target=\"_blank\" rel=\"noopener\"><img loading=\"lazy\" decoding=\"async\" class=\"aligncenter wp-image-14561 size-large\" src=\"https:\/\/www.madcham.de\/wp-content\/uploads\/2014\/09\/Analamazaotra-Maerz-2018-10-1024x576.jpg\" alt=\"\" width=\"1024\" height=\"576\" srcset=\"https:\/\/www.madcham.de\/wp-content\/uploads\/2014\/09\/Analamazaotra-Maerz-2018-10-1024x576.jpg 1024w, https:\/\/www.madcham.de\/wp-content\/uploads\/2014\/09\/Analamazaotra-Maerz-2018-10-300x169.jpg 300w, https:\/\/www.madcham.de\/wp-content\/uploads\/2014\/09\/Analamazaotra-Maerz-2018-10-768x432.jpg 768w, https:\/\/www.madcham.de\/wp-content\/uploads\/2014\/09\/Analamazaotra-Maerz-2018-10-1536x864.jpg 1536w, https:\/\/www.madcham.de\/wp-content\/uploads\/2014\/09\/Analamazaotra-Maerz-2018-10-2048x1152.jpg 2048w, https:\/\/www.madcham.de\/wp-content\/uploads\/2014\/09\/Analamazaotra-Maerz-2018-10-1200x675.jpg 1200w, https:\/\/www.madcham.de\/wp-content\/uploads\/2014\/09\/Analamazaotra-Maerz-2018-10-420x236.jpg 420w, https:\/\/www.madcham.de\/wp-content\/uploads\/2014\/09\/Analamazaotra-Maerz-2018-10-81x46.jpg 81w, https:\/\/www.madcham.de\/wp-content\/uploads\/2014\/09\/Analamazaotra-Maerz-2018-10-200x112.jpg 200w\" sizes=\"(max-width: 1024px) 100vw, 1024px\" \/><\/a><a href=\"https:\/\/app2.ricoh360.com\/viewer\/18f8e1f4-0a3e-4ffb-baae-dbaa331f660a\" target=\"_blank\" rel=\"noopener\"><img loading=\"lazy\" decoding=\"async\" class=\"aligncenter wp-image-14565 size-large\" src=\"https:\/\/www.madcham.de\/wp-content\/uploads\/2014\/09\/Analamazaotra-Maerz-2018-14-1024x576.jpg\" alt=\"\" width=\"1024\" height=\"576\" srcset=\"https:\/\/www.madcham.de\/wp-content\/uploads\/2014\/09\/Analamazaotra-Maerz-2018-14-1024x576.jpg 1024w, https:\/\/www.madcham.de\/wp-content\/uploads\/2014\/09\/Analamazaotra-Maerz-2018-14-300x169.jpg 300w, https:\/\/www.madcham.de\/wp-content\/uploads\/2014\/09\/Analamazaotra-Maerz-2018-14-768x432.jpg 768w, https:\/\/www.madcham.de\/wp-content\/uploads\/2014\/09\/Analamazaotra-Maerz-2018-14-1536x864.jpg 1536w, https:\/\/www.madcham.de\/wp-content\/uploads\/2014\/09\/Analamazaotra-Maerz-2018-14-2048x1152.jpg 2048w, https:\/\/www.madcham.de\/wp-content\/uploads\/2014\/09\/Analamazaotra-Maerz-2018-14-1200x675.jpg 1200w, https:\/\/www.madcham.de\/wp-content\/uploads\/2014\/09\/Analamazaotra-Maerz-2018-14-420x236.jpg 420w, https:\/\/www.madcham.de\/wp-content\/uploads\/2014\/09\/Analamazaotra-Maerz-2018-14-81x46.jpg 81w, https:\/\/www.madcham.de\/wp-content\/uploads\/2014\/09\/Analamazaotra-Maerz-2018-14-200x112.jpg 200w\" sizes=\"(max-width: 1024px) 100vw, 1024px\" \/><\/a><a href=\"https:\/\/app2.ricoh360.com\/viewer\/8f1c7aae-7564-49c2-bfe3-ca89079e0ebe\" target=\"_blank\" rel=\"noopener\"><img loading=\"lazy\" decoding=\"async\" class=\"aligncenter wp-image-14566 size-large\" src=\"https:\/\/www.madcham.de\/wp-content\/uploads\/2014\/09\/Analamazaotra-Maerz-2018-15-1024x576.jpg\" alt=\"\" width=\"1024\" height=\"576\" srcset=\"https:\/\/www.madcham.de\/wp-content\/uploads\/2014\/09\/Analamazaotra-Maerz-2018-15-1024x576.jpg 1024w, https:\/\/www.madcham.de\/wp-content\/uploads\/2014\/09\/Analamazaotra-Maerz-2018-15-300x169.jpg 300w, https:\/\/www.madcham.de\/wp-content\/uploads\/2014\/09\/Analamazaotra-Maerz-2018-15-768x432.jpg 768w, https:\/\/www.madcham.de\/wp-content\/uploads\/2014\/09\/Analamazaotra-Maerz-2018-15-1536x864.jpg 1536w, https:\/\/www.madcham.de\/wp-content\/uploads\/2014\/09\/Analamazaotra-Maerz-2018-15-2048x1152.jpg 2048w, https:\/\/www.madcham.de\/wp-content\/uploads\/2014\/09\/Analamazaotra-Maerz-2018-15-1200x675.jpg 1200w, https:\/\/www.madcham.de\/wp-content\/uploads\/2014\/09\/Analamazaotra-Maerz-2018-15-420x236.jpg 420w, https:\/\/www.madcham.de\/wp-content\/uploads\/2014\/09\/Analamazaotra-Maerz-2018-15-81x46.jpg 81w, https:\/\/www.madcham.de\/wp-content\/uploads\/2014\/09\/Analamazaotra-Maerz-2018-15-200x112.jpg 200w\" sizes=\"(max-width: 1024px) 100vw, 1024px\" \/><\/a>","protected":false},"excerpt":{"rendered":"<p>Erstbeschreibung: (G\u00fcnther, 1890) Herkunft des Artnamens: Der deutsche Zoologe Albert Carl Ludwig Gotthilf G\u00fcnther, damals Direktor der Zoologischen Abteilung des Naturhistorischen Museums von London (Gro\u00dfbritannien), benannte diese Cham\u00e4leonart nach dem Missionar James A. Wills. Aus der Sammlung des Engl\u00e4nders, der im Hochland Madagaskars lebte, stammten die von G\u00fcnther beschriebenen Exemplare. Wills besch\u00e4ftige sich auch mit der Ornithologie. Verbreitung: Furcifer willsii bewohnt die Bergnebelw\u00e4lder vor allem des zentralen Ostens Madagaskars. Das bekannteste Verbreitungsgebiet ist wohl Analamazaotra, Teil des Andasibe-Mantadia Nationalparks. Die Tiere leben in H\u00f6henlagen bis zu 1200 Meter. Au\u00dferhalb des Regenwaldes findet man sie so gut wie nicht, sie bevorzugen feuchte und sehr dicht bewachsene Prim\u00e4rw\u00e4lder. Verh\u00e4ltnism\u00e4\u00dfig weit s\u00fcdlich f\u00fcr die Art wurde 2018 ein Furcifer willsii im Magen einer Mahafalynatter im Andringitra-Gebirge gefunden. Einen extrem weit n\u00f6rdlichen Fund haben wir 2022 im Regenwald von Marojejy im \u00e4u\u00dfersten Nordosten Madagaskars gemacht. Aussehen und Gr\u00f6\u00dfe: Furcifer willsii geh\u00f6rt mit 15 bis 17 cm Gesamtl\u00e4nge zu den kleineren Cham\u00e4leonarten. Die M\u00e4nnchen haben zwei auffallende, parallel nach oben gebogene Nasenforts\u00e4tze, die bei den Weibchen g\u00e4nzlich fehlen. Sie sind gr\u00fcn gef\u00e4rbt mit einem d\u00fcnnen, wei\u00dfen Lateralstreifen und wei\u00dfen Lippen.\u00a0 Die Farben der Weibchen sind variabler, von gelb-gr\u00fcn bis zu einem Dunkelbraun mit leuchtend gelber&#8230;<\/p>\n","protected":false},"author":3,"featured_media":6614,"comment_status":"closed","ping_status":"closed","sticky":false,"template":"","format":"gallery","meta":{"_monsterinsights_skip_tracking":false,"_monsterinsights_sitenote_active":false,"_monsterinsights_sitenote_note":"","_monsterinsights_sitenote_category":0,"footnotes":""},"categories":[27],"tags":[1455,1380,67,63,66,61,1451,255,723,64,68,65],"_links":{"self":[{"href":"https:\/\/www.madcham.de\/de\/wp-json\/wp\/v2\/posts\/948"}],"collection":[{"href":"https:\/\/www.madcham.de\/de\/wp-json\/wp\/v2\/posts"}],"about":[{"href":"https:\/\/www.madcham.de\/de\/wp-json\/wp\/v2\/types\/post"}],"author":[{"embeddable":true,"href":"https:\/\/www.madcham.de\/de\/wp-json\/wp\/v2\/users\/3"}],"replies":[{"embeddable":true,"href":"https:\/\/www.madcham.de\/de\/wp-json\/wp\/v2\/comments?post=948"}],"version-history":[{"count":71,"href":"https:\/\/www.madcham.de\/de\/wp-json\/wp\/v2\/posts\/948\/revisions"}],"predecessor-version":[{"id":15180,"href":"https:\/\/www.madcham.de\/de\/wp-json\/wp\/v2\/posts\/948\/revisions\/15180"}],"wp:featuredmedia":[{"embeddable":true,"href":"https:\/\/www.madcham.de\/de\/wp-json\/wp\/v2\/media\/6614"}],"wp:attachment":[{"href":"https:\/\/www.madcham.de\/de\/wp-json\/wp\/v2\/media?parent=948"}],"wp:term":[{"taxonomy":"category","embeddable":true,"href":"https:\/\/www.madcham.de\/de\/wp-json\/wp\/v2\/categories?post=948"},{"taxonomy":"post_tag","embeddable":true,"href":"https:\/\/www.madcham.de\/de\/wp-json\/wp\/v2\/tags?post=948"}],"curies":[{"name":"wp","href":"https:\/\/api.w.org\/{rel}","templated":true}]}}