{"id":10067,"date":"2023-04-12T13:17:54","date_gmt":"2023-04-12T11:17:54","guid":{"rendered":"https:\/\/www.madcham.de\/calumma-amber-copy-2\/"},"modified":"2025-02-25T15:06:20","modified_gmt":"2025-02-25T14:06:20","slug":"calumma-vohibola","status":"publish","type":"post","link":"https:\/\/www.madcham.de\/fr\/calumma-vohibola\/","title":{"rendered":"Calumma vohibola"},"content":{"rendered":"<div class=\"simple-alert-boxes sab_danger sab_normal \">\r\n\t\t<strong>Quotas CITES<\/strong><br \/>\npas d&rsquo;exportation l\u00e9gale possible\t<\/div>\r\n\t\n<h4>Premi\u00e8re description :<a href=\"https:\/\/www.iucnredlist.org\/species\/42689609\/176117232\" target=\"_blank\" rel=\"noopener\"><img loading=\"lazy\" decoding=\"async\" class=\"alignright wp-image-13128\" src=\"https:\/\/www.madcham.de\/wp-content\/uploads\/2023\/03\/IUCN-Status-endangered.jpg\" alt=\"IUCN Red List: endangered\" width=\"80\" height=\"79\" srcset=\"https:\/\/www.madcham.de\/wp-content\/uploads\/2023\/03\/IUCN-Status-endangered.jpg 150w, https:\/\/www.madcham.de\/wp-content\/uploads\/2023\/03\/IUCN-Status-endangered-81x80.jpg 81w\" sizes=\"(max-width: 80px) 100vw, 80px\" \/><\/a><\/h4>\n<p>Gehring, Ratsoavina, Vences et Glaw, 2011 <a href=\"https:\/\/www.researchgate.net\/publication\/224049313_Calumma_vohibola_a_new_chameleon_species_Squamata_Chamaeleonidae_from_the_littoral_forests_of_eastern_Madagascar\" target=\"_blank\" rel=\"noopener noreferrer\"><img loading=\"lazy\" decoding=\"async\" class=\"alignnone wp-image-9195 size-full\" style=\"margin-left: 10px; margin-top: 15px;\" src=\"https:\/\/www.madcham.de\/wp-content\/uploads\/2014\/09\/pdf-Logo.png\" alt=\"\" width=\"44\" height=\"21\" \/><\/a><\/p>\n<h4>Origine du nom de l&rsquo;esp\u00e8ce :<\/h4>\n<p style=\"text-align: justify;\">Philip-Sebastian Gehring et Miguel Vences de l&rsquo;Universit\u00e9 technique de Braunschweig (Allemagne), Fanomezana M. Ratsoavina de l&rsquo;Universit\u00e9 d&rsquo;Antananarivo (Madagascar) et Frank Glaw de la Collection nationale de zoologie de Munich (Allemagne) ont tout simplement nomm\u00e9 l&rsquo;esp\u00e8ce d&rsquo;apr\u00e8s son origine, la for\u00eat de Vohibola.<\/p>\n<div style=\"float: right; margin: 20px;\">\t\t<div id=\"maps-marker-pro-ecccd838\" class=\"maps-marker-pro\" style=\"width: 300px;\">\n\t\t\t<div id=\"mmp-map-wrap-ecccd838\" class=\"mmp-map-wrap\">\n\t\t\t\t\t\t\t\t\t<div id=\"mmp-panel-ecccd838\" class=\"mmp-panel\"><\/div>\n\t\t\t\t\t\t\t\t<div id=\"mmp-map-ecccd838\" class=\"mmp-map\" style=\"height: 300px;\"><\/div>\n\t\t\t\t\t\t\t<\/div>\n\t\t\t\t\t<\/div>\n\t\t<\/div>\n<h4>Distribution :<\/h4>\n<p style=\"text-align: justify;\"><em>Calumma vohibola<\/em> vit dans la r\u00e9serve du m\u00eame nom, sur la c\u00f4te est de Madagascar, \u00e0 environ 50 km au sud de la ville c\u00f4ti\u00e8re de Toamasina (Tamatave). La r\u00e9serve est tr\u00e8s petite, avec seulement 23,44 km\u00b2. Sur cette superficie, seuls 8 km\u00b2 sont constitu\u00e9s de for\u00eat littorale, c&rsquo;est-\u00e0-dire d&rsquo;un type de for\u00eat particuli\u00e8rement rare que l&rsquo;on trouve entre les plages de sable de l&rsquo;oc\u00e9an Indien, juste au-dessus du niveau de la mer. La for\u00eat s&rsquo;\u00e9tend sur une bande de terre entre l&rsquo;oc\u00e9an Indien et le lac Ampitabe ainsi que le Canal des Pangalanes. En raison de sa situation basse et donc accessible, cette zone foresti\u00e8re est malheureusement tr\u00e8s menac\u00e9e par la d\u00e9forestation. <em>Calumma vohibola<\/em> n&rsquo;est pas seulement pr\u00e9sent dans la r\u00e9serve de Vohibola, mais aussi dans les r\u00e9gions voisines, entre autres dans la r\u00e9serve tout aussi petite d&rsquo;Akanin&rsquo;ny Nofy. Des individus isol\u00e9s sont \u00e9galement connus pr\u00e8s de Toamasina (Tamatave). Entre les deux r\u00e9serves et sur la bande de terre jusqu&rsquo;\u00e0 Toamasina, on trouve surtout de la v\u00e9g\u00e9tation secondaire.<\/p>\n<p style=\"text-align: justify;\">D&rsquo;apr\u00e8s notre exp\u00e9rience, l&rsquo;esp\u00e8ce est tr\u00e8s difficile \u00e0 trouver et n&rsquo;est active que pendant quelques mois durant la saison des pluies. Nous pensons que la population de <em>Calumma vohibola<\/em> est beaucoup plus petite que celle des autres esp\u00e8ces de cam\u00e9l\u00e9ons vivant dans le m\u00eame environnement.<\/p>\n<h4>Apparence et taille :<\/h4>\n<p style=\"text-align: justify;\">Avec une longueur totale de huit \u00e0 neuf centim\u00e8tres, cette esp\u00e8ce de cam\u00e9l\u00e9on fait partie des plus petits cam\u00e9l\u00e9ons arboricoles de Madagascar. Les deux sexes portent un casque tr\u00e8s bas et un appendice nasal tr\u00e8s court, d\u00e9passant \u00e0 peine la l\u00e8vre sup\u00e9rieure, qui ressemble plut\u00f4t \u00e0 un nez retrouss\u00e9 et dont l&rsquo;ar\u00eate nasale est en partie plus \u00ab\u00a0irr\u00e9guli\u00e8re\u00a0\u00bb et \u00ab\u00a0bossel\u00e9e\u00a0\u00bb que chez les autres petites esp\u00e8ces de<em> Calumma<\/em>. Les m\u00e2les portent g\u00e9n\u00e9ralement plusieurs \u00e9cailles \u00e9pineuses plus grandes sur le dos, mais celles-ci peuvent aussi \u00eatre absentes.<\/p>\n<p style=\"text-align: justify;\">La couleur de <em>Calumma vohibola<\/em> n&rsquo;est pas tout \u00e0 fait homog\u00e8ne. Pendant la saison s\u00e8che et le sommeil, on trouve surtout l&rsquo;esp\u00e8ce avec une coloration beige assez uniforme sur tout le corps. En revanche, les <em>Calumma vohibola<\/em> \u00e9veill\u00e9s et d\u00e9tendus affichent des couleurs \u00e9tonnantes. Les m\u00e2les portent des rayures bleu clair et vert clair sur un fond presque blanc, ainsi que des taches g\u00e9n\u00e9ralement bleues sur le nez. Les femelles pr\u00e9sentent une coloration de stress tr\u00e8s int\u00e9ressante : de nombreuses petites \u00e9cailles bleu clair et vert clair sur un fond brun fonc\u00e9 \u00e0 brun-rouge. Elles pr\u00e9sentent \u00e9galement souvent des taches bleu clair au niveau de la t\u00eate lorsqu&rsquo;elles sont excit\u00e9es. Les deux sexes ont des \u00e9cailles plus grandes sur les bras, les jambes, les mains et les pieds que sur le corps. Presque tous les individus pr\u00e9sentent un trait de paupi\u00e8re fonc\u00e9.<\/p>\n<p>&nbsp;<\/p>\n\t\t\t\t\t\t<style>\r\n\t\t\t\t\r\n\t\t\t\t\t#tab_container_8892 {\r\n\toverflow:hidden;\r\n\tdisplay:block;\r\n\twidth:100%;\r\n\tborder:0px solid #ddd;\r\n\tmargin-bottom:30px;\r\n\t}\r\n\r\n#tab_container_8892 .tab-content{\r\n\tpadding:20px;\r\n\tborder: 1px solid #e6e6e6 !important;\r\n\tmargin-top: 0px;\r\n\tbackground-color:#ffffff !important;\r\n\tcolor: #3e3e3e !important;\r\n\tfont-size:13px !important;\r\n\tfont-family: Open Sans !important;\r\n\t\r\n\t\tborder: 1px solid #e6e6e6 !important;\r\n\t}\r\n#tab_container_8892 .wpsm_nav-tabs {\r\n    border-bottom: 0px solid #ddd;\r\n}\r\n#tab_container_8892 .wpsm_nav-tabs > li.active > a, #tab_container_8892 .wpsm_nav-tabs > li.active > a:hover, #tab_container_8892 .wpsm_nav-tabs > li.active > a:focus {\r\n\tcolor: #3e3e3e !important;\r\n\tcursor: default;\r\n\tbackground-color: #ffffff !important;\r\n\tborder: 1px solid #e6e6e6 !important;\r\n}\r\n\r\n#tab_container_8892 .wpsm_nav-tabs > li > a {\r\n    margin-right: 0px !important; \r\n    line-height: 1.42857143 !important;\r\n    border: 1px solid #d5d5d5 !important;\r\n    border-radius: 0px 0px 0 0 !important; \r\n\tbackground-color: #e8e8e8 !important;\r\n\tcolor: #3e3e3e !important;\r\n\tpadding: 15px 18px 15px 18px !important;\r\n\ttext-decoration: none !important;\r\n\tfont-size: 13px !important;\r\n\ttext-align:center !important;\r\n\tfont-family: Open Sans !important;\r\n}\r\n#tab_container_8892 .wpsm_nav-tabs > li > a:focus {\r\noutline: 0px !important;\r\n}\r\n\r\n#tab_container_8892 .wpsm_nav-tabs > li > a:before {\r\n\tdisplay:none !important;\r\n}\r\n#tab_container_8892 .wpsm_nav-tabs > li > a:after {\r\n\tdisplay:none !important ;\r\n}\r\n#tab_container_8892 .wpsm_nav-tabs > li{\r\npadding:0px !important ;\r\nmargin:0px;\r\n}\r\n\r\n#tab_container_8892 .wpsm_nav-tabs > li > a:hover , #tab_container_8892 .wpsm_nav-tabs > li > a:focus {\r\n    color: #3e3e3e !important;\r\n    background-color: #e8e8e8 !important;\r\n\tborder: 1px solid #d5d5d5 !important;\r\n\t\r\n}\r\n#tab_container_8892 .wpsm_nav-tabs > li > a .fa{\r\n\r\nmargin-right:5px !important;\r\n\r\nmargin-left:5px !important;\r\n\r\n\r\n}\r\n\r\n\t\t#tab_container_8892 .wpsm_nav-tabs a{\r\n\t\t\tbackground-image: none;\r\n\t\t\tbackground-position: 0 0;\r\n\t\t\tbackground-repeat: repeat-x;\r\n\t\t}\r\n\t\t\t\r\n\r\n\r\n#tab_container_8892 .wpsm_nav-tabs > li {\r\n    float: left;\r\n    margin-bottom: -1px !important;\r\n\tmargin-right:0px !important; \r\n}\r\n\r\n\r\n#tab_container_8892 .tab-content{\r\noverflow:hidden !important;\r\n}\r\n\r\n\r\n@media (min-width: 769px) {\r\n\r\n\t#tab_container_8892 .wpsm_nav-tabs > li{\r\n\t\tfloat:left !important ;\r\n\t\t\t\tmargin-right:-1px !important;\r\n\t\t\t\t\t}\r\n\t#tab_container_8892 .wpsm_nav-tabs{\r\n\t\tfloat:none !important;\r\n\t\tmargin:0px !important;\r\n\t}\r\n\r\n\t#tab_container_8892 .wpsm_nav-tabs > li {\r\n\t\t\t\t\r\n\t}\r\n\t#tab_container_8892 .wpsm_nav{\r\n\t\t\t}\r\n\r\n}\r\n\r\n\r\n\r\n@media (max-width: 768px) {\r\n\t#tab_container_8892 .wpsm_nav-tabs > li {\r\n\t\t\t\t\r\n\t}\r\n\t#tab_container_8892 .wpsm_nav{\r\n\t\t\t}\r\n}\r\n\r\n\r\n\t.wpsm_nav-tabs li:before{\r\n\t\tdisplay:none !important;\r\n\t}\r\n\r\n\t@media (max-width: 768px) {\r\n\t\t\t\t\r\n\t\t\t\t.wpsm_nav-tabs{\r\n\t\t\tmargin-left:0px !important;\r\n\t\t\tmargin-right:0px !important; \r\n\t\t\t\r\n\t\t}\r\n\t\t\t\t#tab_container_8892 .wpsm_nav-tabs > li{\r\n\t\t\tfloat:none !important;\r\n\t\t}\r\n\t\t\t\r\n\t}\t\t\t\t<\/style>\r\n\t\t\t\t<div id=\"tab_container_8892\" >\r\n\t \r\n\t\t\t\t\t<ul class=\"wpsm_nav wpsm_nav-tabs\" role=\"tablist\" id=\"myTab_8892\">\r\n\t\t\t\t\t\t\t\r\n\t\t\t\t\t\t\t<li role=\"presentation\"  class=\"active\"  onclick=\"do_resize()\">\r\n\t\t\t\t\t\t\t\t<a href=\"#tabs_desc_8892_1\" aria-controls=\"tabs_desc_8892_1\" role=\"tab\" data-toggle=\"tab\">\r\n\t\t\t\t\t\t\t\t\t\r\n\t\t\t\t\t\t\t\t\t\t\t\t\t\t\t\t\t\t\t\t\t\t\t\t\t\t\t\t\t\t\t<i class=\"fa fa-calendar\"><\/i> \t\t\t\t\t\t\t\t\t\t\t\t\t\t\t\t\t\t\t\r\n\t\t\t\t\t\t\t\t\t\t\t\t\t\t\t\t\t\t\r\n\t\t\t\t\t\t\t\t\t<span>Tableau du climat<\/span>\r\n\t\t\t\t\t\t\t\t\t\r\n\t\t\t\t\t\t\t\t\t\t\t\t\t\t\t\t\t\t\r\n\t\t\t\t\t\t\t\t\t\t\t\t\t\t\t\t\t\t\t\t\r\n\t\t\t\t\t\t\t\t\t\r\n\t\t\t\t\t\t\t\t<\/a>\r\n\t\t\t\t\t\t\t<\/li>\r\n\t\t\t\t\t\t\t\r\n\t\t\t\t\t\t\t<li role=\"presentation\"  onclick=\"do_resize()\">\r\n\t\t\t\t\t\t\t\t<a href=\"#tabs_desc_8892_2\" aria-controls=\"tabs_desc_8892_2\" role=\"tab\" data-toggle=\"tab\">\r\n\t\t\t\t\t\t\t\t\t\r\n\t\t\t\t\t\t\t\t\t\t\t\t\t\t\t\t\t\t\t\t\t\t\t\t\t\t\t\t\t\t\t<i class=\"fa fa-cloud\"><\/i> \t\t\t\t\t\t\t\t\t\t\t\t\t\t\t\t\t\t\t\r\n\t\t\t\t\t\t\t\t\t\t\t\t\t\t\t\t\t\t\r\n\t\t\t\t\t\t\t\t\t<span>En savoir plus<\/span>\r\n\t\t\t\t\t\t\t\t\t\r\n\t\t\t\t\t\t\t\t\t\t\t\t\t\t\t\t\t\t\r\n\t\t\t\t\t\t\t\t\t\t\t\t\t\t\t\t\t\t\t\t\r\n\t\t\t\t\t\t\t\t\t\r\n\t\t\t\t\t\t\t\t<\/a>\r\n\t\t\t\t\t\t\t<\/li>\r\n\t\t\t\t\t\t\t\r\n\t\t\t\t\t\t\t<li role=\"presentation\"  onclick=\"do_resize()\">\r\n\t\t\t\t\t\t\t\t<a href=\"#tabs_desc_8892_3\" aria-controls=\"tabs_desc_8892_3\" role=\"tab\" data-toggle=\"tab\">\r\n\t\t\t\t\t\t\t\t\t\r\n\t\t\t\t\t\t\t\t\t\t\t\t\t\t\t\t\t\t\t\t\t\t\t\t\t\t\t\t\t\t\t<i class=\"fa fa-sun-o\"><\/i> \t\t\t\t\t\t\t\t\t\t\t\t\t\t\t\t\t\t\t\r\n\t\t\t\t\t\t\t\t\t\t\t\t\t\t\t\t\t\t\r\n\t\t\t\t\t\t\t\t\t<span>Indices UVB<\/span>\r\n\t\t\t\t\t\t\t\t\t\r\n\t\t\t\t\t\t\t\t\t\t\t\t\t\t\t\t\t\t\r\n\t\t\t\t\t\t\t\t\t\t\t\t\t\t\t\t\t\t\t\t\r\n\t\t\t\t\t\t\t\t\t\r\n\t\t\t\t\t\t\t\t<\/a>\r\n\t\t\t\t\t\t\t<\/li>\r\n\t\t\t\t\t\t\t\r\n\t\t\t\t\t\t\t<li role=\"presentation\"  onclick=\"do_resize()\">\r\n\t\t\t\t\t\t\t\t<a href=\"#tabs_desc_8892_4\" aria-controls=\"tabs_desc_8892_4\" role=\"tab\" data-toggle=\"tab\">\r\n\t\t\t\t\t\t\t\t\t\r\n\t\t\t\t\t\t\t\t\t\t\t\t\t\t\t\t\t\t\t\t\t\t\t\t\t\t\t\t\t\t\t<i class=\"fa fa-pagelines\"><\/i> \t\t\t\t\t\t\t\t\t\t\t\t\t\t\t\t\t\t\t\r\n\t\t\t\t\t\t\t\t\t\t\t\t\t\t\t\t\t\t\r\n\t\t\t\t\t\t\t\t\t<span>Temp\u00e9ratures du sol<\/span>\r\n\t\t\t\t\t\t\t\t\t\r\n\t\t\t\t\t\t\t\t\t\t\t\t\t\t\t\t\t\t\r\n\t\t\t\t\t\t\t\t\t\t\t\t\t\t\t\t\t\t\t\t\r\n\t\t\t\t\t\t\t\t\t\r\n\t\t\t\t\t\t\t\t<\/a>\r\n\t\t\t\t\t\t\t<\/li>\r\n\t\t\t\t\t\t\t\r\n\t\t\t\t\t\t\t<li role=\"presentation\"  onclick=\"do_resize()\">\r\n\t\t\t\t\t\t\t\t<a href=\"#tabs_desc_8892_5\" aria-controls=\"tabs_desc_8892_5\" role=\"tab\" data-toggle=\"tab\">\r\n\t\t\t\t\t\t\t\t\t\r\n\t\t\t\t\t\t\t\t\t\t\t\t\t\t\t\t\t\t\t\t\t\t\t\t\t\t\t\t\t\t\t<i class=\"fa fa-arrow-circle-o-down\"><\/i> \t\t\t\t\t\t\t\t\t\t\t\t\t\t\t\t\t\t\t\r\n\t\t\t\t\t\t\t\t\t\t\t\t\t\t\t\t\t\t\r\n\t\t\t\t\t\t\t\t\t<span>Pression atmosph\u00e9rique<\/span>\r\n\t\t\t\t\t\t\t\t\t\r\n\t\t\t\t\t\t\t\t\t\t\t\t\t\t\t\t\t\t\r\n\t\t\t\t\t\t\t\t\t\t\t\t\t\t\t\t\t\t\t\t\r\n\t\t\t\t\t\t\t\t\t\r\n\t\t\t\t\t\t\t\t<\/a>\r\n\t\t\t\t\t\t\t<\/li>\r\n\t\t\t\t\t\t\t\t\t\t\t <\/ul>\r\n\r\n\t\t\t\t\t  <!-- Tab panes -->\r\n\t\t\t\t\t  <div class=\"tab-content\" id=\"tab-content_8892\">\r\n\t\t\t\t\t\t\t\t\t\t\t\t <div role=\"tabpanel\" class=\"tab-pane  in active \" id=\"tabs_desc_8892_1\">\r\n\t\t\t\t\t\t\t\t<table style=\"height: 186px\" width=\"990\">\r\n<tbody>\r\n<tr>\r\n<td><\/td>\r\n<td>Jan<\/td>\r\n<td>Feb<\/td>\r\n<td>Mar<\/td>\r\n<td>Avr<\/td>\r\n<td>Mai<\/td>\r\n<td>Jun<\/td>\r\n<td>Jul<\/td>\r\n<td>Aug<\/td>\r\n<td>Sep<\/td>\r\n<td>Oct<\/td>\r\n<td>Nov<\/td>\r\n<td>Dec<\/td>\r\n<\/tr>\r\n<tr>\r\n<td>Temp\u00e9rature moyenne<\/td>\r\n<td>26<\/td>\r\n<td>26<\/td>\r\n<td>26<\/td>\r\n<td>25<\/td>\r\n<td>24<\/td>\r\n<td>22<\/td>\r\n<td>21<\/td>\r\n<td>21<\/td>\r\n<td>22<\/td>\r\n<td>23<\/td>\r\n<td>25<\/td>\r\n<td>26<\/td>\r\n<\/tr>\r\n<tr>\r\n<td>Temp\u00e9rature minimale<\/td>\r\n<td>22<\/td>\r\n<td>23<\/td>\r\n<td>21<\/td>\r\n<td>19<\/td>\r\n<td>17<\/td>\r\n<td>17<\/td>\r\n<td>17<\/td>\r\n<td>17<\/td>\r\n<td>18<\/td>\r\n<td>19<\/td>\r\n<td>21<\/td>\r\n<td>22<\/td>\r\n<\/tr>\r\n<tr>\r\n<td>Temp\u00e9rature maximale<\/td>\r\n<td>30<\/td>\r\n<td>30<\/td>\r\n<td>30<\/td>\r\n<td>29<\/td>\r\n<td>28<\/td>\r\n<td>26<\/td>\r\n<td>25<\/td>\r\n<td>27<\/td>\r\n<td>26<\/td>\r\n<td>27<\/td>\r\n<td>29<\/td>\r\n<td>30<\/td>\r\n<\/tr>\r\n<tr>\r\n<td>Jours de pluie<\/td>\r\n<td>20<\/td>\r\n<td>19<\/td>\r\n<td>20<\/td>\r\n<td>15<\/td>\r\n<td>14<\/td>\r\n<td>13<\/td>\r\n<td>16<\/td>\r\n<td>15<\/td>\r\n<td>13<\/td>\r\n<td>13<\/td>\r\n<td>15<\/td>\r\n<td>19<\/td>\r\n<\/tr>\r\n<\/tbody>\r\n<\/table>\r\n<p style=\"text-align: justify\">Nous avons mesur\u00e9 et compil\u00e9 les donn\u00e9es fournies en plusieurs ann\u00e9es avec des thermo- et hygrom\u00e8tres directement sur les lieux de d\u00e9couverte des animaux. \"Temp\u00e9rature moyenne\" signifie que les valeurs d'un mois entier ont \u00e9t\u00e9 calcul\u00e9es \u00e0 une valeur moyenne, par exemple toutes les valeurs minimales mesur\u00e9es de f\u00e9vrier ont \u00e9t\u00e9 calcul\u00e9es \u00e0 une valeur minimale moyenne pour f\u00e9vrier. Cela signifie en clair que les valeurs maximales individuelles d'une journ\u00e9e peuvent \u00eatre sensiblement sup\u00e9rieures ou inf\u00e9rieures aux valeurs minimales et maximales moyennes. Il est donc possible que bien que la moyenne maximale soit de 29 degr\u00e9s, il faisait 33\u00b0C ou m\u00eame 35\u00b0C certains jours du mois.<br><\/br>\r\nDeux exemples d'\u00e9volution journali\u00e8re des temp\u00e9ratures pendant <b>la saison des pluies<\/b> sont pr\u00e9sent\u00e9s ci-dessous. Tous deux ont \u00e9t\u00e9 enregistr\u00e9s en 2023 avec des enregistreurs de donn\u00e9es.<\/p>\r\n<img loading=\"lazy\" decoding=\"async\" class=\"aligncenter wp-image-4189 size-full\" src=\"https:\/\/www.madcham.de\/wp-content\/uploads\/2023\/03\/Temperatur-2023-AkaninnyNofy-2.jpg\" alt=\"2023 Temperaturen am See Ampitabe\" width=\"657\" height=\"437\" \/>\r\n<img loading=\"lazy\" decoding=\"async\" class=\"aligncenter wp-image-4189 size-full\" src=\"https:\/\/www.madcham.de\/wp-content\/uploads\/2023\/03\/Temperatur-2023-AkaninnyNofy-1.jpg\" alt=\"2023 Temperaturen am See Ampitabe\" width=\"657\" height=\"437\" \/>\t\t\t\t\t\t <\/div>\r\n\t\t\t\t\t\t\t\t\t\t\t\t <div role=\"tabpanel\" class=\"tab-pane \" id=\"tabs_desc_8892_2\">\r\n\t\t\t\t\t\t\t\t<p style=\"text-align: justify\">Le climat au lac Ampitabe et \u00e0 Manambato est chaud toute l'ann\u00e9e, et l'oc\u00e9an Indien tout proche apporte g\u00e9n\u00e9ralement une l\u00e9g\u00e8re brise. Cela en fait un lieu de d\u00e9tente appr\u00e9ci\u00e9 des voyageurs - il ne fait jamais froid ici. Pendant la journ\u00e9e, les temp\u00e9ratures peuvent facilement d\u00e9passer 30\u00b0C, pendant la saison s\u00e8che d'avril \u00e0 octobre, elles sont l\u00e9g\u00e8rement inf\u00e9rieures.\r\n<\/p>\r\n<p style=\"text-align: justify\">La nuit, les temp\u00e9ratures se rafra\u00eechissent un peu. Mais la temp\u00e9rature nocturne ne descend jamais bien en dessous de 20\u00b0C. Tout au long de l'ann\u00e9e, les pr\u00e9cipitations sont mod\u00e9r\u00e9es, de sorte que la for\u00eat tropicale reste continuellement verte. En 2023, nous avons utilis\u00e9 des enregistreurs de donn\u00e9es pour mesurer l'humidit\u00e9 relative de l'air pendant diff\u00e9rents jours autour du lac Ampitabe pendant <b>la saison des pluies<\/b>, les donn\u00e9es se trouvent ci-dessous.<\/p>\r\n<img loading=\"lazy\" decoding=\"async\" class=\"aligncenter wp-image-4189 size-full\" src=\"https:\/\/www.madcham.de\/wp-content\/uploads\/2023\/03\/Luftfeuchtigkeit-2023-AkaninnyNofy-1.jpg\" alt=\"2023 Luftfeuchtigkeit am See Ampitabe\" width=\"657\" height=\"437\" \/>\r\n<img loading=\"lazy\" decoding=\"async\" class=\"aligncenter wp-image-4189 size-full\" src=\"https:\/\/www.madcham.de\/wp-content\/uploads\/2023\/03\/Luftfeuchtigkeit-2023-AkaninnyNofy-2.jpg\" alt=\"2023 Luftfeuchtigkeit am See Ampitabe\" width=\"657\" height=\"437\" \/>\t\t\t\t\t\t <\/div>\r\n\t\t\t\t\t\t\t\t\t\t\t\t <div role=\"tabpanel\" class=\"tab-pane \" id=\"tabs_desc_8892_3\">\r\n\t\t\t\t\t\t\t\t<img loading=\"lazy\" decoding=\"async\" class=\"aligncenter wp-image-4189 size-full\" src=\"https:\/\/www.madcham.de\/wp-content\/uploads\/2015\/04\/uvi_akaninnynofy.jpg\" alt=\"2015 UVI Lac Ampitabe\" width=\"657\" height=\"437\" \/>\r\n\r\n<p style=\"text-align: justify\">Les donn\u00e9es UVB ont \u00e9t\u00e9 mesur\u00e9es avec un Solarmeter 6,5 au printemps (d\u00e9but avril), au moment o\u00f9 l'activit\u00e9 des cam\u00e9l\u00e9ons \u00e9tait la plus \u00e9lev\u00e9e. Les valeurs maximales \u00e0 atteindre par le cam\u00e9l\u00e9on dans l'habitat ont \u00e9t\u00e9 mesur\u00e9es.<\/p>\t\t\t\t\t\t <\/div>\r\n\t\t\t\t\t\t\t\t\t\t\t\t <div role=\"tabpanel\" class=\"tab-pane \" id=\"tabs_desc_8892_4\">\r\n\t\t\t\t\t\t\t\tMalheureusement, il n'y a pas encore de temp\u00e9ratures du sol disponibles pour la r\u00e9gion autour du lac Ampitabe et de Manambato.\t\t\t\t\t\t <\/div>\r\n\t\t\t\t\t\t\t\t\t\t\t\t <div role=\"tabpanel\" class=\"tab-pane \" id=\"tabs_desc_8892_5\">\r\n\t\t\t\t\t\t\t\t<p style=\"text-align: justify\">En 2023, en plus des autres donn\u00e9es climatiques, nous avons \u00e9galement mesur\u00e9 la pression atmosph\u00e9rique dans les endroits que nous avons visit\u00e9s \u00e0 Madagascar. Les donn\u00e9es suivantes proviennent de diff\u00e9rents jours de <b>la saison des pluies<\/b> autour du lac Ampitabe. Sur l'axe des abscisses se trouve l'heure du jour ou de la nuit. \u00c0 Madagascar, le jour commence vers 6 heures et la nuit tombe d\u00e9j\u00e0 \u00e0 18 heures. L'axe Y indique la pression atmosph\u00e9rique en hPa.<\/p>\r\n\r\n<img loading=\"lazy\" decoding=\"async\" class=\"aligncenter wp-image-4189 size-full\" src=\"https:\/\/www.madcham.de\/wp-content\/uploads\/2023\/03\/Luftdruck-2023-AkaninnyNofy-1.jpg\" alt=\"2023 Luftdruck am See Ampitabe\" width=\"657\" height=\"437\" \/>\r\n<img loading=\"lazy\" decoding=\"async\" class=\"aligncenter wp-image-4189 size-full\" src=\"https:\/\/www.madcham.de\/wp-content\/uploads\/2023\/03\/Luftdruck-2023-AkaninnyNofy-2.jpg\" alt=\"2023 Luftdruck am Lac Ampitabe\" width=\"657\" height=\"437\" \/>\t\t\t\t\t\t <\/div>\r\n\t\t\t\t\t\t\t\r\n\t\t\t\t\t <\/div>\r\n\t\t\t\t\t \r\n\t\t\t\t <\/div>\r\n <script>\r\n\t\tjQuery(function () {\r\n\t\t\tjQuery('#myTab_8892 a:first').tab('show')\r\n\t\t});\r\n\t\t\r\n\t\t\t\tjQuery(function(){\r\n\t\t\tvar b=\"fadeIn\";\r\n\t\t\tvar c;\r\n\t\t\tvar a;\r\n\t\t\td(jQuery(\"#myTab_8892 a\"),jQuery(\"#tab-content_8892\"));function d(e,f,g){\r\n\t\t\t\te.click(function(i){\r\n\t\t\t\t\ti.preventDefault();\r\n\t\t\t\t\tjQuery(this).tab(\"show\");\r\n\t\t\t\t\tvar h=jQuery(this).data(\"easein\");\r\n\t\t\t\t\tif(c){c.removeClass(a);}\r\n\t\t\t\t\tif(h){f.find(\"div.active\").addClass(\"animated \"+h);a=h;}\r\n\t\t\t\t\telse{if(g){f.find(\"div.active\").addClass(\"animated \"+g);a=g;}else{f.find(\"div.active\").addClass(\"animated \"+b);a=b;}}c=f.find(\"div.active\");\r\n\t\t\t\t});\r\n\t\t\t}\r\n\t\t});\r\n\t\t\r\n\r\n\t\tfunction do_resize(){\r\n\r\n\t\t\tvar width=jQuery( '.tab-content .tab-pane iframe' ).width();\r\n\t\t\tvar height=jQuery( '.tab-content .tab-pane iframe' ).height();\r\n\r\n\t\t\tvar toggleSize = true;\r\n\t\t\tjQuery('iframe').animate({\r\n\t\t\t    width: toggleSize ? width : 640,\r\n\t\t\t    height: toggleSize ? height : 360\r\n\t\t\t  }, 250);\r\n\r\n\t\t\t  toggleSize = !toggleSize;\r\n\t\t}\r\n\r\n\r\n\t<\/script>\r\n\t\t\t\t\r\n\t\t\t\n<h4>Habitat :<\/h4>\n<p style=\"text-align: justify;\">Les photos suivantes montrent des extraits de l&rsquo;habitat de <em>Calumma vohibola<\/em> dans les r\u00e9serves d&rsquo;Akanin&rsquo;ny Nofy et de Vohibola. Certaines proviennent directement des sites de l&rsquo;esp\u00e8ce. La for\u00eat pluviale de plaine est tr\u00e8s humide et se compose principalement d&rsquo;arbres relativement jeunes et \u00e9troits. Il y a beaucoup d&rsquo;\u00e9piphytes. Le sol est un m\u00e9lange de terre et de sable fin. <em>Calumma vohibola<\/em> pr\u00e9f\u00e8re surtout les buissons tr\u00e8s denses et finement structur\u00e9s, qui sont peu visibles et offrent une infinit\u00e9 de possibilit\u00e9s de se cacher.<\/p>\n<div id='gallery-3' class='gallery galleryid-8892 gallery-columns-2 gallery-size-habitat_thumb'><figure class='gallery-item'>\n\t\t\t<div class='gallery-icon landscape'>\n\t\t\t\t<a href='https:\/\/www.madcham.de\/wp-content\/uploads\/2014\/09\/Furcifer-pardalis-Habitat-Ampitabe-e1525189450914.jpg'><img loading=\"lazy\" decoding=\"async\" width=\"650\" height=\"250\" src=\"https:\/\/www.madcham.de\/wp-content\/uploads\/2014\/09\/Furcifer-pardalis-Habitat-Ampitabe-e1525189450914-650x250.jpg\" class=\"attachment-habitat_thumb size-habitat_thumb\" alt=\"\" \/><\/a>\n\t\t\t<\/div><\/figure><figure class='gallery-item'>\n\t\t\t<div class='gallery-icon landscape'>\n\t\t\t\t<a href='https:\/\/www.madcham.de\/wp-content\/uploads\/2021\/02\/Habitat-Lac-Ampitabe-4.jpg'><img loading=\"lazy\" decoding=\"async\" width=\"650\" height=\"250\" src=\"https:\/\/www.madcham.de\/wp-content\/uploads\/2021\/02\/Habitat-Lac-Ampitabe-4-650x250.jpg\" class=\"attachment-habitat_thumb size-habitat_thumb\" alt=\"\" aria-describedby=\"gallery-3-10736\" \/><\/a>\n\t\t\t<\/div>\n\t\t\t\t<figcaption class='wp-caption-text gallery-caption' id='gallery-3-10736'>\n\t\t\t\tLebensraum im Tieflandregenwald von Akanin&rsquo;ny Nofy\n\t\t\t\t<\/figcaption><\/figure><figure class='gallery-item'>\n\t\t\t<div class='gallery-icon landscape'>\n\t\t\t\t<a href='https:\/\/www.madcham.de\/wp-content\/uploads\/2021\/02\/Habitat-Lac-Ampitabe-2.jpg'><img loading=\"lazy\" decoding=\"async\" width=\"650\" height=\"250\" src=\"https:\/\/www.madcham.de\/wp-content\/uploads\/2021\/02\/Habitat-Lac-Ampitabe-2-650x250.jpg\" class=\"attachment-habitat_thumb size-habitat_thumb\" alt=\"\" aria-describedby=\"gallery-3-10734\" \/><\/a>\n\t\t\t<\/div>\n\t\t\t\t<figcaption class='wp-caption-text gallery-caption' id='gallery-3-10734'>\n\t\t\t\tBlick \u00fcber das Reservat Akanin&rsquo;ny Nofy\n\t\t\t\t<\/figcaption><\/figure><figure class='gallery-item'>\n\t\t\t<div class='gallery-icon landscape'>\n\t\t\t\t<a href='https:\/\/www.madcham.de\/wp-content\/uploads\/2021\/02\/Habitat-Lac-Ampitabe-1.jpg'><img loading=\"lazy\" decoding=\"async\" width=\"650\" height=\"250\" src=\"https:\/\/www.madcham.de\/wp-content\/uploads\/2021\/02\/Habitat-Lac-Ampitabe-1-650x250.jpg\" class=\"attachment-habitat_thumb size-habitat_thumb\" alt=\"\" aria-describedby=\"gallery-3-10733\" \/><\/a>\n\t\t\t<\/div>\n\t\t\t\t<figcaption class='wp-caption-text gallery-caption' id='gallery-3-10733'>\n\t\t\t\tRand des Tieflandregenwaldes\n\t\t\t\t<\/figcaption><\/figure><figure class='gallery-item'>\n\t\t\t<div class='gallery-icon landscape'>\n\t\t\t\t<a href='https:\/\/www.madcham.de\/wp-content\/uploads\/2024\/09\/Lebensraum-Akaninny-Nofy-Tieflandregenwald-2015-3-scaled.jpg'><img loading=\"lazy\" decoding=\"async\" width=\"650\" height=\"250\" src=\"https:\/\/www.madcham.de\/wp-content\/uploads\/2024\/09\/Lebensraum-Akaninny-Nofy-Tieflandregenwald-2015-3-650x250.jpg\" class=\"attachment-habitat_thumb size-habitat_thumb\" alt=\"\" aria-describedby=\"gallery-3-13794\" \/><\/a>\n\t\t\t<\/div>\n\t\t\t\t<figcaption class='wp-caption-text gallery-caption' id='gallery-3-13794'>\n\t\t\t\tRegenwald in Akanin&rsquo;ny Nofy in Richtung See Ampitabe\n\t\t\t\t<\/figcaption><\/figure><figure class='gallery-item'>\n\t\t\t<div class='gallery-icon landscape'>\n\t\t\t\t<a href='https:\/\/www.madcham.de\/wp-content\/uploads\/2024\/09\/Lebensraum-Akaninny-Nofy-Tieflandregenwald-2015-2.jpg'><img loading=\"lazy\" decoding=\"async\" width=\"650\" height=\"250\" src=\"https:\/\/www.madcham.de\/wp-content\/uploads\/2024\/09\/Lebensraum-Akaninny-Nofy-Tieflandregenwald-2015-2-650x250.jpg\" class=\"attachment-habitat_thumb size-habitat_thumb\" alt=\"\" aria-describedby=\"gallery-3-13793\" \/><\/a>\n\t\t\t<\/div>\n\t\t\t\t<figcaption class='wp-caption-text gallery-caption' id='gallery-3-13793'>\n\t\t\t\tKrokodilsee im Reservat\n\t\t\t\t<\/figcaption><\/figure>\n\t\t<\/div>\n\n<p style=\"text-align: justify;\">Ci-dessous, tu trouveras quelques images \u00e0 360\u00b0 d&rsquo;Akanin&rsquo;ny Nofy, que nous avons prises pendant la saison des pluies. Si l&rsquo;on clique sur une photo, celle-ci s&rsquo;ouvre en vue agrandie dans une fen\u00eatre s\u00e9par\u00e9e. Avec la souris, on peut se tourner dans toutes les directions. Il est \u00e9galement possible d&rsquo;afficher les images en mode plein \u00e9cran. Bon visionnage !<\/p>\n<div style=\"float: left;\">\n<p>&nbsp;<\/p>\n<p><a href=\"https:\/\/app2.ricoh360.com\/viewer\/e0a4020c-dfe5-4d1a-ad27-bd3e8177c88c\" target=\"_blank\" rel=\"noopener\"><img loading=\"lazy\" decoding=\"async\" class=\"aligncenter wp-image-14653 size-large\" src=\"https:\/\/www.madcham.de\/wp-content\/uploads\/2023\/04\/Akanin-ny-Nofy-Maerz-2018-1-1024x576.jpg\" alt=\"\" width=\"1024\" height=\"576\" srcset=\"https:\/\/www.madcham.de\/wp-content\/uploads\/2023\/04\/Akanin-ny-Nofy-Maerz-2018-1-1024x576.jpg 1024w, https:\/\/www.madcham.de\/wp-content\/uploads\/2023\/04\/Akanin-ny-Nofy-Maerz-2018-1-300x169.jpg 300w, https:\/\/www.madcham.de\/wp-content\/uploads\/2023\/04\/Akanin-ny-Nofy-Maerz-2018-1-768x432.jpg 768w, https:\/\/www.madcham.de\/wp-content\/uploads\/2023\/04\/Akanin-ny-Nofy-Maerz-2018-1-1536x864.jpg 1536w, https:\/\/www.madcham.de\/wp-content\/uploads\/2023\/04\/Akanin-ny-Nofy-Maerz-2018-1-2048x1152.jpg 2048w, https:\/\/www.madcham.de\/wp-content\/uploads\/2023\/04\/Akanin-ny-Nofy-Maerz-2018-1-1200x675.jpg 1200w, https:\/\/www.madcham.de\/wp-content\/uploads\/2023\/04\/Akanin-ny-Nofy-Maerz-2018-1-420x236.jpg 420w, https:\/\/www.madcham.de\/wp-content\/uploads\/2023\/04\/Akanin-ny-Nofy-Maerz-2018-1-81x46.jpg 81w, https:\/\/www.madcham.de\/wp-content\/uploads\/2023\/04\/Akanin-ny-Nofy-Maerz-2018-1-200x112.jpg 200w\" sizes=\"(max-width: 1024px) 100vw, 1024px\" \/><\/a><a href=\"https:\/\/app2.ricoh360.com\/viewer\/bc332f9d-5c67-4357-beb6-abaed7c7c74b\" target=\"_blank\" rel=\"noopener\"><img loading=\"lazy\" decoding=\"async\" class=\"aligncenter wp-image-14655 size-large\" src=\"https:\/\/www.madcham.de\/wp-content\/uploads\/2023\/04\/Akanin-ny-Nofy-Maerz-2018-3-1024x576.jpg\" alt=\"\" width=\"1024\" height=\"576\" srcset=\"https:\/\/www.madcham.de\/wp-content\/uploads\/2023\/04\/Akanin-ny-Nofy-Maerz-2018-3-1024x576.jpg 1024w, https:\/\/www.madcham.de\/wp-content\/uploads\/2023\/04\/Akanin-ny-Nofy-Maerz-2018-3-300x169.jpg 300w, https:\/\/www.madcham.de\/wp-content\/uploads\/2023\/04\/Akanin-ny-Nofy-Maerz-2018-3-768x432.jpg 768w, https:\/\/www.madcham.de\/wp-content\/uploads\/2023\/04\/Akanin-ny-Nofy-Maerz-2018-3-1536x864.jpg 1536w, https:\/\/www.madcham.de\/wp-content\/uploads\/2023\/04\/Akanin-ny-Nofy-Maerz-2018-3-2048x1152.jpg 2048w, https:\/\/www.madcham.de\/wp-content\/uploads\/2023\/04\/Akanin-ny-Nofy-Maerz-2018-3-1200x675.jpg 1200w, https:\/\/www.madcham.de\/wp-content\/uploads\/2023\/04\/Akanin-ny-Nofy-Maerz-2018-3-420x236.jpg 420w, https:\/\/www.madcham.de\/wp-content\/uploads\/2023\/04\/Akanin-ny-Nofy-Maerz-2018-3-81x46.jpg 81w, https:\/\/www.madcham.de\/wp-content\/uploads\/2023\/04\/Akanin-ny-Nofy-Maerz-2018-3-200x112.jpg 200w\" sizes=\"(max-width: 1024px) 100vw, 1024px\" \/><\/a><a href=\"https:\/\/app2.ricoh360.com\/viewer\/ddaf9b41-9b8a-4955-b3f3-d64908752841\" target=\"_blank\" rel=\"noopener\"><img loading=\"lazy\" decoding=\"async\" class=\"aligncenter wp-image-14656 size-large\" src=\"https:\/\/www.madcham.de\/wp-content\/uploads\/2023\/04\/Akanin-ny-Nofy-Maerz-2018-4-1024x576.jpg\" alt=\"\" width=\"1024\" height=\"576\" srcset=\"https:\/\/www.madcham.de\/wp-content\/uploads\/2023\/04\/Akanin-ny-Nofy-Maerz-2018-4-1024x576.jpg 1024w, https:\/\/www.madcham.de\/wp-content\/uploads\/2023\/04\/Akanin-ny-Nofy-Maerz-2018-4-300x169.jpg 300w, https:\/\/www.madcham.de\/wp-content\/uploads\/2023\/04\/Akanin-ny-Nofy-Maerz-2018-4-768x432.jpg 768w, https:\/\/www.madcham.de\/wp-content\/uploads\/2023\/04\/Akanin-ny-Nofy-Maerz-2018-4-1536x864.jpg 1536w, https:\/\/www.madcham.de\/wp-content\/uploads\/2023\/04\/Akanin-ny-Nofy-Maerz-2018-4-2048x1152.jpg 2048w, https:\/\/www.madcham.de\/wp-content\/uploads\/2023\/04\/Akanin-ny-Nofy-Maerz-2018-4-1200x675.jpg 1200w, https:\/\/www.madcham.de\/wp-content\/uploads\/2023\/04\/Akanin-ny-Nofy-Maerz-2018-4-420x236.jpg 420w, https:\/\/www.madcham.de\/wp-content\/uploads\/2023\/04\/Akanin-ny-Nofy-Maerz-2018-4-81x46.jpg 81w, https:\/\/www.madcham.de\/wp-content\/uploads\/2023\/04\/Akanin-ny-Nofy-Maerz-2018-4-200x112.jpg 200w\" sizes=\"(max-width: 1024px) 100vw, 1024px\" \/><\/a><a href=\"https:\/\/app2.ricoh360.com\/viewer\/496af8cf-caf8-42d4-841e-b0677513a9d2\" target=\"_blank\" rel=\"noopener\"><img loading=\"lazy\" decoding=\"async\" class=\"aligncenter wp-image-14662 size-large\" src=\"https:\/\/www.madcham.de\/wp-content\/uploads\/2023\/04\/Akanin-ny-Nofy-Maerz-2018-9-1024x576.jpg\" alt=\"\" width=\"1024\" height=\"576\" srcset=\"https:\/\/www.madcham.de\/wp-content\/uploads\/2023\/04\/Akanin-ny-Nofy-Maerz-2018-9-1024x576.jpg 1024w, https:\/\/www.madcham.de\/wp-content\/uploads\/2023\/04\/Akanin-ny-Nofy-Maerz-2018-9-300x169.jpg 300w, https:\/\/www.madcham.de\/wp-content\/uploads\/2023\/04\/Akanin-ny-Nofy-Maerz-2018-9-768x432.jpg 768w, https:\/\/www.madcham.de\/wp-content\/uploads\/2023\/04\/Akanin-ny-Nofy-Maerz-2018-9-1536x864.jpg 1536w, https:\/\/www.madcham.de\/wp-content\/uploads\/2023\/04\/Akanin-ny-Nofy-Maerz-2018-9-2048x1152.jpg 2048w, https:\/\/www.madcham.de\/wp-content\/uploads\/2023\/04\/Akanin-ny-Nofy-Maerz-2018-9-1200x675.jpg 1200w, https:\/\/www.madcham.de\/wp-content\/uploads\/2023\/04\/Akanin-ny-Nofy-Maerz-2018-9-420x236.jpg 420w, https:\/\/www.madcham.de\/wp-content\/uploads\/2023\/04\/Akanin-ny-Nofy-Maerz-2018-9-81x46.jpg 81w, https:\/\/www.madcham.de\/wp-content\/uploads\/2023\/04\/Akanin-ny-Nofy-Maerz-2018-9-200x112.jpg 200w\" sizes=\"(max-width: 1024px) 100vw, 1024px\" \/><\/a><a href=\"https:\/\/app2.ricoh360.com\/viewer\/1ad21de6-8983-49fb-b92e-11589a24bdf0\" target=\"_blank\" rel=\"noopener\"><img loading=\"lazy\" decoding=\"async\" class=\"aligncenter wp-image-14665 size-large\" src=\"https:\/\/www.madcham.de\/wp-content\/uploads\/2023\/04\/Akanin-ny-Nofy-Maerz-2018-12-1024x576.jpg\" alt=\"\" width=\"1024\" height=\"576\" srcset=\"https:\/\/www.madcham.de\/wp-content\/uploads\/2023\/04\/Akanin-ny-Nofy-Maerz-2018-12-1024x576.jpg 1024w, https:\/\/www.madcham.de\/wp-content\/uploads\/2023\/04\/Akanin-ny-Nofy-Maerz-2018-12-300x169.jpg 300w, https:\/\/www.madcham.de\/wp-content\/uploads\/2023\/04\/Akanin-ny-Nofy-Maerz-2018-12-768x432.jpg 768w, https:\/\/www.madcham.de\/wp-content\/uploads\/2023\/04\/Akanin-ny-Nofy-Maerz-2018-12-1536x864.jpg 1536w, https:\/\/www.madcham.de\/wp-content\/uploads\/2023\/04\/Akanin-ny-Nofy-Maerz-2018-12-2048x1152.jpg 2048w, https:\/\/www.madcham.de\/wp-content\/uploads\/2023\/04\/Akanin-ny-Nofy-Maerz-2018-12-1200x675.jpg 1200w, https:\/\/www.madcham.de\/wp-content\/uploads\/2023\/04\/Akanin-ny-Nofy-Maerz-2018-12-420x236.jpg 420w, https:\/\/www.madcham.de\/wp-content\/uploads\/2023\/04\/Akanin-ny-Nofy-Maerz-2018-12-81x46.jpg 81w, https:\/\/www.madcham.de\/wp-content\/uploads\/2023\/04\/Akanin-ny-Nofy-Maerz-2018-12-200x112.jpg 200w\" sizes=\"(max-width: 1024px) 100vw, 1024px\" \/><\/a><\/p>\n<\/div>","protected":false},"excerpt":{"rendered":"<p>Premi\u00e8re description : Gehring, Ratsoavina, Vences et Glaw, 2011 Origine du nom de l&rsquo;esp\u00e8ce : Philip-Sebastian Gehring et Miguel Vences de l&rsquo;Universit\u00e9 technique de Braunschweig (Allemagne), Fanomezana M. Ratsoavina de l&rsquo;Universit\u00e9 d&rsquo;Antananarivo (Madagascar) et Frank Glaw de la Collection nationale de zoologie de Munich (Allemagne) ont tout simplement nomm\u00e9 l&rsquo;esp\u00e8ce d&rsquo;apr\u00e8s son origine, la for\u00eat de Vohibola. Distribution : Calumma vohibola vit dans la r\u00e9serve du m\u00eame nom, sur la c\u00f4te est de Madagascar, \u00e0 environ 50 km au sud de la ville c\u00f4ti\u00e8re de Toamasina (Tamatave). La r\u00e9serve est tr\u00e8s petite, avec seulement 23,44 km\u00b2. Sur cette superficie, seuls 8 km\u00b2 sont constitu\u00e9s de for\u00eat littorale, c&rsquo;est-\u00e0-dire d&rsquo;un type de for\u00eat particuli\u00e8rement rare que l&rsquo;on trouve entre les plages de sable de l&rsquo;oc\u00e9an Indien, juste au-dessus du niveau de la mer. La for\u00eat s&rsquo;\u00e9tend sur une bande de terre entre l&rsquo;oc\u00e9an Indien et le lac Ampitabe ainsi que le Canal des Pangalanes. En raison de sa situation basse et donc accessible, cette zone foresti\u00e8re est malheureusement tr\u00e8s menac\u00e9e par la d\u00e9forestation. Calumma vohibola n&rsquo;est pas seulement pr\u00e9sent dans la r\u00e9serve de Vohibola, mais aussi dans les r\u00e9gions voisines, entre autres dans la r\u00e9serve tout aussi petite d&rsquo;Akanin&rsquo;ny Nofy. Des&#8230;<\/p>\n","protected":false},"author":4,"featured_media":13564,"comment_status":"closed","ping_status":"closed","sticky":false,"template":"","format":"gallery","meta":{"_monsterinsights_skip_tracking":false,"_monsterinsights_sitenote_active":false,"_monsterinsights_sitenote_note":"","_monsterinsights_sitenote_category":0,"footnotes":""},"categories":[26],"tags":[1455,2105,2107,53,160,2106,61,1451,266,275,255,2103,2102,1257,783,2396,1452,584,723,2104],"_links":{"self":[{"href":"https:\/\/www.madcham.de\/fr\/wp-json\/wp\/v2\/posts\/10067"}],"collection":[{"href":"https:\/\/www.madcham.de\/fr\/wp-json\/wp\/v2\/posts"}],"about":[{"href":"https:\/\/www.madcham.de\/fr\/wp-json\/wp\/v2\/types\/post"}],"author":[{"embeddable":true,"href":"https:\/\/www.madcham.de\/fr\/wp-json\/wp\/v2\/users\/4"}],"replies":[{"embeddable":true,"href":"https:\/\/www.madcham.de\/fr\/wp-json\/wp\/v2\/comments?post=10067"}],"version-history":[{"count":29,"href":"https:\/\/www.madcham.de\/fr\/wp-json\/wp\/v2\/posts\/10067\/revisions"}],"predecessor-version":[{"id":14674,"href":"https:\/\/www.madcham.de\/fr\/wp-json\/wp\/v2\/posts\/10067\/revisions\/14674"}],"wp:featuredmedia":[{"embeddable":true,"href":"https:\/\/www.madcham.de\/fr\/wp-json\/wp\/v2\/media\/13564"}],"wp:attachment":[{"href":"https:\/\/www.madcham.de\/fr\/wp-json\/wp\/v2\/media?parent=10067"}],"wp:term":[{"taxonomy":"category","embeddable":true,"href":"https:\/\/www.madcham.de\/fr\/wp-json\/wp\/v2\/categories?post=10067"},{"taxonomy":"post_tag","embeddable":true,"href":"https:\/\/www.madcham.de\/fr\/wp-json\/wp\/v2\/tags?post=10067"}],"curies":[{"name":"wp","href":"https:\/\/api.w.org\/{rel}","templated":true}]}}