{"id":10236,"date":"2021-02-11T20:08:59","date_gmt":"2021-02-11T19:08:59","guid":{"rendered":"https:\/\/www.madcham.de\/brookesia-griveaudi-copy\/"},"modified":"2023-03-17T16:14:18","modified_gmt":"2023-03-17T15:14:18","slug":"calumma-hilleniusi","status":"publish","type":"post","link":"https:\/\/www.madcham.de\/fr\/calumma-hilleniusi\/","title":{"rendered":"Calumma hilleniusi"},"content":{"rendered":"<div class=\"simple-alert-boxes sab_danger sab_normal \">\r\n\t\t<strong>Quotas CITES<\/strong><br \/>\npas d&rsquo;exportation l\u00e9gale possible\t<\/div>\r\n\t\n<h4><\/h4>\n<h4>Description initiale :<a href=\"https:\/\/www.iucnredlist.org\/species\/172925\/6942671\" target=\"_blank\" rel=\"noopener\"><img loading=\"lazy\" decoding=\"async\" class=\"alignright wp-image-13128\" src=\"https:\/\/www.madcham.de\/wp-content\/uploads\/2023\/03\/IUCN-Status-endangered.jpg\" alt=\"IUCN Red List: endangered\" width=\"80\" height=\"79\" srcset=\"https:\/\/www.madcham.de\/wp-content\/uploads\/2023\/03\/IUCN-Status-endangered.jpg 150w, https:\/\/www.madcham.de\/wp-content\/uploads\/2023\/03\/IUCN-Status-endangered-81x80.jpg 81w\" sizes=\"(max-width: 80px) 100vw, 80px\" \/><\/a><\/h4>\n<p>(Brygoo, Blanc &amp; Domergue, 1973)<\/p>\n<h4>Origine du nom de l&rsquo;esp\u00e8ce :<\/h4>\n<p style=\"text-align: justify;\">L&rsquo;herp\u00e9tologue n\u00e9erlandais Dick Hillenius a \u00e9crit sa th\u00e8se de doctorat sur le genre <em>Chamaeleo<\/em> au Mus\u00e9e zoologique d&rsquo;Amsterdam (Pays-Bas) en 1959. \u00c0 cette \u00e9poque, <a href=\"https:\/\/www.madcham.de\/de\/calumma-brevicorne\/\"><em>Calumma brevicorne<\/em><\/a>\u00a0s&rsquo;appelait encore <em>Chamaeleo brevicornis<\/em>. De nombreuses esp\u00e8ces de cam\u00e9l\u00e9ons d&rsquo;apparence similaire, dont <em>Calumma hilleniusi<\/em>, n&rsquo;\u00e9taient pas encore connues et d\u00e9crites comme telles. Hillenius avait d\u00e9j\u00e0 reconnu dans sa th\u00e8se de doctorat que la population de cam\u00e9l\u00e9ons d&rsquo;Ankaratra \u00e9tait clairement diff\u00e9rente de la population \u00ab\u00a0normale\u00a0\u00bb de <em>brevicorne<\/em>. En 1973, <em>Calumma hilleniusi<\/em> a \u00e9t\u00e9 d\u00e9crite comme une esp\u00e8ce distincte. Les trois auteurs de la nouvelle description \u00e9taient \u00c9douard-Raoul Brygoo et Charles Antoine Domergue de l&rsquo;ancien Institut Pasteur d&rsquo;Antananarivo et Charles Pierre Blanc du laboratoire zoog\u00e9ographique de l&rsquo;Universit\u00e9 Paul Val\u00e9ry \u00e0 Montpellier (France). Ils ont d\u00e9di\u00e9 l&rsquo;esp\u00e8ce \u00e0 Dick Hillenius pour sa clairvoyance 14 ans plus t\u00f4t.<\/p>\n<div style=\"float: right; margin: 20px;\">\t\t<div id=\"maps-marker-pro-6064faee\" class=\"maps-marker-pro\" style=\"width: 300px;\">\n\t\t\t<div id=\"mmp-map-wrap-6064faee\" class=\"mmp-map-wrap\">\n\t\t\t\t\t\t\t\t\t<div id=\"mmp-panel-6064faee\" class=\"mmp-panel\"><\/div>\n\t\t\t\t\t\t\t\t<div id=\"mmp-map-6064faee\" class=\"mmp-map\" style=\"height: 300px;\"><\/div>\n\t\t\t\t\t\t\t<\/div>\n\t\t\t\t\t<\/div>\n\t\t<\/div>\n<h4>Distribution :<\/h4>\n<p style=\"text-align: justify;\"><em>Calumma hilleniusi<\/em> se trouve sur les pentes du massif de l&rsquo;Ankaratra, dans les hautes terres centrales de Madagascar. Le massif de l&rsquo;Ankaratra est d&rsquo;origine volcanique et se trouve dans un triangle imaginaire entre Antananarivo, Ampefy et Antsirabe. Les anciens crat\u00e8res volcaniques sont maintenant des lacs et entour\u00e9s de petites for\u00eats. Les zones les plus \u00e9lev\u00e9es du massif d&rsquo;Ankaratra font partie de la zone de conservation de Manjakatompo Ankaratra, cr\u00e9\u00e9e en 1922 et d\u00e9sign\u00e9e comme r\u00e9serve en 2015. Les cam\u00e9l\u00e9ons se trouvent en fait assez haut, \u00e0 des altitudes comprises entre 1950 et 2200 m au-dessus du niveau de la mer. Nous les avons en fait trouv\u00e9s plus bas il y a de nombreuses ann\u00e9es, juste \u00e0 l&rsquo;ouest d&rsquo;Ambatolampy, \u00e0 environ 1600 m. Depuis lors, nous n&rsquo;avons pas encore pu red\u00e9couvrir <em>Calumma hilleniusi<\/em>. Selon quelques observations sur <a href=\"https:\/\/www.inaturalist.org\/\" target=\"_blank\" rel=\"noopener\">iNaturalist<\/a>, cette population vivante l\u00e9g\u00e8rement inf\u00e9rieure existe encore aujourd&rsquo;hui.<\/p>\n<h4>Apparence et taille :<\/h4>\n<p style=\"text-align: justify;\"><em>Calumma hilleniusi<\/em> appartient aux petits cam\u00e9l\u00e9ons \u00e0 l&rsquo;\u00e9chelle plut\u00f4t h\u00e9t\u00e9rog\u00e8ne. Les m\u00e2les peuvent atteindre 15 cm de long, y compris la queue, tandis que les femelles ne sont que l\u00e9g\u00e8rement plus petites. Les deux sexes portent des lobes occipitaux de taille moyenne, qui sont compl\u00e8tement s\u00e9par\u00e9s l&rsquo;un de l&rsquo;autre. Les \u00e9cailles des lobes occipitaux sont nettement plus grandes que celles du reste du corps. La cr\u00eate dorsale n&rsquo;est constitu\u00e9e que d&rsquo;une seule \u00e9caille conique haute et largement s\u00e9par\u00e9e. Ils atteignent le bout de la queue. Il n&rsquo;y a pas de cr\u00eate ventrale \u00e0 <em>Calumma hilleniusi<\/em>.<\/p>\n<p style=\"text-align: justify;\">Le m\u00e2le <em>Calumma hilleniusi<\/em> porte un tr\u00e8s petit processus nasal qui s&rsquo;\u00e9tend \u00e0 peine au-del\u00e0 du museau. Ils ont \u00e9galement une cr\u00eate de gorge \u00e9troite compos\u00e9e de seulement six \u00e9cailles de c\u00f4ne. Les m\u00e2les sont principalement de couleur vert clair sur le corps et portent une bande lat\u00e9rale blanc gris\u00e2tre indistincte. Certains portent des accents bleu clair sur la zone de la t\u00eate. La femelle <em>Calumma hilleniusi<\/em> est de couleur marron \u00e0 beige, et les lobes occipitaux et la cr\u00eate rostrale sont souvent rouge\u00e2tres. Les femelles portent parfois une cr\u00eate laryng\u00e9e, parfois non.<\/p>\n<p>&nbsp;<\/p>\n\t\t\t\t\t\t<style>\r\n\t\t\t\t\r\n\t\t\t\t\t#tab_container_10253 {\r\n\toverflow:hidden;\r\n\tdisplay:block;\r\n\twidth:100%;\r\n\tborder:0px solid #ddd;\r\n\tmargin-bottom:30px;\r\n\t}\r\n\r\n#tab_container_10253 .tab-content{\r\n\tpadding:20px;\r\n\tborder: 1px solid #e6e6e6 !important;\r\n\tmargin-top: 0px;\r\n\tbackground-color:#ffffff !important;\r\n\tcolor: #3e3e3e !important;\r\n\tfont-size:13px !important;\r\n\tfont-family: Open Sans !important;\r\n\t\r\n\t\tborder: 1px solid #e6e6e6 !important;\r\n\t}\r\n#tab_container_10253 .wpsm_nav-tabs {\r\n    border-bottom: 0px solid #ddd;\r\n}\r\n#tab_container_10253 .wpsm_nav-tabs > li.active > a, #tab_container_10253 .wpsm_nav-tabs > li.active > a:hover, #tab_container_10253 .wpsm_nav-tabs > li.active > a:focus {\r\n\tcolor: #3e3e3e !important;\r\n\tcursor: default;\r\n\tbackground-color: #ffffff !important;\r\n\tborder: 1px solid #e6e6e6 !important;\r\n}\r\n\r\n#tab_container_10253 .wpsm_nav-tabs > li > a {\r\n    margin-right: 0px !important; \r\n    line-height: 1.42857143 !important;\r\n    border: 1px solid #d5d5d5 !important;\r\n    border-radius: 0px 0px 0 0 !important; \r\n\tbackground-color: #e8e8e8 !important;\r\n\tcolor: #3e3e3e !important;\r\n\tpadding: 15px 18px 15px 18px !important;\r\n\ttext-decoration: none !important;\r\n\tfont-size: 13px !important;\r\n\ttext-align:center !important;\r\n\tfont-family: Open Sans !important;\r\n}\r\n#tab_container_10253 .wpsm_nav-tabs > li > a:focus {\r\noutline: 0px !important;\r\n}\r\n\r\n#tab_container_10253 .wpsm_nav-tabs > li > a:before {\r\n\tdisplay:none !important;\r\n}\r\n#tab_container_10253 .wpsm_nav-tabs > li > a:after {\r\n\tdisplay:none !important ;\r\n}\r\n#tab_container_10253 .wpsm_nav-tabs > li{\r\npadding:0px !important ;\r\nmargin:0px;\r\n}\r\n\r\n#tab_container_10253 .wpsm_nav-tabs > li > a:hover , #tab_container_10253 .wpsm_nav-tabs > li > a:focus {\r\n    color: #3e3e3e !important;\r\n    background-color: #e8e8e8 !important;\r\n\tborder: 1px solid #d5d5d5 !important;\r\n\t\r\n}\r\n#tab_container_10253 .wpsm_nav-tabs > li > a .fa{\r\n\r\nmargin-right:5px !important;\r\n\r\nmargin-left:5px !important;\r\n\r\n\r\n}\r\n\r\n\t\t#tab_container_10253 .wpsm_nav-tabs a{\r\n\t\t\tbackground-image: none;\r\n\t\t\tbackground-position: 0 0;\r\n\t\t\tbackground-repeat: repeat-x;\r\n\t\t}\r\n\t\t\t\r\n\r\n\r\n#tab_container_10253 .wpsm_nav-tabs > li {\r\n    float: left;\r\n    margin-bottom: -1px !important;\r\n\tmargin-right:0px !important; \r\n}\r\n\r\n\r\n#tab_container_10253 .tab-content{\r\noverflow:hidden !important;\r\n}\r\n\r\n\r\n@media (min-width: 769px) {\r\n\r\n\t#tab_container_10253 .wpsm_nav-tabs > li{\r\n\t\tfloat:left !important ;\r\n\t\t\t\tmargin-right:-1px !important;\r\n\t\t\t\t\t}\r\n\t#tab_container_10253 .wpsm_nav-tabs{\r\n\t\tfloat:none !important;\r\n\t\tmargin:0px !important;\r\n\t}\r\n\r\n\t#tab_container_10253 .wpsm_nav-tabs > li {\r\n\t\t\t\t\r\n\t}\r\n\t#tab_container_10253 .wpsm_nav{\r\n\t\t\t}\r\n\r\n}\r\n\r\n\r\n\r\n@media (max-width: 768px) {\r\n\t#tab_container_10253 .wpsm_nav-tabs > li {\r\n\t\t\t\t\r\n\t}\r\n\t#tab_container_10253 .wpsm_nav{\r\n\t\t\t}\r\n}\r\n\r\n\r\n\t.wpsm_nav-tabs li:before{\r\n\t\tdisplay:none !important;\r\n\t}\r\n\r\n\t@media (max-width: 768px) {\r\n\t\t\t\t\r\n\t\t\t\t.wpsm_nav-tabs{\r\n\t\t\tmargin-left:0px !important;\r\n\t\t\tmargin-right:0px !important; \r\n\t\t\t\r\n\t\t}\r\n\t\t\t\t#tab_container_10253 .wpsm_nav-tabs > li{\r\n\t\t\tfloat:none !important;\r\n\t\t}\r\n\t\t\t\r\n\t}\t\t\t\t<\/style>\r\n\t\t\t\t<div id=\"tab_container_10253\" >\r\n\t \r\n\t\t\t\t\t<ul class=\"wpsm_nav wpsm_nav-tabs\" role=\"tablist\" id=\"myTab_10253\">\r\n\t\t\t\t\t\t\t\r\n\t\t\t\t\t\t\t<li role=\"presentation\"  class=\"active\"  onclick=\"do_resize()\">\r\n\t\t\t\t\t\t\t\t<a href=\"#tabs_desc_10253_1\" aria-controls=\"tabs_desc_10253_1\" role=\"tab\" data-toggle=\"tab\">\r\n\t\t\t\t\t\t\t\t\t\r\n\t\t\t\t\t\t\t\t\t\t\t\t\t\t\t\t\t\t\t\t\t\t\t\t\t\t\t\t\t\t\t<i class=\"fa fa-calendar\"><\/i> \t\t\t\t\t\t\t\t\t\t\t\t\t\t\t\t\t\t\t\r\n\t\t\t\t\t\t\t\t\t\t\t\t\t\t\t\t\t\t\r\n\t\t\t\t\t\t\t\t\t<span>Tableau climatique<\/span>\r\n\t\t\t\t\t\t\t\t\t\r\n\t\t\t\t\t\t\t\t\t\t\t\t\t\t\t\t\t\t\r\n\t\t\t\t\t\t\t\t\t\t\t\t\t\t\t\t\t\t\t\t\r\n\t\t\t\t\t\t\t\t\t\r\n\t\t\t\t\t\t\t\t<\/a>\r\n\t\t\t\t\t\t\t<\/li>\r\n\t\t\t\t\t\t\t\r\n\t\t\t\t\t\t\t<li role=\"presentation\"  onclick=\"do_resize()\">\r\n\t\t\t\t\t\t\t\t<a href=\"#tabs_desc_10253_2\" aria-controls=\"tabs_desc_10253_2\" role=\"tab\" data-toggle=\"tab\">\r\n\t\t\t\t\t\t\t\t\t\r\n\t\t\t\t\t\t\t\t\t\t\t\t\t\t\t\t\t\t\t\t\t\t\t\t\t\t\t\t\t\t\t<i class=\"fa fa-cloud\"><\/i> \t\t\t\t\t\t\t\t\t\t\t\t\t\t\t\t\t\t\t\r\n\t\t\t\t\t\t\t\t\t\t\t\t\t\t\t\t\t\t\r\n\t\t\t\t\t\t\t\t\t<span>En savoir plus sur le climat<\/span>\r\n\t\t\t\t\t\t\t\t\t\r\n\t\t\t\t\t\t\t\t\t\t\t\t\t\t\t\t\t\t\r\n\t\t\t\t\t\t\t\t\t\t\t\t\t\t\t\t\t\t\t\t\r\n\t\t\t\t\t\t\t\t\t\r\n\t\t\t\t\t\t\t\t<\/a>\r\n\t\t\t\t\t\t\t<\/li>\r\n\t\t\t\t\t\t\t\r\n\t\t\t\t\t\t\t<li role=\"presentation\"  onclick=\"do_resize()\">\r\n\t\t\t\t\t\t\t\t<a href=\"#tabs_desc_10253_3\" aria-controls=\"tabs_desc_10253_3\" role=\"tab\" data-toggle=\"tab\">\r\n\t\t\t\t\t\t\t\t\t\r\n\t\t\t\t\t\t\t\t\t\t\t\t\t\t\t\t\t\t\t\t\t\t\t\t\t\t\t\t\t\t\t<i class=\"fa fa-sun-o\"><\/i> \t\t\t\t\t\t\t\t\t\t\t\t\t\t\t\t\t\t\t\r\n\t\t\t\t\t\t\t\t\t\t\t\t\t\t\t\t\t\t\r\n\t\t\t\t\t\t\t\t\t<span>Indices UVB<\/span>\r\n\t\t\t\t\t\t\t\t\t\r\n\t\t\t\t\t\t\t\t\t\t\t\t\t\t\t\t\t\t\r\n\t\t\t\t\t\t\t\t\t\t\t\t\t\t\t\t\t\t\t\t\r\n\t\t\t\t\t\t\t\t\t\r\n\t\t\t\t\t\t\t\t<\/a>\r\n\t\t\t\t\t\t\t<\/li>\r\n\t\t\t\t\t\t\t\r\n\t\t\t\t\t\t\t<li role=\"presentation\"  onclick=\"do_resize()\">\r\n\t\t\t\t\t\t\t\t<a href=\"#tabs_desc_10253_4\" aria-controls=\"tabs_desc_10253_4\" role=\"tab\" data-toggle=\"tab\">\r\n\t\t\t\t\t\t\t\t\t\r\n\t\t\t\t\t\t\t\t\t\t\t\t\t\t\t\t\t\t\t\t\t\t\t\t\t\t\t\t\t\t\t<i class=\"fa fa-pagelines\"><\/i> \t\t\t\t\t\t\t\t\t\t\t\t\t\t\t\t\t\t\t\r\n\t\t\t\t\t\t\t\t\t\t\t\t\t\t\t\t\t\t\r\n\t\t\t\t\t\t\t\t\t<span>Temp\u00e9ratures du sol<\/span>\r\n\t\t\t\t\t\t\t\t\t\r\n\t\t\t\t\t\t\t\t\t\t\t\t\t\t\t\t\t\t\r\n\t\t\t\t\t\t\t\t\t\t\t\t\t\t\t\t\t\t\t\t\r\n\t\t\t\t\t\t\t\t\t\r\n\t\t\t\t\t\t\t\t<\/a>\r\n\t\t\t\t\t\t\t<\/li>\r\n\t\t\t\t\t\t\t\t\t\t\t <\/ul>\r\n\r\n\t\t\t\t\t  <!-- Tab panes -->\r\n\t\t\t\t\t  <div class=\"tab-content\" id=\"tab-content_10253\">\r\n\t\t\t\t\t\t\t\t\t\t\t\t <div role=\"tabpanel\" class=\"tab-pane  in active \" id=\"tabs_desc_10253_1\">\r\n\t\t\t\t\t\t\t\t<table style=\"height: 186px;\" width=\"990\">\r\n<tbody>\r\n<tr>\r\n<td><\/td>\r\n<td>Jan<\/td>\r\n<td>Fev<\/td>\r\n<td>Mar<\/td>\r\n<td>Avr<\/td>\r\n<td>Mai<\/td>\r\n<td>Jun<\/td>\r\n<td>Jul<\/td>\r\n<td>Aug<\/td>\r\n<td>Sep<\/td>\r\n<td>Oct<\/td>\r\n<td>Nov<\/td>\r\n<td>Dec<\/td>\r\n<\/tr>\r\n<tr>\r\n<td>Temp\u00e9rature moyenne<\/td>\r\n<td>18<\/td>\r\n<td>18<\/td>\r\n<td>18<\/td>\r\n<td>17<\/td>\r\n<td>15<\/td>\r\n<td>13<\/td>\r\n<td>11<\/td>\r\n<td>12<\/td>\r\n<td>16<\/td>\r\n<td>19<\/td>\r\n<td>19<\/td>\r\n<td>19<\/td>\r\n<\/tr>\r\n<tr>\r\n<td>Temp\u00e9rature minimale<\/td>\r\n<td>14<\/td>\r\n<td>13<\/td>\r\n<td>15<\/td>\r\n<td>12<\/td>\r\n<td>10<\/td>\r\n<td>8<\/td>\r\n<td>7<\/td>\r\n<td>6<\/td>\r\n<td>7<\/td>\r\n<td>11<\/td>\r\n<td>12<\/td>\r\n<td>14<\/td>\r\n<\/tr>\r\n<tr>\r\n<td>Temp\u00e9rature maximale<\/td>\r\n<td>21<\/td>\r\n<td>21<\/td>\r\n<td>21<\/td>\r\n<td>20<\/td>\r\n<td>19<\/td>\r\n<td>17<\/td>\r\n<td>15<\/td>\r\n<td>17<\/td>\r\n<td>22<\/td>\r\n<td>24<\/td>\r\n<td>23<\/td>\r\n<td>22<\/td>\r\n<\/tr>\r\n<tr>\r\n<td>Jours de pluie<\/td>\r\n<td>30<\/td>\r\n<td>24<\/td>\r\n<td>28<\/td>\r\n<td>15<\/td>\r\n<td>18<\/td>\r\n<td>11<\/td>\r\n<td>16<\/td>\r\n<td>8<\/td>\r\n<td>1<\/td>\r\n<td>19<\/td>\r\n<td>20<\/td>\r\n<td>25<\/td>\r\n<\/tr>\r\n<\/tbody>\r\n<\/table>\r\n<p style=\"text-align: justify;\">Les donn\u00e9es fournies ont \u00e9t\u00e9 mesur\u00e9es et compil\u00e9es par nos soins dans un d\u00e9lai d'un an \u00e0 l'aide de thermo- et d'hygrom\u00e8tres directement sur les sites o\u00f9 les animaux ont \u00e9t\u00e9 trouv\u00e9s. \"Temp\u00e9rature moyenne\" signifie que les valeurs d'un mois entier ont \u00e9t\u00e9 calcul\u00e9es \u00e0 une valeur moyenne, par exemple toutes les valeurs minimales mesur\u00e9es d'un mois ont \u00e9t\u00e9 calcul\u00e9es \u00e0 une valeur minimale moyenne pour f\u00e9vrier. Cela signifie en clair que les valeurs maximales individuelles d'une journ\u00e9e peuvent \u00eatre sensiblement sup\u00e9rieures ou inf\u00e9rieures aux valeurs minimales et maximales moyennes. Il est donc possible que si la moyenne maximale est de 29 degr\u00e9s, il faisait 33\u00b0C ou m\u00eame 35\u00b0C certains jours du mois.<\/p>\t\t\t\t\t\t <\/div>\r\n\t\t\t\t\t\t\t\t\t\t\t\t <div role=\"tabpanel\" class=\"tab-pane \" id=\"tabs_desc_10253_2\">\r\n\t\t\t\t\t\t\t\t<p style=\"text-align : justify ;\">Ankaratra est situ\u00e9 dans les hauts plateaux centraux de Madagascar, \u00e0 une altitude pouvant atteindre 2600 m au-dessus du niveau de la mer. Il s'agit donc des zones les plus \u00e9lev\u00e9es des hauts plateaux : Les for\u00eats de montagne, o\u00f9 il fait froid en cons\u00e9quence. Le climat est globalement sub-humide. \r\n<\/p>\r\n<p style=\"text-align : justify ;\">\r\nPendant la saison des pluies, la r\u00e9gion atteint ses temp\u00e9ratures les plus \u00e9lev\u00e9es, soit environ 20 \u00b0C, et au soleil, elle peut atteindre 28 \u00b0C. La nuit, il fait tr\u00e8s froid, les temp\u00e9ratures avoisinant les 15\u00b0C sont la r\u00e8gle. Il pleut presque quotidiennement de novembre \u00e0 fin mars, mais avec le d\u00e9but de la saison s\u00e8che \u00e0 partir d'avril, les pr\u00e9cipitations diminuent. Pendant la saison s\u00e8che, les hautes altitudes du massif de l'Ankaratra atteignent des temp\u00e9ratures proches du point de cong\u00e9lation, jusqu'\u00e0 3\u00b0C entre juin et ao\u00fbt. Le froid, et surtout la saison s\u00e8che tr\u00e8s froide qui contraste avec la saison des pluies plus chaude, est l'un des \u00e9l\u00e9ments cl\u00e9s du climat d'Ankaratra. \r\n<\/p>\t\t\t\t\t\t <\/div>\r\n\t\t\t\t\t\t\t\t\t\t\t\t <div role=\"tabpanel\" class=\"tab-pane \" id=\"tabs_desc_10253_3\">\r\n\t\t\t\t\t\t\t\tMalheureusement, il n'y a pas encore de donn\u00e9es UVB disponibles pour le massif de l'Ankaratra. \t\t\t\t\t\t <\/div>\r\n\t\t\t\t\t\t\t\t\t\t\t\t <div role=\"tabpanel\" class=\"tab-pane \" id=\"tabs_desc_10253_4\">\r\n\t\t\t\t\t\t\t\tMalheureusement, les temp\u00e9ratures du sol pour le massif d'Ankaratra ne sont pas encore disponibles.\t\t\t\t\t\t <\/div>\r\n\t\t\t\t\t\t\t\r\n\t\t\t\t\t <\/div>\r\n\t\t\t\t\t \r\n\t\t\t\t <\/div>\r\n <script>\r\n\t\tjQuery(function () {\r\n\t\t\tjQuery('#myTab_10253 a:first').tab('show')\r\n\t\t});\r\n\t\t\r\n\t\t\t\tjQuery(function(){\r\n\t\t\tvar b=\"fadeIn\";\r\n\t\t\tvar c;\r\n\t\t\tvar a;\r\n\t\t\td(jQuery(\"#myTab_10253 a\"),jQuery(\"#tab-content_10253\"));function d(e,f,g){\r\n\t\t\t\te.click(function(i){\r\n\t\t\t\t\ti.preventDefault();\r\n\t\t\t\t\tjQuery(this).tab(\"show\");\r\n\t\t\t\t\tvar h=jQuery(this).data(\"easein\");\r\n\t\t\t\t\tif(c){c.removeClass(a);}\r\n\t\t\t\t\tif(h){f.find(\"div.active\").addClass(\"animated \"+h);a=h;}\r\n\t\t\t\t\telse{if(g){f.find(\"div.active\").addClass(\"animated \"+g);a=g;}else{f.find(\"div.active\").addClass(\"animated \"+b);a=b;}}c=f.find(\"div.active\");\r\n\t\t\t\t});\r\n\t\t\t}\r\n\t\t});\r\n\t\t\r\n\r\n\t\tfunction do_resize(){\r\n\r\n\t\t\tvar width=jQuery( '.tab-content .tab-pane iframe' ).width();\r\n\t\t\tvar height=jQuery( '.tab-content .tab-pane iframe' ).height();\r\n\r\n\t\t\tvar toggleSize = true;\r\n\t\t\tjQuery('iframe').animate({\r\n\t\t\t    width: toggleSize ? width : 640,\r\n\t\t\t    height: toggleSize ? height : 360\r\n\t\t\t  }, 250);\r\n\r\n\t\t\t  toggleSize = !toggleSize;\r\n\t\t}\r\n\r\n\r\n\t<\/script>\r\n\t\t\t\t\r\n\t\t\t\n<h4>Habitat:<\/h4>\n<p style=\"text-align: justify;\">Les photos suivront d\u00e8s que nous serons \u00e0 nouveau sur place. L&rsquo;habitat de <em>Calumma hilleniusi<\/em> est assez particulier \u00e0 Madagascar. Les for\u00eats de montagne d&rsquo;Ankaratra sont riches en plantes aux feuilles extr\u00eamement nombreuses et de petite taille, et en plantes herbac\u00e9es \u00e0 la croissance tr\u00e8s dense. Plusieurs plantes sont \u00e9pineuses. Les esp\u00e8ces <em>Weinmannia<\/em> sont tr\u00e8s communes. Le lilas d&rsquo;\u00e9t\u00e9 (<em>Buddleja<\/em>) et une esp\u00e8ce de houx (<em>Ilex mitis<\/em>) constituent \u00e9galement une grande partie des plantes. Dans les zones plus \u00e9lev\u00e9es, la croissance des plantes est plus faible et ressemble davantage \u00e0 celle de la bruy\u00e8re. Il y a des champs entiers de bruy\u00e8re, de petites broussailles et des plantes \u00e0 croissance basse. Mais, \u00e9tonnamment, <em>Calumma hilleniusi<\/em> ne semble pas \u00eatre exclusivement li\u00e9 \u00e0 cet habitat tr\u00e8s sp\u00e9cifique. Ils sont \u00e9galement pr\u00e9sents dans les for\u00eats de pins qui ont \u00e9t\u00e9 introduites \u00e0 Madagascar.<\/p>","protected":false},"excerpt":{"rendered":"<p>Description initiale : (Brygoo, Blanc &amp; Domergue, 1973) Origine du nom de l&rsquo;esp\u00e8ce : L&rsquo;herp\u00e9tologue n\u00e9erlandais Dick Hillenius a \u00e9crit sa th\u00e8se de doctorat sur le genre Chamaeleo au Mus\u00e9e zoologique d&rsquo;Amsterdam (Pays-Bas) en 1959. \u00c0 cette \u00e9poque, Calumma brevicorne\u00a0s&rsquo;appelait encore Chamaeleo brevicornis. De nombreuses esp\u00e8ces de cam\u00e9l\u00e9ons d&rsquo;apparence similaire, dont Calumma hilleniusi, n&rsquo;\u00e9taient pas encore connues et d\u00e9crites comme telles. Hillenius avait d\u00e9j\u00e0 reconnu dans sa th\u00e8se de doctorat que la population de cam\u00e9l\u00e9ons d&rsquo;Ankaratra \u00e9tait clairement diff\u00e9rente de la population \u00ab\u00a0normale\u00a0\u00bb de brevicorne. En 1973, Calumma hilleniusi a \u00e9t\u00e9 d\u00e9crite comme une esp\u00e8ce distincte. Les trois auteurs de la nouvelle description \u00e9taient \u00c9douard-Raoul Brygoo et Charles Antoine Domergue de l&rsquo;ancien Institut Pasteur d&rsquo;Antananarivo et Charles Pierre Blanc du laboratoire zoog\u00e9ographique de l&rsquo;Universit\u00e9 Paul Val\u00e9ry \u00e0 Montpellier (France). Ils ont d\u00e9di\u00e9 l&rsquo;esp\u00e8ce \u00e0 Dick Hillenius pour sa clairvoyance 14 ans plus t\u00f4t. Distribution : Calumma hilleniusi se trouve sur les pentes du massif de l&rsquo;Ankaratra, dans les hautes terres centrales de Madagascar. Le massif de l&rsquo;Ankaratra est d&rsquo;origine volcanique et se trouve dans un triangle imaginaire entre Antananarivo, Ampefy et Antsirabe. Les anciens crat\u00e8res volcaniques sont maintenant des lacs et entour\u00e9s de petites for\u00eats. Les zones les plus \u00e9lev\u00e9es&#8230;<\/p>\n","protected":false},"author":3,"featured_media":10241,"comment_status":"closed","ping_status":"closed","sticky":false,"template":"","format":"gallery","meta":{"_monsterinsights_skip_tracking":false,"_monsterinsights_sitenote_active":false,"_monsterinsights_sitenote_note":"","_monsterinsights_sitenote_category":0,"footnotes":""},"categories":[26],"tags":[2112,53,2114,160,2113,2115,783,1452,584,723],"_links":{"self":[{"href":"https:\/\/www.madcham.de\/fr\/wp-json\/wp\/v2\/posts\/10236"}],"collection":[{"href":"https:\/\/www.madcham.de\/fr\/wp-json\/wp\/v2\/posts"}],"about":[{"href":"https:\/\/www.madcham.de\/fr\/wp-json\/wp\/v2\/types\/post"}],"author":[{"embeddable":true,"href":"https:\/\/www.madcham.de\/fr\/wp-json\/wp\/v2\/users\/3"}],"replies":[{"embeddable":true,"href":"https:\/\/www.madcham.de\/fr\/wp-json\/wp\/v2\/comments?post=10236"}],"version-history":[{"count":16,"href":"https:\/\/www.madcham.de\/fr\/wp-json\/wp\/v2\/posts\/10236\/revisions"}],"predecessor-version":[{"id":13167,"href":"https:\/\/www.madcham.de\/fr\/wp-json\/wp\/v2\/posts\/10236\/revisions\/13167"}],"wp:featuredmedia":[{"embeddable":true,"href":"https:\/\/www.madcham.de\/fr\/wp-json\/wp\/v2\/media\/10241"}],"wp:attachment":[{"href":"https:\/\/www.madcham.de\/fr\/wp-json\/wp\/v2\/media?parent=10236"}],"wp:term":[{"taxonomy":"category","embeddable":true,"href":"https:\/\/www.madcham.de\/fr\/wp-json\/wp\/v2\/categories?post=10236"},{"taxonomy":"post_tag","embeddable":true,"href":"https:\/\/www.madcham.de\/fr\/wp-json\/wp\/v2\/tags?post=10236"}],"curies":[{"name":"wp","href":"https:\/\/api.w.org\/{rel}","templated":true}]}}