{"id":104,"date":"2019-05-29T15:26:09","date_gmt":"2019-05-29T13:26:09","guid":{"rendered":"http:\/\/madcham.com\/wordpress\/?p=104"},"modified":"2025-02-09T15:12:05","modified_gmt":"2025-02-09T14:12:05","slug":"furcifer-timoni","status":"publish","type":"post","link":"https:\/\/www.madcham.de\/fr\/furcifer-timoni\/","title":{"rendered":"Furcifer timoni"},"content":{"rendered":"<div class=\"simple-alert-boxes sab_danger sab_normal \">\r\n\t\t<strong>Quotas CITES<\/strong><br \/>\npas d&rsquo;exportation l\u00e9gale possible\t<\/div>\r\n\t\n<h4><\/h4>\n<h4>Description initiale:<a href=\"https:\/\/www.iucnredlist.org\/species\/193484\/8862420\" target=\"_blank\" rel=\"noopener\"><img loading=\"lazy\" decoding=\"async\" class=\"alignright wp-image-13131\" src=\"https:\/\/www.madcham.de\/wp-content\/uploads\/2023\/03\/IUCN-Status-near-threatened.jpg\" alt=\"IUCN Red List: near threatened\" width=\"80\" height=\"79\" srcset=\"https:\/\/www.madcham.de\/wp-content\/uploads\/2023\/03\/IUCN-Status-near-threatened.jpg 150w, https:\/\/www.madcham.de\/wp-content\/uploads\/2023\/03\/IUCN-Status-near-threatened-81x80.jpg 81w\" sizes=\"(max-width: 80px) 100vw, 80px\" \/><\/a><\/h4>\n<p>Glaw, K\u00f6hler &amp; Vences 2009 <a href=\"https:\/\/www.biotaxa.org\/Zootaxa\/article\/view\/zootaxa.2269.1.2\" target=\"_blank\" rel=\"noopener noreferrer\"> <img loading=\"lazy\" decoding=\"async\" class=\"wp-image-9195 size-full alignnone\" style=\"margin-left: 10px; margin-top: 15px;\" src=\"https:\/\/www.madcham.de\/wp-content\/uploads\/2014\/09\/pdf-Logo.png\" alt=\"\" width=\"44\" height=\"21\" \/><\/a><\/p>\n<h4>Origine du nom de l&rsquo;esp\u00e8ce:<\/h4>\n<p style=\"text-align: justify;\">L&rsquo;herp\u00e9tologue allemand Frank Glaw a d\u00e9di\u00e9 cette esp\u00e8ce \u00e0 son fils Timon. Frank Glaw travaille \u00e0 la Collection zoologique nationale de Munich (Allemagne) et est responsable d&rsquo;un grand nombre de nouvelles descriptions d&rsquo;esp\u00e8ces de reptiles et d&rsquo;amphibiens de Madagascar au cours des derni\u00e8res d\u00e9cennies.<\/p>\n<div style=\"float: right; margin: 20px;\">\t\t<div id=\"maps-marker-pro-15e6d00b\" class=\"maps-marker-pro\" style=\"width: 300px;\">\n\t\t\t<div id=\"mmp-map-wrap-15e6d00b\" class=\"mmp-map-wrap\">\n\t\t\t\t\t\t\t\t\t<div id=\"mmp-panel-15e6d00b\" class=\"mmp-panel\"><\/div>\n\t\t\t\t\t\t\t\t<div id=\"mmp-map-15e6d00b\" class=\"mmp-map\" style=\"height: 300px;\"><\/div>\n\t\t\t\t\t\t\t<\/div>\n\t\t\t\t\t<\/div>\n\t\t<\/div>\n<h4>Distribution:<\/h4>\n<p style=\"text-align: justify;\">Cette belle esp\u00e8ce de cam\u00e9l\u00e9on se trouve exclusivement dans les r\u00e9gions de for\u00eat tropicale du nord et du nord-est de Madagascar. Les zones de distribution comprennent le parc national de Marojejy et le parc national de la Montagne d&rsquo;Ambre. Ici, les animaux se trouvent \u00e0 des altitudes d&rsquo;environ 600 \u00e0 800 m\u00e8tres au-dessus du niveau de la mer. Ils aiment rester dans de tr\u00e8s hauts arbres, ce qui rend bien s\u00fbr la recherche tr\u00e8s difficile. Au cours des derni\u00e8res ann\u00e9es, on a pu trouver cette esp\u00e8ce r\u00e9guli\u00e8rement dans la partie nord-est du parc national de la Montagne d&rsquo;Ambre, mais les m\u00e2les sont tr\u00e8s rares. Lorsque les m\u00e2les sont \u00ab\u00a0bas\u00a0\u00bb sur leur chemin, on peut encore souvent les trouver \u00e0 une hauteur de quatre \u00e0 cinq m\u00e8tres.<\/p>\n<h4>Apparence et taille:<\/h4>\n<p style=\"text-align: justify;\">Les m\u00e2les de <em>Furcifer timoni<\/em> ont deux extensions de nez pointues et sont principalement de couleur vert clair. Dans la zone des yeux, les animaux pr\u00e9sentent des accents de couleur bleu-blanc. Les femelles sont beaucoup plus color\u00e9es, verd\u00e2tres \u00e0 jaunes et pr\u00e9sentent un motif de rayures frappant lorsqu&rsquo;elles sont excit\u00e9es. Ces derniers peuvent avoir des rayures claires sur un fond sombre ainsi que des rayures sombres sur un fond clair. Dans la zone du casque et du flanc de la femelle, il y a des points bleus et violets, et sur le ventre, il y a des accents de couleur rouge \u00e0 orange dans une bande blanche.<\/p>\n<div id='gallery-5' class='gallery galleryid-6126 gallery-columns-2 gallery-size-large'><figure class='gallery-item'>\n\t\t\t<div class='gallery-icon landscape'>\n\t\t\t\t<a href='https:\/\/www.madcham.de\/wp-content\/uploads\/2013\/12\/Furcifer-timoni-weibliches-Jungtier-Montagne-dAmbre-2017.jpg'><img loading=\"lazy\" decoding=\"async\" width=\"1024\" height=\"741\" src=\"https:\/\/www.madcham.de\/wp-content\/uploads\/2013\/12\/Furcifer-timoni-weibliches-Jungtier-Montagne-dAmbre-2017-1024x741.jpg\" class=\"attachment-large size-large\" alt=\"\" srcset=\"https:\/\/www.madcham.de\/wp-content\/uploads\/2013\/12\/Furcifer-timoni-weibliches-Jungtier-Montagne-dAmbre-2017-1024x741.jpg 1024w, https:\/\/www.madcham.de\/wp-content\/uploads\/2013\/12\/Furcifer-timoni-weibliches-Jungtier-Montagne-dAmbre-2017-300x217.jpg 300w, https:\/\/www.madcham.de\/wp-content\/uploads\/2013\/12\/Furcifer-timoni-weibliches-Jungtier-Montagne-dAmbre-2017-768x556.jpg 768w, https:\/\/www.madcham.de\/wp-content\/uploads\/2013\/12\/Furcifer-timoni-weibliches-Jungtier-Montagne-dAmbre-2017-1065x771.jpg 1065w, https:\/\/www.madcham.de\/wp-content\/uploads\/2013\/12\/Furcifer-timoni-weibliches-Jungtier-Montagne-dAmbre-2017-420x304.jpg 420w, https:\/\/www.madcham.de\/wp-content\/uploads\/2013\/12\/Furcifer-timoni-weibliches-Jungtier-Montagne-dAmbre-2017-81x59.jpg 81w, https:\/\/www.madcham.de\/wp-content\/uploads\/2013\/12\/Furcifer-timoni-weibliches-Jungtier-Montagne-dAmbre-2017.jpg 1500w\" sizes=\"(max-width: 1024px) 100vw, 1024px\" \/><\/a>\n\t\t\t<\/div><\/figure>\n\t\t<\/div>\n\n<h4>Particularit\u00e9s:<\/h4>\n<p style=\"text-align: justify;\"><em>Furcifer timoni<\/em> est l&rsquo;une des d\u00e9couvertes les plus r\u00e9centes dans le monde des cam\u00e9l\u00e9ons de Madagascar, ils ont longtemps \u00e9t\u00e9 consid\u00e9r\u00e9s comme une variante du <em>Furcifer petteri<\/em> d&rsquo;apparence similaire.<\/p>\n<p>&nbsp;<\/p>\n\t\t\t\t\t\t<style>\r\n\t\t\t\t\r\n\t\t\t\t\t#tab_container_8880 {\r\n\toverflow:hidden;\r\n\tdisplay:block;\r\n\twidth:100%;\r\n\tborder:0px solid #ddd;\r\n\tmargin-bottom:30px;\r\n\t}\r\n\r\n#tab_container_8880 .tab-content{\r\n\tpadding:20px;\r\n\tborder: 1px solid #e6e6e6 !important;\r\n\tmargin-top: 0px;\r\n\tbackground-color:#ffffff !important;\r\n\tcolor: #3e3e3e !important;\r\n\tfont-size:13px !important;\r\n\tfont-family: Open Sans !important;\r\n\t\r\n\t\tborder: 1px solid #e6e6e6 !important;\r\n\t}\r\n#tab_container_8880 .wpsm_nav-tabs {\r\n    border-bottom: 0px solid #ddd;\r\n}\r\n#tab_container_8880 .wpsm_nav-tabs > li.active > a, #tab_container_8880 .wpsm_nav-tabs > li.active > a:hover, #tab_container_8880 .wpsm_nav-tabs > li.active > a:focus {\r\n\tcolor: #3e3e3e !important;\r\n\tcursor: default;\r\n\tbackground-color: #ffffff !important;\r\n\tborder: 1px solid #e6e6e6 !important;\r\n}\r\n\r\n#tab_container_8880 .wpsm_nav-tabs > li > a {\r\n    margin-right: 0px !important; \r\n    line-height: 1.42857143 !important;\r\n    border: 1px solid #d5d5d5 !important;\r\n    border-radius: 0px 0px 0 0 !important; \r\n\tbackground-color: #e8e8e8 !important;\r\n\tcolor: #3e3e3e !important;\r\n\tpadding: 15px 18px 15px 18px !important;\r\n\ttext-decoration: none !important;\r\n\tfont-size: 13px !important;\r\n\ttext-align:center !important;\r\n\tfont-family: Open Sans !important;\r\n}\r\n#tab_container_8880 .wpsm_nav-tabs > li > a:focus {\r\noutline: 0px !important;\r\n}\r\n\r\n#tab_container_8880 .wpsm_nav-tabs > li > a:before {\r\n\tdisplay:none !important;\r\n}\r\n#tab_container_8880 .wpsm_nav-tabs > li > a:after {\r\n\tdisplay:none !important ;\r\n}\r\n#tab_container_8880 .wpsm_nav-tabs > li{\r\npadding:0px !important ;\r\nmargin:0px;\r\n}\r\n\r\n#tab_container_8880 .wpsm_nav-tabs > li > a:hover , #tab_container_8880 .wpsm_nav-tabs > li > a:focus {\r\n    color: #3e3e3e !important;\r\n    background-color: #e8e8e8 !important;\r\n\tborder: 1px solid #d5d5d5 !important;\r\n\t\r\n}\r\n#tab_container_8880 .wpsm_nav-tabs > li > a .fa{\r\n\r\nmargin-right:5px !important;\r\n\r\nmargin-left:5px !important;\r\n\r\n\r\n}\r\n\r\n\t\t#tab_container_8880 .wpsm_nav-tabs a{\r\n\t\t\tbackground-image: none;\r\n\t\t\tbackground-position: 0 0;\r\n\t\t\tbackground-repeat: repeat-x;\r\n\t\t}\r\n\t\t\t\r\n\r\n\r\n#tab_container_8880 .wpsm_nav-tabs > li {\r\n    float: left;\r\n    margin-bottom: -1px !important;\r\n\tmargin-right:0px !important; \r\n}\r\n\r\n\r\n#tab_container_8880 .tab-content{\r\noverflow:hidden !important;\r\n}\r\n\r\n\r\n@media (min-width: 769px) {\r\n\r\n\t#tab_container_8880 .wpsm_nav-tabs > li{\r\n\t\tfloat:left !important ;\r\n\t\t\t\tmargin-right:-1px !important;\r\n\t\t\t\t\t}\r\n\t#tab_container_8880 .wpsm_nav-tabs{\r\n\t\tfloat:none !important;\r\n\t\tmargin:0px !important;\r\n\t}\r\n\r\n\t#tab_container_8880 .wpsm_nav-tabs > li {\r\n\t\t\t\t\r\n\t}\r\n\t#tab_container_8880 .wpsm_nav{\r\n\t\t\t}\r\n\r\n}\r\n\r\n\r\n\r\n@media (max-width: 768px) {\r\n\t#tab_container_8880 .wpsm_nav-tabs > li {\r\n\t\t\t\t\r\n\t}\r\n\t#tab_container_8880 .wpsm_nav{\r\n\t\t\t}\r\n}\r\n\r\n\r\n\t.wpsm_nav-tabs li:before{\r\n\t\tdisplay:none !important;\r\n\t}\r\n\r\n\t@media (max-width: 768px) {\r\n\t\t\t\t\r\n\t\t\t\t.wpsm_nav-tabs{\r\n\t\t\tmargin-left:0px !important;\r\n\t\t\tmargin-right:0px !important; \r\n\t\t\t\r\n\t\t}\r\n\t\t\t\t#tab_container_8880 .wpsm_nav-tabs > li{\r\n\t\t\tfloat:none !important;\r\n\t\t}\r\n\t\t\t\r\n\t}\t\t\t\t<\/style>\r\n\t\t\t\t<div id=\"tab_container_8880\" >\r\n\t \r\n\t\t\t\t\t<ul class=\"wpsm_nav wpsm_nav-tabs\" role=\"tablist\" id=\"myTab_8880\">\r\n\t\t\t\t\t\t\t\r\n\t\t\t\t\t\t\t<li role=\"presentation\"  class=\"active\"  onclick=\"do_resize()\">\r\n\t\t\t\t\t\t\t\t<a href=\"#tabs_desc_8880_1\" aria-controls=\"tabs_desc_8880_1\" role=\"tab\" data-toggle=\"tab\">\r\n\t\t\t\t\t\t\t\t\t\r\n\t\t\t\t\t\t\t\t\t\t\t\t\t\t\t\t\t\t\t\t\t\t\t\t\t\t\t\t\t\t\t<i class=\"fa fa-calendar\"><\/i> \t\t\t\t\t\t\t\t\t\t\t\t\t\t\t\t\t\t\t\r\n\t\t\t\t\t\t\t\t\t\t\t\t\t\t\t\t\t\t\r\n\t\t\t\t\t\t\t\t\t<span>Tableau du climat<\/span>\r\n\t\t\t\t\t\t\t\t\t\r\n\t\t\t\t\t\t\t\t\t\t\t\t\t\t\t\t\t\t\r\n\t\t\t\t\t\t\t\t\t\t\t\t\t\t\t\t\t\t\t\t\r\n\t\t\t\t\t\t\t\t\t\r\n\t\t\t\t\t\t\t\t<\/a>\r\n\t\t\t\t\t\t\t<\/li>\r\n\t\t\t\t\t\t\t\r\n\t\t\t\t\t\t\t<li role=\"presentation\"  onclick=\"do_resize()\">\r\n\t\t\t\t\t\t\t\t<a href=\"#tabs_desc_8880_2\" aria-controls=\"tabs_desc_8880_2\" role=\"tab\" data-toggle=\"tab\">\r\n\t\t\t\t\t\t\t\t\t\r\n\t\t\t\t\t\t\t\t\t\t\t\t\t\t\t\t\t\t\t\t\t\t\t\t\t\t\t\t\t\t\t<i class=\"fa fa-cloud\"><\/i> \t\t\t\t\t\t\t\t\t\t\t\t\t\t\t\t\t\t\t\r\n\t\t\t\t\t\t\t\t\t\t\t\t\t\t\t\t\t\t\r\n\t\t\t\t\t\t\t\t\t<span>En savoir plus<\/span>\r\n\t\t\t\t\t\t\t\t\t\r\n\t\t\t\t\t\t\t\t\t\t\t\t\t\t\t\t\t\t\r\n\t\t\t\t\t\t\t\t\t\t\t\t\t\t\t\t\t\t\t\t\r\n\t\t\t\t\t\t\t\t\t\r\n\t\t\t\t\t\t\t\t<\/a>\r\n\t\t\t\t\t\t\t<\/li>\r\n\t\t\t\t\t\t\t\r\n\t\t\t\t\t\t\t<li role=\"presentation\"  onclick=\"do_resize()\">\r\n\t\t\t\t\t\t\t\t<a href=\"#tabs_desc_8880_3\" aria-controls=\"tabs_desc_8880_3\" role=\"tab\" data-toggle=\"tab\">\r\n\t\t\t\t\t\t\t\t\t\r\n\t\t\t\t\t\t\t\t\t\t\t\t\t\t\t\t\t\t\t\t\t\t\t\t\t\t\t\t\t\t\t<i class=\"fa fa-sun-o\"><\/i> \t\t\t\t\t\t\t\t\t\t\t\t\t\t\t\t\t\t\t\r\n\t\t\t\t\t\t\t\t\t\t\t\t\t\t\t\t\t\t\r\n\t\t\t\t\t\t\t\t\t<span>Indices UVB<\/span>\r\n\t\t\t\t\t\t\t\t\t\r\n\t\t\t\t\t\t\t\t\t\t\t\t\t\t\t\t\t\t\r\n\t\t\t\t\t\t\t\t\t\t\t\t\t\t\t\t\t\t\t\t\r\n\t\t\t\t\t\t\t\t\t\r\n\t\t\t\t\t\t\t\t<\/a>\r\n\t\t\t\t\t\t\t<\/li>\r\n\t\t\t\t\t\t\t\r\n\t\t\t\t\t\t\t<li role=\"presentation\"  onclick=\"do_resize()\">\r\n\t\t\t\t\t\t\t\t<a href=\"#tabs_desc_8880_4\" aria-controls=\"tabs_desc_8880_4\" role=\"tab\" data-toggle=\"tab\">\r\n\t\t\t\t\t\t\t\t\t\r\n\t\t\t\t\t\t\t\t\t\t\t\t\t\t\t\t\t\t\t\t\t\t\t\t\t\t\t\t\t\t\t<i class=\"fa fa-pagelines\"><\/i> \t\t\t\t\t\t\t\t\t\t\t\t\t\t\t\t\t\t\t\r\n\t\t\t\t\t\t\t\t\t\t\t\t\t\t\t\t\t\t\r\n\t\t\t\t\t\t\t\t\t<span>Temp\u00e9ratures du sol<\/span>\r\n\t\t\t\t\t\t\t\t\t\r\n\t\t\t\t\t\t\t\t\t\t\t\t\t\t\t\t\t\t\r\n\t\t\t\t\t\t\t\t\t\t\t\t\t\t\t\t\t\t\t\t\r\n\t\t\t\t\t\t\t\t\t\r\n\t\t\t\t\t\t\t\t<\/a>\r\n\t\t\t\t\t\t\t<\/li>\r\n\t\t\t\t\t\t\t\r\n\t\t\t\t\t\t\t<li role=\"presentation\"  onclick=\"do_resize()\">\r\n\t\t\t\t\t\t\t\t<a href=\"#tabs_desc_8880_5\" aria-controls=\"tabs_desc_8880_5\" role=\"tab\" data-toggle=\"tab\">\r\n\t\t\t\t\t\t\t\t\t\r\n\t\t\t\t\t\t\t\t\t\t\t\t\t\t\t\t\t\t\t\t\t\t\t\t\t\t\t\t\t\t\t<i class=\"fa fa-arrow-circle-o-down\"><\/i> \t\t\t\t\t\t\t\t\t\t\t\t\t\t\t\t\t\t\t\r\n\t\t\t\t\t\t\t\t\t\t\t\t\t\t\t\t\t\t\r\n\t\t\t\t\t\t\t\t\t<span>Pression atmosph\u00e9rique<\/span>\r\n\t\t\t\t\t\t\t\t\t\r\n\t\t\t\t\t\t\t\t\t\t\t\t\t\t\t\t\t\t\r\n\t\t\t\t\t\t\t\t\t\t\t\t\t\t\t\t\t\t\t\t\r\n\t\t\t\t\t\t\t\t\t\r\n\t\t\t\t\t\t\t\t<\/a>\r\n\t\t\t\t\t\t\t<\/li>\r\n\t\t\t\t\t\t\t\t\t\t\t <\/ul>\r\n\r\n\t\t\t\t\t  <!-- Tab panes -->\r\n\t\t\t\t\t  <div class=\"tab-content\" id=\"tab-content_8880\">\r\n\t\t\t\t\t\t\t\t\t\t\t\t <div role=\"tabpanel\" class=\"tab-pane  in active \" id=\"tabs_desc_8880_1\">\r\n\t\t\t\t\t\t\t\t<table style=\"height: 186px;\" width=\"990\">\r\n<tbody>\r\n<tr>\r\n<td><\/td>\r\n<td>Jan<\/td>\r\n<td>Feb<\/td>\r\n<td>Mar<\/td>\r\n<td>Avr<\/td>\r\n<td>Mai<\/td>\r\n<td>Jun<\/td>\r\n<td>Jul<\/td>\r\n<td>Aug<\/td>\r\n<td>Sep<\/td>\r\n<td>Oct<\/td>\r\n<td>Nov<\/td>\r\n<td>Dec<\/td>\r\n<\/tr>\r\n<tr>\r\n<td>Temp\u00e9rature moyenne<\/td>\r\n<td>23<\/td>\r\n<td>23<\/td>\r\n<td>24<\/td>\r\n<td>23<\/td>\r\n<td>22<\/td>\r\n<td>21<\/td>\r\n<td>20<\/td>\r\n<td>20<\/td>\r\n<td>21<\/td>\r\n<td>22<\/td>\r\n<td>23<\/td>\r\n<td>23<\/td>\r\n<\/tr>\r\n<tr>\r\n<td>Temp\u00e9rature minimale<\/td>\r\n<td>19<\/td>\r\n<td>19<\/td>\r\n<td>19<\/td>\r\n<td>19<\/td>\r\n<td>18<\/td>\r\n<td>16<\/td>\r\n<td>15<\/td>\r\n<td>15<\/td>\r\n<td>16<\/td>\r\n<td>17<\/td>\r\n<td>18<\/td>\r\n<td>19<\/td>\r\n<\/tr>\r\n<tr>\r\n<td>Temp\u00e9rature maximale<\/td>\r\n<td>28<\/td>\r\n<td>28<\/td>\r\n<td>28<\/td>\r\n<td>28<\/td>\r\n<td>27<\/td>\r\n<td>26<\/td>\r\n<td>25<\/td>\r\n<td>25<\/td>\r\n<td>26<\/td>\r\n<td>27<\/td>\r\n<td>28<\/td>\r\n<td>28<\/td>\r\n<\/tr>\r\n<tr>\r\n<td>Jours de pluie<\/td>\r\n<td>20<\/td>\r\n<td>20<\/td>\r\n<td>17<\/td>\r\n<td>9<\/td>\r\n<td>6<\/td>\r\n<td>6<\/td>\r\n<td>7<\/td>\r\n<td>6<\/td>\r\n<td>5<\/td>\r\n<td>6<\/td>\r\n<td>7<\/td>\r\n<td>14<\/td>\r\n<\/tr>\r\n<\/tbody>\r\n<\/table>\r\n<p style=\"text-align: justify;\">Nous avons mesur\u00e9 et compil\u00e9 les donn\u00e9es fournies en plusieurs ann\u00e9es avec des thermo- et hygrom\u00e8tres directement sur les lieux de d\u00e9couverte des animaux. \"Temp\u00e9rature moyenne\" signifie que les valeurs d'un mois entier ont \u00e9t\u00e9 calcul\u00e9es \u00e0 une valeur moyenne, par exemple toutes les valeurs minimales mesur\u00e9es de f\u00e9vrier ont \u00e9t\u00e9 calcul\u00e9es \u00e0 une valeur minimale moyenne pour f\u00e9vrier. Cela signifie en clair que les valeurs maximales individuelles d'une journ\u00e9e peuvent \u00eatre sensiblement sup\u00e9rieures ou inf\u00e9rieures aux valeurs minimales et maximales moyennes. Il est donc possible que bien que la moyenne maximale soit de 29 degr\u00e9s, il faisait 33\u00b0C ou m\u00eame 35\u00b0C certains jours du mois.<\/p>\t\t\t\t\t\t <\/div>\r\n\t\t\t\t\t\t\t\t\t\t\t\t <div role=\"tabpanel\" class=\"tab-pane \" id=\"tabs_desc_8880_2\">\r\n\t\t\t\t\t\t\t\t<p style=\"text-align: justify;\">La Montagne d'Ambre est une for\u00eat tropicale humide \u00e0 feuilles persistantes qui s'\u00e9tend sur un massif montagneux d'origine volcanique \u00e0 des altitudes comprises entre 850 et 1450 m. En raison de l'altitude, il fait sensiblement froid ici la nuit, la temp\u00e9rature pouvant descendre jusqu'\u00e0 10\u00b0C. \r\n<\/p>\r\n<p style=\"text-align: justify;\">Pendant la saison des pluies, il fait jusqu'\u00e0 28\u00b0C pendant la journ\u00e9e, et il fait aussi un peu plus chaud aux endroits ensoleill\u00e9s. Cependant, la temp\u00e9rature moyenne est un peu plus basse. Pendant la saison des pluies, il pleut plusieurs fois par jour, et parfois m\u00eame des journ\u00e9es enti\u00e8res. For\u00eat tropicale typique \ud83d\ude09 . Mais aussi en saison s\u00e8che, il pleut r\u00e9guli\u00e8rement, bien que plus court et plus sous forme de petites averses. Le climat de la Montagne d'Ambre est donc humide toute l'ann\u00e9e. Pendant la saison s\u00e8che, les temp\u00e9ratures restent un peu plus basses, surtout pendant la journ\u00e9e, avec jusqu'\u00e0 25\u00b0C. <\/p>\r\n<img loading=\"lazy\" decoding=\"async\" class=\"aligncenter wp-image-4189 size-full\" src=\"https:\/\/www.madcham.de\/wp-content\/uploads\/2022\/05\/Luftfeuchtigkeit-2022-Montagne-dAmbre.jpg\" alt=\"2022 Luftfeuchtigkeit MA\" width=\"657\" height=\"437\" \/>\t\t\t\t\t\t <\/div>\r\n\t\t\t\t\t\t\t\t\t\t\t\t <div role=\"tabpanel\" class=\"tab-pane \" id=\"tabs_desc_8880_3\">\r\n\t\t\t\t\t\t\t\t<p style=\"text-align: justify;\">Les donn\u00e9es UVB ont \u00e9t\u00e9 mesur\u00e9es avec un Solarmeter 6,5 au printemps (fin avril), au moment o\u00f9 l'activit\u00e9 des cam\u00e9l\u00e9ons \u00e9tait la plus \u00e9lev\u00e9e. Les valeurs maximales \u00e0 atteindre par le cam\u00e9l\u00e9on dans l'habitat ont \u00e9t\u00e9 mesur\u00e9es.<\/p>\r\n<img loading=\"lazy\" decoding=\"async\" class=\"aligncenter wp-image-4189 size-full\" src=\"https:\/\/www.madcham.de\/wp-content\/uploads\/2014\/09\/2016_uvi_montagnedambre.jpg\" alt=\"2016 UVI Montagne d'Ambre\" width=\"657\" height=\"437\" \/>\r\n<img loading=\"lazy\" decoding=\"async\" class=\"aligncenter wp-image-4189 size-full\" src=\"https:\/\/www.madcham.de\/wp-content\/uploads\/2022\/05\/UVI-2022-Montagne-dAmbre.jpg\" alt=\"2022 UVI Montagne d'Ambre\" width=\"657\" height=\"437\" \/>\t\t\t\t\t\t <\/div>\r\n\t\t\t\t\t\t\t\t\t\t\t\t <div role=\"tabpanel\" class=\"tab-pane \" id=\"tabs_desc_8880_4\">\r\n\t\t\t\t\t\t\t\tMalheureusement, il n'y a pas encore de temp\u00e9rature du sol disponible pour la Montagne d'Ambre.\t\t\t\t\t\t <\/div>\r\n\t\t\t\t\t\t\t\t\t\t\t\t <div role=\"tabpanel\" class=\"tab-pane \" id=\"tabs_desc_8880_5\">\r\n\t\t\t\t\t\t\t\t<p style=\"text-align: justify;\">Depuis 2022, en plus des autres donn\u00e9es climatiques, nous mesurons \u00e9galement la pression atmosph\u00e9rique dans les endroits que nous visitons \u00e0 Madagascar. Les donn\u00e9es suivantes proviennent d'un jour de la saison des pluies. Sur l'axe des abscisses se trouve l'heure du jour ou de la nuit. \u00c0 Madagascar, le jour commence vers 6 heures et la nuit se l\u00e8ve d\u00e9j\u00e0 \u00e0 18 heures. L'axe Y indique la pression atmosph\u00e9rique en hPa.\r\n\r\nTraduit avec www.DeepL.com\/Translator (version gratuite)<\/p>\r\n\r\n<img loading=\"lazy\" decoding=\"async\" class=\"aligncenter wp-image-4189 size-full\" src=\"https:\/\/www.madcham.de\/wp-content\/uploads\/2022\/05\/Luftdruck-2022-Montagne-dAmbre.jpg\" alt=\"2022 Luftdruck MA\" width=\"657\" height=\"437\" \/>\t\t\t\t\t\t <\/div>\r\n\t\t\t\t\t\t\t\r\n\t\t\t\t\t <\/div>\r\n\t\t\t\t\t \r\n\t\t\t\t <\/div>\r\n <script>\r\n\t\tjQuery(function () {\r\n\t\t\tjQuery('#myTab_8880 a:first').tab('show')\r\n\t\t});\r\n\t\t\r\n\t\t\t\tjQuery(function(){\r\n\t\t\tvar b=\"fadeIn\";\r\n\t\t\tvar c;\r\n\t\t\tvar a;\r\n\t\t\td(jQuery(\"#myTab_8880 a\"),jQuery(\"#tab-content_8880\"));function d(e,f,g){\r\n\t\t\t\te.click(function(i){\r\n\t\t\t\t\ti.preventDefault();\r\n\t\t\t\t\tjQuery(this).tab(\"show\");\r\n\t\t\t\t\tvar h=jQuery(this).data(\"easein\");\r\n\t\t\t\t\tif(c){c.removeClass(a);}\r\n\t\t\t\t\tif(h){f.find(\"div.active\").addClass(\"animated \"+h);a=h;}\r\n\t\t\t\t\telse{if(g){f.find(\"div.active\").addClass(\"animated \"+g);a=g;}else{f.find(\"div.active\").addClass(\"animated \"+b);a=b;}}c=f.find(\"div.active\");\r\n\t\t\t\t});\r\n\t\t\t}\r\n\t\t});\r\n\t\t\r\n\r\n\t\tfunction do_resize(){\r\n\r\n\t\t\tvar width=jQuery( '.tab-content .tab-pane iframe' ).width();\r\n\t\t\tvar height=jQuery( '.tab-content .tab-pane iframe' ).height();\r\n\r\n\t\t\tvar toggleSize = true;\r\n\t\t\tjQuery('iframe').animate({\r\n\t\t\t    width: toggleSize ? width : 640,\r\n\t\t\t    height: toggleSize ? height : 360\r\n\t\t\t  }, 250);\r\n\r\n\t\t\t  toggleSize = !toggleSize;\r\n\t\t}\r\n\r\n\r\n\t<\/script>\r\n\t\t\t\t\r\n\t\t\t\n<h4>Habitat:<\/h4>\n<p style=\"text-align: justify;\">L&rsquo;habitat du <em>Furcifer timoni<\/em> est la for\u00eat tropicale dense et gigantesque de la Montagne d&rsquo;Ambre. Les animaux habitent des g\u00e9ants de la jungle qui tombent presque sous le poids d&rsquo;\u00e9normes foug\u00e8res nidifiantes. Des lianes pendent aux arbres, des foug\u00e8res couvrent le sol, de la mousse recouvre les arbres tomb\u00e9s. Les orchid\u00e9es et autres \u00e9piphytes couvrent presque toutes les branches de la for\u00eat tropicale. De petits ruisseaux coulent dans la for\u00eat. <em>Furcifer timoni<\/em> habite principalement les grands arbres et pr\u00e9f\u00e8re vivre dans les couronnes. Ci-dessous, quelques photos de la Montagne d&rsquo;Ambre.<\/p>\n<div id='gallery-6' class='gallery galleryid-8880 gallery-columns-2 gallery-size-habitat_thumb'><figure class='gallery-item'>\n\t\t\t<div class='gallery-icon landscape'>\n\t\t\t\t<a href='https:\/\/www.madcham.de\/wp-content\/uploads\/2014\/09\/Habitat-Montagne-dAmbre-2016-7-e1525190628603.jpg'><img loading=\"lazy\" decoding=\"async\" width=\"650\" height=\"250\" src=\"https:\/\/www.madcham.de\/wp-content\/uploads\/2014\/09\/Habitat-Montagne-dAmbre-2016-7-e1525190628603-650x250.jpg\" class=\"attachment-habitat_thumb size-habitat_thumb\" alt=\"\" \/><\/a>\n\t\t\t<\/div><\/figure><figure class='gallery-item'>\n\t\t\t<div class='gallery-icon landscape'>\n\t\t\t\t<a href='https:\/\/www.madcham.de\/wp-content\/uploads\/2014\/09\/Habitat-Montagne-dAmbre-2016-6-e1525190651125.jpg'><img loading=\"lazy\" decoding=\"async\" width=\"650\" height=\"250\" src=\"https:\/\/www.madcham.de\/wp-content\/uploads\/2014\/09\/Habitat-Montagne-dAmbre-2016-6-e1525190651125-650x250.jpg\" class=\"attachment-habitat_thumb size-habitat_thumb\" alt=\"\" \/><\/a>\n\t\t\t<\/div><\/figure><figure class='gallery-item'>\n\t\t\t<div class='gallery-icon landscape'>\n\t\t\t\t<a href='https:\/\/www.madcham.de\/wp-content\/uploads\/2014\/09\/Habitat-Montagne-dAmbre-2016-4-e1525190930979.jpg'><img loading=\"lazy\" decoding=\"async\" width=\"650\" height=\"250\" src=\"https:\/\/www.madcham.de\/wp-content\/uploads\/2014\/09\/Habitat-Montagne-dAmbre-2016-4-e1525190930979-650x250.jpg\" class=\"attachment-habitat_thumb size-habitat_thumb\" alt=\"\" \/><\/a>\n\t\t\t<\/div><\/figure><figure class='gallery-item'>\n\t\t\t<div class='gallery-icon landscape'>\n\t\t\t\t<a href='https:\/\/www.madcham.de\/wp-content\/uploads\/2014\/01\/Habitat-Montagne-dAmbre-3.jpg'><img loading=\"lazy\" decoding=\"async\" width=\"650\" height=\"250\" src=\"https:\/\/www.madcham.de\/wp-content\/uploads\/2014\/01\/Habitat-Montagne-dAmbre-3-650x250.jpg\" class=\"attachment-habitat_thumb size-habitat_thumb\" alt=\"\" \/><\/a>\n\t\t\t<\/div><\/figure><figure class='gallery-item'>\n\t\t\t<div class='gallery-icon landscape'>\n\t\t\t\t<a href='https:\/\/www.madcham.de\/wp-content\/uploads\/2013\/12\/Habitat-Montagne-dAmbre-2019-13.jpg'><img loading=\"lazy\" decoding=\"async\" width=\"650\" height=\"250\" src=\"https:\/\/www.madcham.de\/wp-content\/uploads\/2013\/12\/Habitat-Montagne-dAmbre-2019-13-650x250.jpg\" class=\"attachment-habitat_thumb size-habitat_thumb\" alt=\"\" \/><\/a>\n\t\t\t<\/div><\/figure><figure class='gallery-item'>\n\t\t\t<div class='gallery-icon landscape'>\n\t\t\t\t<a href='https:\/\/www.madcham.de\/wp-content\/uploads\/2013\/12\/Habitat-Montagne-dAmbre-2019-14.jpg'><img loading=\"lazy\" decoding=\"async\" width=\"650\" height=\"250\" src=\"https:\/\/www.madcham.de\/wp-content\/uploads\/2013\/12\/Habitat-Montagne-dAmbre-2019-14-650x250.jpg\" class=\"attachment-habitat_thumb size-habitat_thumb\" alt=\"\" \/><\/a>\n\t\t\t<\/div><\/figure>\n\t\t<\/div>\n\n<p style=\"text-align: justify;\">Ci-dessous, tu trouveras quelques images \u00e0 360\u00b0 de la Montagne d&rsquo;Ambre que nous avons prises pendant la saison des pluies. En cliquant sur chaque photo, les images s&rsquo;ouvrent en vue agrandie dans une fen\u00eatre s\u00e9par\u00e9e. Avec la souris, on peut tourner dans toutes les directions. Il est \u00e9galement possible d&rsquo;afficher les images en mode plein \u00e9cran. Bon visionnage !<\/p>\n<div style=\"float: left;\">\n<p>&nbsp;<\/p>\n<p><a href=\"https:\/\/app2.ricoh360.com\/viewer\/e5f3f73a-559e-4e19-b827-dce853d8a89d\" target=\"_blank\" rel=\"noopener\"><img loading=\"lazy\" decoding=\"async\" class=\"aligncenter wp-image-14378 size-large\" src=\"https:\/\/www.madcham.de\/wp-content\/uploads\/2014\/09\/Montagne-dAmbre-April-2017-1-1024x576.jpg\" alt=\"\" width=\"1024\" height=\"576\" srcset=\"https:\/\/www.madcham.de\/wp-content\/uploads\/2014\/09\/Montagne-dAmbre-April-2017-1-1024x576.jpg 1024w, https:\/\/www.madcham.de\/wp-content\/uploads\/2014\/09\/Montagne-dAmbre-April-2017-1-300x169.jpg 300w, https:\/\/www.madcham.de\/wp-content\/uploads\/2014\/09\/Montagne-dAmbre-April-2017-1-768x432.jpg 768w, https:\/\/www.madcham.de\/wp-content\/uploads\/2014\/09\/Montagne-dAmbre-April-2017-1-1536x864.jpg 1536w, https:\/\/www.madcham.de\/wp-content\/uploads\/2014\/09\/Montagne-dAmbre-April-2017-1-2048x1152.jpg 2048w, https:\/\/www.madcham.de\/wp-content\/uploads\/2014\/09\/Montagne-dAmbre-April-2017-1-1200x675.jpg 1200w, https:\/\/www.madcham.de\/wp-content\/uploads\/2014\/09\/Montagne-dAmbre-April-2017-1-420x236.jpg 420w, https:\/\/www.madcham.de\/wp-content\/uploads\/2014\/09\/Montagne-dAmbre-April-2017-1-81x46.jpg 81w, https:\/\/www.madcham.de\/wp-content\/uploads\/2014\/09\/Montagne-dAmbre-April-2017-1-200x112.jpg 200w\" sizes=\"(max-width: 1024px) 100vw, 1024px\" \/><\/a><a href=\"https:\/\/app2.ricoh360.com\/viewer\/2e0b4698-d464-4e34-9846-fe49e4195512\" target=\"_blank\" rel=\"noopener\"><img loading=\"lazy\" decoding=\"async\" class=\"aligncenter wp-image-14379 size-large\" src=\"https:\/\/www.madcham.de\/wp-content\/uploads\/2014\/09\/Montagne-dAmbre-April-2017-2-1024x576.jpg\" alt=\"\" width=\"1024\" height=\"576\" srcset=\"https:\/\/www.madcham.de\/wp-content\/uploads\/2014\/09\/Montagne-dAmbre-April-2017-2-1024x576.jpg 1024w, https:\/\/www.madcham.de\/wp-content\/uploads\/2014\/09\/Montagne-dAmbre-April-2017-2-300x169.jpg 300w, https:\/\/www.madcham.de\/wp-content\/uploads\/2014\/09\/Montagne-dAmbre-April-2017-2-768x432.jpg 768w, https:\/\/www.madcham.de\/wp-content\/uploads\/2014\/09\/Montagne-dAmbre-April-2017-2-1536x864.jpg 1536w, https:\/\/www.madcham.de\/wp-content\/uploads\/2014\/09\/Montagne-dAmbre-April-2017-2-2048x1152.jpg 2048w, https:\/\/www.madcham.de\/wp-content\/uploads\/2014\/09\/Montagne-dAmbre-April-2017-2-1200x675.jpg 1200w, https:\/\/www.madcham.de\/wp-content\/uploads\/2014\/09\/Montagne-dAmbre-April-2017-2-420x236.jpg 420w, https:\/\/www.madcham.de\/wp-content\/uploads\/2014\/09\/Montagne-dAmbre-April-2017-2-81x46.jpg 81w, https:\/\/www.madcham.de\/wp-content\/uploads\/2014\/09\/Montagne-dAmbre-April-2017-2-200x112.jpg 200w\" sizes=\"(max-width: 1024px) 100vw, 1024px\" \/><\/a><a href=\"https:\/\/app2.ricoh360.com\/viewer\/fffbca09-b142-4307-a48d-9a2059b88ea9\" target=\"_blank\" rel=\"noopener\"><img loading=\"lazy\" decoding=\"async\" class=\"aligncenter wp-image-14380 size-large\" src=\"https:\/\/www.madcham.de\/wp-content\/uploads\/2014\/09\/Montagne-dAmbre-April-2017-3-1024x576.jpg\" alt=\"\" width=\"1024\" height=\"576\" srcset=\"https:\/\/www.madcham.de\/wp-content\/uploads\/2014\/09\/Montagne-dAmbre-April-2017-3-1024x576.jpg 1024w, https:\/\/www.madcham.de\/wp-content\/uploads\/2014\/09\/Montagne-dAmbre-April-2017-3-300x169.jpg 300w, https:\/\/www.madcham.de\/wp-content\/uploads\/2014\/09\/Montagne-dAmbre-April-2017-3-768x432.jpg 768w, https:\/\/www.madcham.de\/wp-content\/uploads\/2014\/09\/Montagne-dAmbre-April-2017-3-1536x864.jpg 1536w, https:\/\/www.madcham.de\/wp-content\/uploads\/2014\/09\/Montagne-dAmbre-April-2017-3-2048x1152.jpg 2048w, https:\/\/www.madcham.de\/wp-content\/uploads\/2014\/09\/Montagne-dAmbre-April-2017-3-1200x675.jpg 1200w, https:\/\/www.madcham.de\/wp-content\/uploads\/2014\/09\/Montagne-dAmbre-April-2017-3-420x236.jpg 420w, https:\/\/www.madcham.de\/wp-content\/uploads\/2014\/09\/Montagne-dAmbre-April-2017-3-81x46.jpg 81w, https:\/\/www.madcham.de\/wp-content\/uploads\/2014\/09\/Montagne-dAmbre-April-2017-3-200x112.jpg 200w\" sizes=\"(max-width: 1024px) 100vw, 1024px\" \/><\/a><a href=\"https:\/\/app2.ricoh360.com\/viewer\/ed94b4a5-3b1b-4b47-a2d6-c4722d1a1ca8\" target=\"_blank\" rel=\"noopener\"><img loading=\"lazy\" decoding=\"async\" class=\"aligncenter wp-image-14383 size-large\" src=\"https:\/\/www.madcham.de\/wp-content\/uploads\/2014\/09\/Montagne-dAmbre-April-2017-6-1024x576.jpg\" alt=\"\" width=\"1024\" height=\"576\" srcset=\"https:\/\/www.madcham.de\/wp-content\/uploads\/2014\/09\/Montagne-dAmbre-April-2017-6-1024x576.jpg 1024w, https:\/\/www.madcham.de\/wp-content\/uploads\/2014\/09\/Montagne-dAmbre-April-2017-6-300x169.jpg 300w, https:\/\/www.madcham.de\/wp-content\/uploads\/2014\/09\/Montagne-dAmbre-April-2017-6-768x432.jpg 768w, https:\/\/www.madcham.de\/wp-content\/uploads\/2014\/09\/Montagne-dAmbre-April-2017-6-1536x864.jpg 1536w, https:\/\/www.madcham.de\/wp-content\/uploads\/2014\/09\/Montagne-dAmbre-April-2017-6-2048x1152.jpg 2048w, https:\/\/www.madcham.de\/wp-content\/uploads\/2014\/09\/Montagne-dAmbre-April-2017-6-1200x675.jpg 1200w, https:\/\/www.madcham.de\/wp-content\/uploads\/2014\/09\/Montagne-dAmbre-April-2017-6-420x236.jpg 420w, https:\/\/www.madcham.de\/wp-content\/uploads\/2014\/09\/Montagne-dAmbre-April-2017-6-81x46.jpg 81w, https:\/\/www.madcham.de\/wp-content\/uploads\/2014\/09\/Montagne-dAmbre-April-2017-6-200x112.jpg 200w\" sizes=\"(max-width: 1024px) 100vw, 1024px\" \/><\/a><a href=\"https:\/\/app2.ricoh360.com\/viewer\/254f201a-e053-4864-b7df-33583fcb8d70\" target=\"_blank\" rel=\"noopener\"><img loading=\"lazy\" decoding=\"async\" class=\"aligncenter wp-image-14387 size-large\" src=\"https:\/\/www.madcham.de\/wp-content\/uploads\/2014\/09\/Montagne-dAmbre-April-2017-10-1024x576.jpg\" alt=\"\" width=\"1024\" height=\"576\" srcset=\"https:\/\/www.madcham.de\/wp-content\/uploads\/2014\/09\/Montagne-dAmbre-April-2017-10-1024x576.jpg 1024w, https:\/\/www.madcham.de\/wp-content\/uploads\/2014\/09\/Montagne-dAmbre-April-2017-10-300x169.jpg 300w, https:\/\/www.madcham.de\/wp-content\/uploads\/2014\/09\/Montagne-dAmbre-April-2017-10-768x432.jpg 768w, https:\/\/www.madcham.de\/wp-content\/uploads\/2014\/09\/Montagne-dAmbre-April-2017-10-1536x864.jpg 1536w, https:\/\/www.madcham.de\/wp-content\/uploads\/2014\/09\/Montagne-dAmbre-April-2017-10-2048x1152.jpg 2048w, https:\/\/www.madcham.de\/wp-content\/uploads\/2014\/09\/Montagne-dAmbre-April-2017-10-1200x675.jpg 1200w, https:\/\/www.madcham.de\/wp-content\/uploads\/2014\/09\/Montagne-dAmbre-April-2017-10-420x236.jpg 420w, https:\/\/www.madcham.de\/wp-content\/uploads\/2014\/09\/Montagne-dAmbre-April-2017-10-81x46.jpg 81w, https:\/\/www.madcham.de\/wp-content\/uploads\/2014\/09\/Montagne-dAmbre-April-2017-10-200x112.jpg 200w\" sizes=\"(max-width: 1024px) 100vw, 1024px\" \/><\/a><a href=\"https:\/\/app2.ricoh360.com\/viewer\/31fc6078-3757-4ae2-b8f9-0cfaac3cf1fa\" target=\"_blank\" rel=\"noopener\"><img loading=\"lazy\" decoding=\"async\" class=\"aligncenter wp-image-14389 size-large\" src=\"https:\/\/www.madcham.de\/wp-content\/uploads\/2014\/09\/Montagne-dAmbre-April-2017-12-1024x576.jpg\" alt=\"\" width=\"1024\" height=\"576\" srcset=\"https:\/\/www.madcham.de\/wp-content\/uploads\/2014\/09\/Montagne-dAmbre-April-2017-12-1024x576.jpg 1024w, https:\/\/www.madcham.de\/wp-content\/uploads\/2014\/09\/Montagne-dAmbre-April-2017-12-300x169.jpg 300w, https:\/\/www.madcham.de\/wp-content\/uploads\/2014\/09\/Montagne-dAmbre-April-2017-12-768x432.jpg 768w, https:\/\/www.madcham.de\/wp-content\/uploads\/2014\/09\/Montagne-dAmbre-April-2017-12-1536x864.jpg 1536w, https:\/\/www.madcham.de\/wp-content\/uploads\/2014\/09\/Montagne-dAmbre-April-2017-12-2048x1152.jpg 2048w, https:\/\/www.madcham.de\/wp-content\/uploads\/2014\/09\/Montagne-dAmbre-April-2017-12-1200x675.jpg 1200w, https:\/\/www.madcham.de\/wp-content\/uploads\/2014\/09\/Montagne-dAmbre-April-2017-12-420x236.jpg 420w, https:\/\/www.madcham.de\/wp-content\/uploads\/2014\/09\/Montagne-dAmbre-April-2017-12-81x46.jpg 81w, https:\/\/www.madcham.de\/wp-content\/uploads\/2014\/09\/Montagne-dAmbre-April-2017-12-200x112.jpg 200w\" sizes=\"(max-width: 1024px) 100vw, 1024px\" \/><\/a><a href=\"https:\/\/app2.ricoh360.com\/viewer\/e7839a6c-9521-42e8-b9a5-b8a935e7966c\" target=\"_blank\" rel=\"noopener\"><img loading=\"lazy\" decoding=\"async\" class=\"aligncenter wp-image-14390 size-large\" src=\"https:\/\/www.madcham.de\/wp-content\/uploads\/2014\/09\/Montagne-dAmbre-April-2017-13-1024x576.jpg\" alt=\"\" width=\"1024\" height=\"576\" srcset=\"https:\/\/www.madcham.de\/wp-content\/uploads\/2014\/09\/Montagne-dAmbre-April-2017-13-1024x576.jpg 1024w, https:\/\/www.madcham.de\/wp-content\/uploads\/2014\/09\/Montagne-dAmbre-April-2017-13-300x169.jpg 300w, https:\/\/www.madcham.de\/wp-content\/uploads\/2014\/09\/Montagne-dAmbre-April-2017-13-768x432.jpg 768w, https:\/\/www.madcham.de\/wp-content\/uploads\/2014\/09\/Montagne-dAmbre-April-2017-13-1536x864.jpg 1536w, https:\/\/www.madcham.de\/wp-content\/uploads\/2014\/09\/Montagne-dAmbre-April-2017-13-2048x1152.jpg 2048w, https:\/\/www.madcham.de\/wp-content\/uploads\/2014\/09\/Montagne-dAmbre-April-2017-13-1200x675.jpg 1200w, https:\/\/www.madcham.de\/wp-content\/uploads\/2014\/09\/Montagne-dAmbre-April-2017-13-420x236.jpg 420w, https:\/\/www.madcham.de\/wp-content\/uploads\/2014\/09\/Montagne-dAmbre-April-2017-13-81x46.jpg 81w, https:\/\/www.madcham.de\/wp-content\/uploads\/2014\/09\/Montagne-dAmbre-April-2017-13-200x112.jpg 200w\" sizes=\"(max-width: 1024px) 100vw, 1024px\" \/><\/a><\/p>\n<\/div>","protected":false},"excerpt":{"rendered":"<p>Description initiale: Glaw, K\u00f6hler &amp; Vences 2009 Origine du nom de l&rsquo;esp\u00e8ce: L&rsquo;herp\u00e9tologue allemand Frank Glaw a d\u00e9di\u00e9 cette esp\u00e8ce \u00e0 son fils Timon. Frank Glaw travaille \u00e0 la Collection zoologique nationale de Munich (Allemagne) et est responsable d&rsquo;un grand nombre de nouvelles descriptions d&rsquo;esp\u00e8ces de reptiles et d&rsquo;amphibiens de Madagascar au cours des derni\u00e8res d\u00e9cennies. Distribution: Cette belle esp\u00e8ce de cam\u00e9l\u00e9on se trouve exclusivement dans les r\u00e9gions de for\u00eat tropicale du nord et du nord-est de Madagascar. Les zones de distribution comprennent le parc national de Marojejy et le parc national de la Montagne d&rsquo;Ambre. Ici, les animaux se trouvent \u00e0 des altitudes d&rsquo;environ 600 \u00e0 800 m\u00e8tres au-dessus du niveau de la mer. Ils aiment rester dans de tr\u00e8s hauts arbres, ce qui rend bien s\u00fbr la recherche tr\u00e8s difficile. Au cours des derni\u00e8res ann\u00e9es, on a pu trouver cette esp\u00e8ce r\u00e9guli\u00e8rement dans la partie nord-est du parc national de la Montagne d&rsquo;Ambre, mais les m\u00e2les sont tr\u00e8s rares. Lorsque les m\u00e2les sont \u00ab\u00a0bas\u00a0\u00bb sur leur chemin, on peut encore souvent les trouver \u00e0 une hauteur de quatre \u00e0 cinq m\u00e8tres. Apparence et taille: Les m\u00e2les de Furcifer timoni ont deux extensions de nez pointues et sont principalement&#8230;<\/p>\n","protected":false},"author":3,"featured_media":787,"comment_status":"closed","ping_status":"closed","sticky":false,"template":"","format":"gallery","meta":{"_monsterinsights_skip_tracking":false,"_monsterinsights_sitenote_active":false,"_monsterinsights_sitenote_note":"","_monsterinsights_sitenote_category":0,"footnotes":""},"categories":[27],"tags":[1455,925,67,924,61,1451,265,255,206,157,927,926,1452,584,723],"_links":{"self":[{"href":"https:\/\/www.madcham.de\/fr\/wp-json\/wp\/v2\/posts\/104"}],"collection":[{"href":"https:\/\/www.madcham.de\/fr\/wp-json\/wp\/v2\/posts"}],"about":[{"href":"https:\/\/www.madcham.de\/fr\/wp-json\/wp\/v2\/types\/post"}],"author":[{"embeddable":true,"href":"https:\/\/www.madcham.de\/fr\/wp-json\/wp\/v2\/users\/3"}],"replies":[{"embeddable":true,"href":"https:\/\/www.madcham.de\/fr\/wp-json\/wp\/v2\/comments?post=104"}],"version-history":[{"count":43,"href":"https:\/\/www.madcham.de\/fr\/wp-json\/wp\/v2\/posts\/104\/revisions"}],"predecessor-version":[{"id":14415,"href":"https:\/\/www.madcham.de\/fr\/wp-json\/wp\/v2\/posts\/104\/revisions\/14415"}],"wp:featuredmedia":[{"embeddable":true,"href":"https:\/\/www.madcham.de\/fr\/wp-json\/wp\/v2\/media\/787"}],"wp:attachment":[{"href":"https:\/\/www.madcham.de\/fr\/wp-json\/wp\/v2\/media?parent=104"}],"wp:term":[{"taxonomy":"category","embeddable":true,"href":"https:\/\/www.madcham.de\/fr\/wp-json\/wp\/v2\/categories?post=104"},{"taxonomy":"post_tag","embeddable":true,"href":"https:\/\/www.madcham.de\/fr\/wp-json\/wp\/v2\/tags?post=104"}],"curies":[{"name":"wp","href":"https:\/\/api.w.org\/{rel}","templated":true}]}}