{"id":15212,"date":"2025-11-01T13:55:39","date_gmt":"2025-11-01T12:55:39","guid":{"rendered":"https:\/\/www.madcham.de\/?p=15212"},"modified":"2025-11-15T17:29:33","modified_gmt":"2025-11-15T16:29:33","slug":"calumma-gallus","status":"publish","type":"post","link":"https:\/\/www.madcham.de\/fr\/calumma-gallus\/","title":{"rendered":"Calumma gallus"},"content":{"rendered":"<div class=\"simple-alert-boxes sab_danger sab_normal \">\r\n\t\t<strong>Quotas CITES<\/strong><br \/>\nAucune exportation l\u00e9gale possible\t<\/div>\r\n\t\n<h4>Premi\u00e8re description :<a href=\"https:\/\/www.iucnredlist.org\/species\/176303\/7213908\" target=\"_blank\" rel=\"noopener\"><img loading=\"lazy\" decoding=\"async\" class=\"alignright wp-image-13128\" src=\"https:\/\/www.madcham.de\/wp-content\/uploads\/2023\/03\/IUCN-Status-endangered.jpg\" alt=\"IUCN Red List: endangered\" width=\"80\" height=\"79\" srcset=\"https:\/\/www.madcham.de\/wp-content\/uploads\/2023\/03\/IUCN-Status-endangered.jpg 150w, https:\/\/www.madcham.de\/wp-content\/uploads\/2023\/03\/IUCN-Status-endangered-81x80.jpg 81w\" sizes=\"(max-width: 80px) 100vw, 80px\" \/><\/a><\/h4>\n<p>(G\u00fcnther, 1877) <a href=\"https:\/\/www.biodiversitylibrary.org\/page\/19241599#page\/329\/mode\/1up\" target=\"_blank\" rel=\"noopener noreferrer\"><img loading=\"lazy\" decoding=\"async\" class=\"alignnone wp-image-9195 size-full\" src=\"https:\/\/www.madcham.de\/wp-content\/uploads\/2014\/09\/pdf-Logo.png?_t=1586766087\" alt=\"\" width=\"44\" height=\"21\" \/><\/a><\/p>\n<h4>Origine du nom de l&rsquo;esp\u00e8ce :<\/h4>\n<p style=\"text-align: justify;\">Le zoologiste allemand Albert Carl Ludwig Gotthilf G\u00fcnther, alors directeur du d\u00e9partement zoologique du Mus\u00e9e d&rsquo;histoire naturelle de Londres (Grande-Bretagne), a d\u00e9crit cette esp\u00e8ce de cam\u00e9l\u00e9on en quelques phrases. Il n&rsquo;a malheureusement jamais r\u00e9v\u00e9l\u00e9 pourquoi il avait choisi le mot latin gallus, qui signifie \u00ab gaulois \u00bb ou \u00ab Gaulois \u00bb.<\/p>\n<div>\t\t<div id=\"maps-marker-pro-8324dbcd\" class=\"maps-marker-pro\" style=\"width: 300px;\">\n\t\t\t<div id=\"mmp-map-wrap-8324dbcd\" class=\"mmp-map-wrap\">\n\t\t\t\t\t\t\t\t\t<div id=\"mmp-panel-8324dbcd\" class=\"mmp-panel\"><\/div>\n\t\t\t\t\t\t\t\t<div id=\"mmp-map-8324dbcd\" class=\"mmp-map\" style=\"height: 300px;\"><\/div>\n\t\t\t\t\t\t\t<\/div>\n\t\t\t\t\t<\/div>\n\t\t<\/div>\n<h4>Distribution :<\/h4>\n<p style=\"text-align: justify;\"><em>Calumma gallus<\/em> habite plusieurs for\u00eats tropicales et fragments forestiers dans le centre et le centre-sud-est de Madagascar, qui sont tous rarement visit\u00e9s par les voyageurs. Il s&rsquo;agit notamment des vestiges forestiers pr\u00e8s de Tarzanville et Ambatofotsy, ainsi que de la for\u00eat tropicale de Tsinjoarivo dans les hautes terres et des fragments forestiers pr\u00e8s de Bac Salehy et Mahanoro, directement sur la c\u00f4te est. Mahanoro est d&rsquo;ailleurs la localit\u00e9 type, c&rsquo;est-\u00e0-dire l&rsquo;endroit o\u00f9 l&rsquo;esp\u00e8ce a \u00e9t\u00e9 d\u00e9couverte pour la premi\u00e8re fois.<\/p>\n<h4>Apparence et taille :<\/h4>\n<p style=\"text-align: justify;\">Avec une longueur totale de 93 mm, cette esp\u00e8ce fait partie des petits cam\u00e9l\u00e9ons. Les m\u00e2les ont un long appendice nasal pointu et \u00e9lastique, dont le profil lat\u00e9ral ressemble \u00e0 une dent de scie. Chez les femelles, l&rsquo;appendice nasal est plus court, en forme de feuille et rouge. Le casque est plat, mais nettement s\u00e9par\u00e9 du dos.<\/p>\n<h4>Pourquoi y a-t-il une page d\u00e9di\u00e9e \u00e0 cette esp\u00e8ce alors qu&rsquo;il n&rsquo;y a pas de photos ?<\/h4>\n<p style=\"text-align: justify;\">Jusqu&rsquo;en 2025, on consid\u00e9rait principalement l&rsquo;esp\u00e8ce <a href=\"https:\/\/www.madcham.de\/calumma-pinocchio\/\"><em>Calumma pinocchio<\/em><\/a>, tr\u00e8s similaire, originaire de la r\u00e9gion de Vohimana, comme \u00e9tant <em>Calumma gallus<\/em>. Les deux esp\u00e8ces sont g\u00e9n\u00e9tiquement diff\u00e9rentes. Ext\u00e9rieurement, <em>Calumma gallus<\/em> se reconna\u00eet aux \u00e9cailles en forme de dents de scie sur le nez des m\u00e2les, qui est compl\u00e8tement lisse chez <em>Calumma pinocchio<\/em>. Afin de clarifier la confusion entre les deux esp\u00e8ces, nous avons laiss\u00e9 cette page telle quelle et ajouterons de nouvelles photos de cam\u00e9l\u00e9ons en temps voulu. Nous disposons certes de tr\u00e8s anciennes photos sur diapositives, mais celles-ci ne sont pas vraiment adapt\u00e9es \u00e0 Internet.<\/p>\n<h4>Habitat :<\/h4>\n<p>Les photos suivront prochainement.","protected":false},"excerpt":{"rendered":"<p>Premi\u00e8re description : (G\u00fcnther, 1877) Origine du nom de l&rsquo;esp\u00e8ce : Le zoologiste allemand Albert Carl Ludwig Gotthilf G\u00fcnther, alors directeur du d\u00e9partement zoologique du Mus\u00e9e d&rsquo;histoire naturelle de Londres (Grande-Bretagne), a d\u00e9crit cette esp\u00e8ce de cam\u00e9l\u00e9on en quelques phrases. Il n&rsquo;a malheureusement jamais r\u00e9v\u00e9l\u00e9 pourquoi il avait choisi le mot latin gallus, qui signifie \u00ab gaulois \u00bb ou \u00ab Gaulois \u00bb. Distribution : Calumma gallus habite plusieurs for\u00eats tropicales et fragments forestiers dans le centre et le centre-sud-est de Madagascar, qui sont tous rarement visit\u00e9s par les voyageurs. Il s&rsquo;agit notamment des vestiges forestiers pr\u00e8s de Tarzanville et Ambatofotsy, ainsi que de la for\u00eat tropicale de Tsinjoarivo dans les hautes terres et des fragments forestiers pr\u00e8s de Bac Salehy et Mahanoro, directement sur la c\u00f4te est. Mahanoro est d&rsquo;ailleurs la localit\u00e9 type, c&rsquo;est-\u00e0-dire l&rsquo;endroit o\u00f9 l&rsquo;esp\u00e8ce a \u00e9t\u00e9 d\u00e9couverte pour la premi\u00e8re fois. Apparence et taille : Avec une longueur totale de 93 mm, cette esp\u00e8ce fait partie des petits cam\u00e9l\u00e9ons. Les m\u00e2les ont un long appendice nasal pointu et \u00e9lastique, dont le profil lat\u00e9ral ressemble \u00e0 une dent de scie. Chez les femelles, l&rsquo;appendice nasal est plus court, en forme de feuille et rouge. Le casque est plat,&#8230;<\/p>\n","protected":false},"author":3,"featured_media":8215,"comment_status":"closed","ping_status":"closed","sticky":false,"template":"","format":"gallery","meta":{"_monsterinsights_skip_tracking":false,"_monsterinsights_sitenote_active":false,"_monsterinsights_sitenote_note":"","_monsterinsights_sitenote_category":0,"footnotes":""},"categories":[26],"tags":[1461,952,53,227,951,160,953,61,162,1451,266,255,1452,584,723,237],"_links":{"self":[{"href":"https:\/\/www.madcham.de\/fr\/wp-json\/wp\/v2\/posts\/15212"}],"collection":[{"href":"https:\/\/www.madcham.de\/fr\/wp-json\/wp\/v2\/posts"}],"about":[{"href":"https:\/\/www.madcham.de\/fr\/wp-json\/wp\/v2\/types\/post"}],"author":[{"embeddable":true,"href":"https:\/\/www.madcham.de\/fr\/wp-json\/wp\/v2\/users\/3"}],"replies":[{"embeddable":true,"href":"https:\/\/www.madcham.de\/fr\/wp-json\/wp\/v2\/comments?post=15212"}],"version-history":[{"count":7,"href":"https:\/\/www.madcham.de\/fr\/wp-json\/wp\/v2\/posts\/15212\/revisions"}],"predecessor-version":[{"id":15375,"href":"https:\/\/www.madcham.de\/fr\/wp-json\/wp\/v2\/posts\/15212\/revisions\/15375"}],"wp:featuredmedia":[{"embeddable":true,"href":"https:\/\/www.madcham.de\/fr\/wp-json\/wp\/v2\/media\/8215"}],"wp:attachment":[{"href":"https:\/\/www.madcham.de\/fr\/wp-json\/wp\/v2\/media?parent=15212"}],"wp:term":[{"taxonomy":"category","embeddable":true,"href":"https:\/\/www.madcham.de\/fr\/wp-json\/wp\/v2\/categories?post=15212"},{"taxonomy":"post_tag","embeddable":true,"href":"https:\/\/www.madcham.de\/fr\/wp-json\/wp\/v2\/tags?post=15212"}],"curies":[{"name":"wp","href":"https:\/\/api.w.org\/{rel}","templated":true}]}}