{"id":1624,"date":"2018-05-18T13:38:41","date_gmt":"2018-05-18T11:38:41","guid":{"rendered":"http:\/\/www.madcham.com\/?p=1624"},"modified":"2025-11-15T17:44:09","modified_gmt":"2025-11-15T16:44:09","slug":"brookesia-vadoni","status":"publish","type":"post","link":"https:\/\/www.madcham.de\/fr\/brookesia-vadoni\/","title":{"rendered":"Brookesia vadoni"},"content":{"rendered":"<div class=\"simple-alert-boxes sab_danger sab_normal \">\r\n\t\t<strong>Quotas CITES<\/strong><br \/>\npas d&rsquo;exportation l\u00e9gale possible\t<\/div>\r\n\t\n<h4><\/h4>\n<h4>Description initiale:<a href=\"https:\/\/www.iucnredlist.org\/species\/172858\/6930812\" target=\"_blank\" rel=\"noopener\"><img loading=\"lazy\" decoding=\"async\" class=\"alignright wp-image-13121\" src=\"https:\/\/www.madcham.de\/wp-content\/uploads\/2014\/09\/IUCn-Status-vulnerable.jpg\" alt=\"IUCN Red List: vulnerable\" width=\"80\" height=\"80\" srcset=\"https:\/\/www.madcham.de\/wp-content\/uploads\/2014\/09\/IUCn-Status-vulnerable.jpg 150w, https:\/\/www.madcham.de\/wp-content\/uploads\/2014\/09\/IUCn-Status-vulnerable-81x81.jpg 81w\" sizes=\"(max-width: 80px) 100vw, 80px\" \/><\/a><\/h4>\n<p>Brygoo &amp; Domergue, 1968 <a href=\"https:\/\/www.biodiversitylibrary.org\/page\/55343848#page\/699\/mode\/1up\" target=\"_blank\" rel=\"noopener noreferrer\"><img loading=\"lazy\" decoding=\"async\" class=\"alignnone wp-image-9195 size-full\" style=\"margin-left: 10px; margin-top: 15px;\" src=\"https:\/\/www.madcham.de\/wp-content\/uploads\/2014\/09\/pdf-Logo.png?_t=1586766087\" alt=\"\" width=\"44\" height=\"21\" \/><\/a><\/p>\n<h4>Origine du nom de l&rsquo;esp\u00e8ce:<\/h4>\n<p style=\"text-align: justify;\">\u00c9douard-Raoul Brygoo et Charles Antoine Domergue ont \u00e9t\u00e9 amen\u00e9s deux <em>Brookesia vadoni<\/em> \u00e0 l&rsquo;Institut Pasteur d&rsquo;Antananarivo en 1967 par les deux entomologistes Jean-Pierre L\u00e9opold Vadon et Jean-Marie Betsch. Les animaux avaient \u00e9t\u00e9 collect\u00e9s \u00e0 l&rsquo;origine par Andr\u00e9 Peyri\u00e9ras \u00e0 Masoala. Les deux petits cam\u00e9l\u00e9ons de terre ont v\u00e9cu deux mois avant de mourir par manque de connaissances sur les conditions d&rsquo;\u00e9levage et d&rsquo;alimentation. En 1968, Peyri\u00e9ras a envoy\u00e9 deux autres animaux dans la capitale de Madagascar. Brygoo et Domergue, qui plus tard ont tous deux travaill\u00e9 au Mus\u00e9e d&rsquo;histoire naturelle de Paris, ont finalement donn\u00e9 le nom de Vadon \u00e0 l&rsquo;esp\u00e8ce. Vadon vivait \u00e0 Maroantsetra depuis 1934 et \u00e9tait consul de France. Il est rest\u00e9 \u00e0 Madagascar jusqu&rsquo;\u00e0 la fin de sa vie et a d\u00e9crit diff\u00e9rentes esp\u00e8ces d&rsquo;insectes.<\/p>\n<div style=\"float: right; margin: 20px;\">\t\t<div id=\"maps-marker-pro-2b4e7f3a\" class=\"maps-marker-pro\" style=\"width: 300px;\">\n\t\t\t<div id=\"mmp-map-wrap-2b4e7f3a\" class=\"mmp-map-wrap\">\n\t\t\t\t\t\t\t\t\t<div id=\"mmp-panel-2b4e7f3a\" class=\"mmp-panel\"><\/div>\n\t\t\t\t\t\t\t\t<div id=\"mmp-map-2b4e7f3a\" class=\"mmp-map\" style=\"height: 300px;\"><\/div>\n\t\t\t\t\t\t\t<\/div>\n\t\t\t\t\t<\/div>\n\t\t<\/div>\n<h4>Distribution:<\/h4>\n<p style=\"text-align: justify;\"><em>Brookesia vadoni<\/em> est pr\u00e9sent dans le nord-est de Madagascar dans de minuscules zones isol\u00e9es du Parc National de Marojejy, d&rsquo;Anjanaharibe-Sud et du Parc National de Masoala. Ils vivent dans le feuillage des for\u00eats tropicales. Jusqu&rsquo;\u00e0 pr\u00e9sent, nous avons pu trouver l&rsquo;esp\u00e8ce \u00e0 Marojejy dans des gorges tr\u00e8s inaccessibles, sur une surface extr\u00eamement limit\u00e9e de moins de 100 m\u00b2. Malgr\u00e9 la connaissance de leurs habitats, <em>Brookesia vadoni<\/em> est incroyablement difficile \u00e0 d\u00e9tecter dans le feuillage dense. On ignore combien d&rsquo;animaux sont encore pr\u00e9sents. A Masoala, seulement seulement quelques animaux de cette esp\u00e8ce a \u00e9t\u00e9 trouv\u00e9 ces derni\u00e8res ann\u00e9es.<strong><br \/>\n<\/strong><\/p>\n<h4>Apparence &amp; taille:<\/h4>\n<div id=\"attachment_11960\" style=\"width: 310px\" class=\"wp-caption alignright\"><a href=\"https:\/\/www.madcham.de\/wp-content\/uploads\/2018\/05\/Brookesia-vadoni-male-Marojejy-2022-4.jpg\"><img loading=\"lazy\" decoding=\"async\" aria-describedby=\"caption-attachment-11960\" class=\"size-medium wp-image-11960\" src=\"https:\/\/www.madcham.de\/wp-content\/uploads\/2018\/05\/Brookesia-vadoni-male-Marojejy-2022-4-300x200.jpg\" alt=\"\" width=\"300\" height=\"200\" srcset=\"https:\/\/www.madcham.de\/wp-content\/uploads\/2018\/05\/Brookesia-vadoni-male-Marojejy-2022-4-300x200.jpg 300w, https:\/\/www.madcham.de\/wp-content\/uploads\/2018\/05\/Brookesia-vadoni-male-Marojejy-2022-4-1024x683.jpg 1024w, https:\/\/www.madcham.de\/wp-content\/uploads\/2018\/05\/Brookesia-vadoni-male-Marojejy-2022-4-768x512.jpg 768w, https:\/\/www.madcham.de\/wp-content\/uploads\/2018\/05\/Brookesia-vadoni-male-Marojejy-2022-4-1157x771.jpg 1157w, https:\/\/www.madcham.de\/wp-content\/uploads\/2018\/05\/Brookesia-vadoni-male-Marojejy-2022-4-420x280.jpg 420w, https:\/\/www.madcham.de\/wp-content\/uploads\/2018\/05\/Brookesia-vadoni-male-Marojejy-2022-4-81x54.jpg 81w, https:\/\/www.madcham.de\/wp-content\/uploads\/2018\/05\/Brookesia-vadoni-male-Marojejy-2022-4-200x133.jpg 200w, https:\/\/www.madcham.de\/wp-content\/uploads\/2018\/05\/Brookesia-vadoni-male-Marojejy-2022-4.jpg 1200w\" sizes=\"(max-width: 300px) 100vw, 300px\" \/><\/a><p id=\"caption-attachment-11960\" class=\"wp-caption-text\"><em>Brookesia vadoni<\/em>, assis sur un index humain pour comparaison de taille<\/p><\/div>\n<p style=\"text-align: justify;\">Avec une taille de 57 \u00e0 58 mm, il appartient \u00e0 l&rsquo;esp\u00e8ce de taille moyenne parmi les cam\u00e9l\u00e9ons de terre. Les couleurs vives et color\u00e9es de cette esp\u00e8ce, qu&rsquo;aucun autre <em>Brookesia<\/em> ne montre, sont frappantes. Les m\u00e2les de <em>Brookesia vadoni<\/em> portent une robe jaune-bleu tachet\u00e9e aux nuances variables. Les deux sexes pr\u00e9sentent \u00e9galement neuf \u00ab\u00a0\u00e9pines\u00a0\u00bb appari\u00e9es sur le c\u00f4t\u00e9, qui se poursuivent sur la queue. Ils ont la tuberculose au menton et une \u00e9l\u00e9vation distincte entre le nez et les yeux, et deux extensions distinctes au-dessus des yeux. La couleur de la t\u00eate de la population de Marojejy est jaune, alors que les animaux de Masoala ont la t\u00eate verte. Les femelles sont g\u00e9n\u00e9ralement un peu plus discr\u00e8tes, elles portent un brun fonc\u00e9 avec des bandes jaunes en forme de fl\u00e8che sur les c\u00f4t\u00e9s. Nous avons cependant d\u00e9j\u00e0 trouv\u00e9 des femelles isol\u00e9es dont la couleur n&rsquo;avait rien \u00e0 envier aux m\u00e2les.<\/p>\n<h4>Particularit\u00e9s:<\/h4>\n<p>La couleur et l&rsquo;apparence sont extr\u00eamement inhabituelles pour les petites cam\u00e9l\u00e9ons terrestres, qui ne sont autrement que marron \u00e0 beige.<\/p>\n<p>&nbsp;<\/p>\n\t\t\t\t\t\t<style>\r\n\t\t\t\t\r\n\t\t\t\t\t#tab_container_8886 {\r\n\toverflow:hidden;\r\n\tdisplay:block;\r\n\twidth:100%;\r\n\tborder:0px solid #ddd;\r\n\tmargin-bottom:30px;\r\n\t}\r\n\r\n#tab_container_8886 .tab-content{\r\n\tpadding:20px;\r\n\tborder: 1px solid #e6e6e6 !important;\r\n\tmargin-top: 0px;\r\n\tbackground-color:#ffffff !important;\r\n\tcolor: #3e3e3e !important;\r\n\tfont-size:13px !important;\r\n\tfont-family: Open Sans !important;\r\n\t\r\n\t\tborder: 1px solid #e6e6e6 !important;\r\n\t}\r\n#tab_container_8886 .wpsm_nav-tabs {\r\n    border-bottom: 0px solid #ddd;\r\n}\r\n#tab_container_8886 .wpsm_nav-tabs > li.active > a, #tab_container_8886 .wpsm_nav-tabs > li.active > a:hover, #tab_container_8886 .wpsm_nav-tabs > li.active > a:focus {\r\n\tcolor: #3e3e3e !important;\r\n\tcursor: default;\r\n\tbackground-color: #ffffff !important;\r\n\tborder: 1px solid #e6e6e6 !important;\r\n}\r\n\r\n#tab_container_8886 .wpsm_nav-tabs > li > a {\r\n    margin-right: 0px !important; \r\n    line-height: 1.42857143 !important;\r\n    border: 1px solid #d5d5d5 !important;\r\n    border-radius: 0px 0px 0 0 !important; \r\n\tbackground-color: #e8e8e8 !important;\r\n\tcolor: #3e3e3e !important;\r\n\tpadding: 15px 18px 15px 18px !important;\r\n\ttext-decoration: none !important;\r\n\tfont-size: 13px !important;\r\n\ttext-align:center !important;\r\n\tfont-family: Open Sans !important;\r\n}\r\n#tab_container_8886 .wpsm_nav-tabs > li > a:focus {\r\noutline: 0px !important;\r\n}\r\n\r\n#tab_container_8886 .wpsm_nav-tabs > li > a:before {\r\n\tdisplay:none !important;\r\n}\r\n#tab_container_8886 .wpsm_nav-tabs > li > a:after {\r\n\tdisplay:none !important ;\r\n}\r\n#tab_container_8886 .wpsm_nav-tabs > li{\r\npadding:0px !important ;\r\nmargin:0px;\r\n}\r\n\r\n#tab_container_8886 .wpsm_nav-tabs > li > a:hover , #tab_container_8886 .wpsm_nav-tabs > li > a:focus {\r\n    color: #3e3e3e !important;\r\n    background-color: #e8e8e8 !important;\r\n\tborder: 1px solid #d5d5d5 !important;\r\n\t\r\n}\r\n#tab_container_8886 .wpsm_nav-tabs > li > a .fa{\r\n\r\nmargin-right:5px !important;\r\n\r\nmargin-left:5px !important;\r\n\r\n\r\n}\r\n\r\n\t\t#tab_container_8886 .wpsm_nav-tabs a{\r\n\t\t\tbackground-image: none;\r\n\t\t\tbackground-position: 0 0;\r\n\t\t\tbackground-repeat: repeat-x;\r\n\t\t}\r\n\t\t\t\r\n\r\n\r\n#tab_container_8886 .wpsm_nav-tabs > li {\r\n    float: left;\r\n    margin-bottom: -1px !important;\r\n\tmargin-right:0px !important; \r\n}\r\n\r\n\r\n#tab_container_8886 .tab-content{\r\noverflow:hidden !important;\r\n}\r\n\r\n\r\n@media (min-width: 769px) {\r\n\r\n\t#tab_container_8886 .wpsm_nav-tabs > li{\r\n\t\tfloat:left !important ;\r\n\t\t\t\tmargin-right:-1px !important;\r\n\t\t\t\t\t}\r\n\t#tab_container_8886 .wpsm_nav-tabs{\r\n\t\tfloat:none !important;\r\n\t\tmargin:0px !important;\r\n\t}\r\n\r\n\t#tab_container_8886 .wpsm_nav-tabs > li {\r\n\t\t\t\t\r\n\t}\r\n\t#tab_container_8886 .wpsm_nav{\r\n\t\t\t}\r\n\r\n}\r\n\r\n\r\n\r\n@media (max-width: 768px) {\r\n\t#tab_container_8886 .wpsm_nav-tabs > li {\r\n\t\t\t\t\r\n\t}\r\n\t#tab_container_8886 .wpsm_nav{\r\n\t\t\t}\r\n}\r\n\r\n\r\n\t.wpsm_nav-tabs li:before{\r\n\t\tdisplay:none !important;\r\n\t}\r\n\r\n\t@media (max-width: 768px) {\r\n\t\t\t\t\r\n\t\t\t\t.wpsm_nav-tabs{\r\n\t\t\tmargin-left:0px !important;\r\n\t\t\tmargin-right:0px !important; \r\n\t\t\t\r\n\t\t}\r\n\t\t\t\t#tab_container_8886 .wpsm_nav-tabs > li{\r\n\t\t\tfloat:none !important;\r\n\t\t}\r\n\t\t\t\r\n\t}\t\t\t\t<\/style>\r\n\t\t\t\t<div id=\"tab_container_8886\" >\r\n\t \r\n\t\t\t\t\t<ul class=\"wpsm_nav wpsm_nav-tabs\" role=\"tablist\" id=\"myTab_8886\">\r\n\t\t\t\t\t\t\t\r\n\t\t\t\t\t\t\t<li role=\"presentation\"  class=\"active\"  onclick=\"do_resize()\">\r\n\t\t\t\t\t\t\t\t<a href=\"#tabs_desc_8886_1\" aria-controls=\"tabs_desc_8886_1\" role=\"tab\" data-toggle=\"tab\">\r\n\t\t\t\t\t\t\t\t\t\r\n\t\t\t\t\t\t\t\t\t\t\t\t\t\t\t\t\t\t\t\t\t\t\t\t\t\t\t\t\t\t\t<i class=\"fa fa-calendar\"><\/i> \t\t\t\t\t\t\t\t\t\t\t\t\t\t\t\t\t\t\t\r\n\t\t\t\t\t\t\t\t\t\t\t\t\t\t\t\t\t\t\r\n\t\t\t\t\t\t\t\t\t<span>Tableau du climat<\/span>\r\n\t\t\t\t\t\t\t\t\t\r\n\t\t\t\t\t\t\t\t\t\t\t\t\t\t\t\t\t\t\r\n\t\t\t\t\t\t\t\t\t\t\t\t\t\t\t\t\t\t\t\t\r\n\t\t\t\t\t\t\t\t\t\r\n\t\t\t\t\t\t\t\t<\/a>\r\n\t\t\t\t\t\t\t<\/li>\r\n\t\t\t\t\t\t\t\r\n\t\t\t\t\t\t\t<li role=\"presentation\"  onclick=\"do_resize()\">\r\n\t\t\t\t\t\t\t\t<a href=\"#tabs_desc_8886_2\" aria-controls=\"tabs_desc_8886_2\" role=\"tab\" data-toggle=\"tab\">\r\n\t\t\t\t\t\t\t\t\t\r\n\t\t\t\t\t\t\t\t\t\t\t\t\t\t\t\t\t\t\t\t\t\t\t\t\t\t\t\t\t\t\t<i class=\"fa fa-cloud\"><\/i> \t\t\t\t\t\t\t\t\t\t\t\t\t\t\t\t\t\t\t\r\n\t\t\t\t\t\t\t\t\t\t\t\t\t\t\t\t\t\t\r\n\t\t\t\t\t\t\t\t\t<span>En savoir plus<\/span>\r\n\t\t\t\t\t\t\t\t\t\r\n\t\t\t\t\t\t\t\t\t\t\t\t\t\t\t\t\t\t\r\n\t\t\t\t\t\t\t\t\t\t\t\t\t\t\t\t\t\t\t\t\r\n\t\t\t\t\t\t\t\t\t\r\n\t\t\t\t\t\t\t\t<\/a>\r\n\t\t\t\t\t\t\t<\/li>\r\n\t\t\t\t\t\t\t\r\n\t\t\t\t\t\t\t<li role=\"presentation\"  onclick=\"do_resize()\">\r\n\t\t\t\t\t\t\t\t<a href=\"#tabs_desc_8886_3\" aria-controls=\"tabs_desc_8886_3\" role=\"tab\" data-toggle=\"tab\">\r\n\t\t\t\t\t\t\t\t\t\r\n\t\t\t\t\t\t\t\t\t\t\t\t\t\t\t\t\t\t\t\t\t\t\t\t\t\t\t\t\t\t\t<i class=\"fa fa-sun-o\"><\/i> \t\t\t\t\t\t\t\t\t\t\t\t\t\t\t\t\t\t\t\r\n\t\t\t\t\t\t\t\t\t\t\t\t\t\t\t\t\t\t\r\n\t\t\t\t\t\t\t\t\t<span>Indices UVB<\/span>\r\n\t\t\t\t\t\t\t\t\t\r\n\t\t\t\t\t\t\t\t\t\t\t\t\t\t\t\t\t\t\r\n\t\t\t\t\t\t\t\t\t\t\t\t\t\t\t\t\t\t\t\t\r\n\t\t\t\t\t\t\t\t\t\r\n\t\t\t\t\t\t\t\t<\/a>\r\n\t\t\t\t\t\t\t<\/li>\r\n\t\t\t\t\t\t\t\r\n\t\t\t\t\t\t\t<li role=\"presentation\"  onclick=\"do_resize()\">\r\n\t\t\t\t\t\t\t\t<a href=\"#tabs_desc_8886_4\" aria-controls=\"tabs_desc_8886_4\" role=\"tab\" data-toggle=\"tab\">\r\n\t\t\t\t\t\t\t\t\t\r\n\t\t\t\t\t\t\t\t\t\t\t\t\t\t\t\t\t\t\t\t\t\t\t\t\t\t\t\t\t\t\t<i class=\"fa fa-leaf\"><\/i> \t\t\t\t\t\t\t\t\t\t\t\t\t\t\t\t\t\t\t\r\n\t\t\t\t\t\t\t\t\t\t\t\t\t\t\t\t\t\t\r\n\t\t\t\t\t\t\t\t\t<span>Temp\u00e9ratures du sol<\/span>\r\n\t\t\t\t\t\t\t\t\t\r\n\t\t\t\t\t\t\t\t\t\t\t\t\t\t\t\t\t\t\r\n\t\t\t\t\t\t\t\t\t\t\t\t\t\t\t\t\t\t\t\t\r\n\t\t\t\t\t\t\t\t\t\r\n\t\t\t\t\t\t\t\t<\/a>\r\n\t\t\t\t\t\t\t<\/li>\r\n\t\t\t\t\t\t\t\r\n\t\t\t\t\t\t\t<li role=\"presentation\"  onclick=\"do_resize()\">\r\n\t\t\t\t\t\t\t\t<a href=\"#tabs_desc_8886_5\" aria-controls=\"tabs_desc_8886_5\" role=\"tab\" data-toggle=\"tab\">\r\n\t\t\t\t\t\t\t\t\t\r\n\t\t\t\t\t\t\t\t\t\t\t\t\t\t\t\t\t\t\t\t\t\t\t\t\t\t\t\t\t\t\t<i class=\"fa fa-arrow-circle-o-down\"><\/i> \t\t\t\t\t\t\t\t\t\t\t\t\t\t\t\t\t\t\t\r\n\t\t\t\t\t\t\t\t\t\t\t\t\t\t\t\t\t\t\r\n\t\t\t\t\t\t\t\t\t<span>Pression atmosph\u00e9rique<\/span>\r\n\t\t\t\t\t\t\t\t\t\r\n\t\t\t\t\t\t\t\t\t\t\t\t\t\t\t\t\t\t\r\n\t\t\t\t\t\t\t\t\t\t\t\t\t\t\t\t\t\t\t\t\r\n\t\t\t\t\t\t\t\t\t\r\n\t\t\t\t\t\t\t\t<\/a>\r\n\t\t\t\t\t\t\t<\/li>\r\n\t\t\t\t\t\t\t\t\t\t\t <\/ul>\r\n\r\n\t\t\t\t\t  <!-- Tab panes -->\r\n\t\t\t\t\t  <div class=\"tab-content\" id=\"tab-content_8886\">\r\n\t\t\t\t\t\t\t\t\t\t\t\t <div role=\"tabpanel\" class=\"tab-pane  in active \" id=\"tabs_desc_8886_1\">\r\n\t\t\t\t\t\t\t\t<table style=\"height: 186px\" width=\"990\">\r\n<tbody>\r\n<tr>\r\n<td><\/td>\r\n<td>Jan<\/td>\r\n<td>Feb<\/td>\r\n<td>Mar<\/td>\r\n<td>Apr<\/td>\r\n<td>Mai<\/td>\r\n<td>Jun<\/td>\r\n<td>Jul<\/td>\r\n<td>Aug<\/td>\r\n<td>Sep<\/td>\r\n<td>Okt<\/td>\r\n<td>Nov<\/td>\r\n<td>Dez<\/td>\r\n<\/tr>\r\n<tr>\r\n<td>Temp\u00e9rature moyenne<\/td>\r\n<td>26<\/td>\r\n<td>26<\/td>\r\n<td>26<\/td>\r\n<td>25<\/td>\r\n<td>25<\/td>\r\n<td>23<\/td>\r\n<td>23<\/td>\r\n<td>22<\/td>\r\n<td>23<\/td>\r\n<td>24<\/td>\r\n<td>25<\/td>\r\n<td>26<\/td>\r\n<\/tr>\r\n<tr>\r\n<td>Temp\u00e9rature minimale<\/td>\r\n<td>24<\/td>\r\n<td>24<\/td>\r\n<td>23<\/td>\r\n<td>23<\/td>\r\n<td>22<\/td>\r\n<td>21<\/td>\r\n<td>20<\/td>\r\n<td>19<\/td>\r\n<td>20<\/td>\r\n<td>21<\/td>\r\n<td>22<\/td>\r\n<td>24<\/td>\r\n<\/tr>\r\n<tr>\r\n<td>Temp\u00e9rature maximale<\/td>\r\n<td>30<\/td>\r\n<td>29<\/td>\r\n<td>29<\/td>\r\n<td>29<\/td>\r\n<td>28<\/td>\r\n<td>27<\/td>\r\n<td>25<\/td>\r\n<td>25<\/td>\r\n<td>25<\/td>\r\n<td>27<\/td>\r\n<td>28<\/td>\r\n<td>30<\/td>\r\n<\/tr>\r\n<tr>\r\n<td>Jours de pluie<\/td>\r\n<td>28<\/td>\r\n<td>23<\/td>\r\n<td>27<\/td>\r\n<td>22<\/td>\r\n<td>24<\/td>\r\n<td>21<\/td>\r\n<td>20<\/td>\r\n<td>18<\/td>\r\n<td>23<\/td>\r\n<td>22<\/td>\r\n<td>16<\/td>\r\n<td>25<\/td>\r\n<\/tr>\r\n<\/tbody>\r\n<\/table>\r\n<p style=\"\u00ab\"> Les donn\u00e9es indiqu\u00e9es ont \u00e9t\u00e9 mesur\u00e9es et rassembl\u00e9es par nos soins en l'espace de plusieurs ann\u00e9es \u00e0 l'aide de thermom\u00e8tres et d'hygrom\u00e8tres directement sur les lieux de d\u00e9couverte des animaux. \u00ab Temp\u00e9rature moyenne \u00bb signifie que les valeurs d'un mois entier ont \u00e9t\u00e9 calcul\u00e9es en une valeur moyenne, par exemple toutes les valeurs minimales mesur\u00e9es d'un mois ont \u00e9t\u00e9 calcul\u00e9es en une valeur minimale moyenne pour f\u00e9vrier. Cela signifie en clair que certaines valeurs de pointe d'un jour peuvent \u00eatre nettement plus \u00e9lev\u00e9es ou plus basses que les valeurs minimales et maximales moyennes. Il est donc possible que le maximum moyen soit de 29 degr\u00e9s, mais qu'il ait fait 33\u00b0C ou m\u00eame 35\u00b0C certains jours du mois.<br><\/br>\t\t\t\t\t\t <\/div>\r\n\t\t\t\t\t\t\t\t\t\t\t\t <div role=\"tabpanel\" class=\"tab-pane \" id=\"tabs_desc_8886_2\">\r\n\t\t\t\t\t\t\t\t<p style=\"text-align: justify\">Marojejy est principalement constitu\u00e9 d'une for\u00eat tropicale humide qui s'\u00e9tend sur la cha\u00eene de montagnes sacr\u00e9e du m\u00eame nom \u00e0 des altitudes allant de 200 \u00e0 2100 m maximum au-dessus du niveau de la mer. Dans les zones les plus \u00e9lev\u00e9es, le climat est frais et la v\u00e9g\u00e9tation clairsem\u00e9e, mais la plupart des cam\u00e9l\u00e9ons vivent dans la for\u00eat tropicale humide plus chaude situ\u00e9e en dessous. Marojejy poss\u00e8de diff\u00e9rents niveaux d'altitude, chacun abritant des esp\u00e8ces sp\u00e9cifiques dans un climat particulier. Les altitudes les plus basses sont tr\u00e8s chaudes et humides, tandis que les altitudes moyennes et \u00e9lev\u00e9es sont un peu plus fra\u00eeches, mais pas moins humides. \r\n<\/p>\r\n<p style=\"text-align: justify\">\u00c0 Marojejy, il y a peu de diff\u00e9rence entre la saison des pluies et la saison s\u00e8che. L'humidit\u00e9 de l'air est constamment tr\u00e8s, tr\u00e8s \u00e9lev\u00e9e. Pendant la saison des pluies, les pr\u00e9cipitations sont plus abondantes, durent souvent plusieurs jours et s'accompagnent parfois de fortes temp\u00eates. Pendant la saison s\u00e8che, les temp\u00e9ratures sont un peu plus basses, mais il ne fait jamais vraiment froid et il pleut encore presque tous les jours. Et \u00e0 Marojejy, la saison s\u00e8che n'est pas s\u00e8che non plus. En 2022, nous avons mesur\u00e9 l'humidit\u00e9 relative de l'air \u00e0 diff\u00e9rents jours de la saison des pluies, les donn\u00e9es se trouvent ci-dessous.<\/p>\r\n<img loading=\"lazy\" decoding=\"async\" class=\"aligncenter wp-image-4189 size-full\" src=\"https:\/\/www.madcham.de\/wp-content\/uploads\/2022\/05\/Luftfeuchtigkeit-2022-Marojejy-1.jpg\" alt=\"2022 Luftfeuchtigkeit Marojejy\" width=\"657\" height=\"437\" \/>\r\n<img loading=\"lazy\" decoding=\"async\" class=\"aligncenter wp-image-4189 size-full\" src=\"https:\/\/www.madcham.de\/wp-content\/uploads\/2022\/05\/Luftfeuchtigkeit-2022-Marojejy-2.jpg\" alt=\"2022 Luftfeuchtigkeit Marojejy\" width=\"657\" height=\"437\" \/>\t\t\t\t\t\t <\/div>\r\n\t\t\t\t\t\t\t\t\t\t\t\t <div role=\"tabpanel\" class=\"tab-pane \" id=\"tabs_desc_8886_3\">\r\n\t\t\t\t\t\t\t\t<p style=\"text-align: justify\">Les donn\u00e9es UVB ont \u00e9t\u00e9 mesur\u00e9es avec un Solarmeter 6,5 au printemps (fin mars \u00e0 d\u00e9but avril), au moment o\u00f9 l'activit\u00e9 des cam\u00e9l\u00e9ons est la plus forte. Les valeurs maximales \u00e0 atteindre par le cam\u00e9l\u00e9on dans l'habitat ont \u00e9t\u00e9 mesur\u00e9es.<\/p>\r\n<img loading=\"lazy\" decoding=\"async\" class=\"aligncenter wp-image-4189 size-full\" src=\"https:\/\/www.madcham.de\/wp-content\/uploads\/2022\/05\/UVI-2022-Marojejy-1.jpg\" alt=\"2022 UVI Marojejy\" width=\"657\" height=\"437\" \/><img loading=\"lazy\" decoding=\"async\" class=\"aligncenter wp-image-4189 size-full\" src=\"https:\/\/www.madcham.de\/wp-content\/uploads\/2022\/05\/UVI-2022-Marojejy-2.jpg\" alt=\"2022 UVI Marojejy\" width=\"657\" height=\"437\" \/>\r\n<img loading=\"lazy\" decoding=\"async\" class=\"aligncenter wp-image-4189 size-full\" src=\"https:\/\/www.madcham.de\/wp-content\/uploads\/2014\/09\/uvi_marojejy15.jpg\" alt=\"2015 UVI Marojejy\" width=\"657\" height=\"437\" \/>\t\t\t\t\t\t <\/div>\r\n\t\t\t\t\t\t\t\t\t\t\t\t <div role=\"tabpanel\" class=\"tab-pane \" id=\"tabs_desc_8886_4\">\r\n\t\t\t\t\t\t\t\tMalheureusement, il n'y a pas encore de temp\u00e9ratures du sol disponibles pour Marojejy.\t\t\t\t\t\t <\/div>\r\n\t\t\t\t\t\t\t\t\t\t\t\t <div role=\"tabpanel\" class=\"tab-pane \" id=\"tabs_desc_8886_5\">\r\n\t\t\t\t\t\t\t\t<p style=\"text-align: justify\">Depuis 2022, en plus des autres donn\u00e9es climatiques, nous mesurons \u00e9galement la pression atmosph\u00e9rique dans les endroits que nous visitons \u00e0 Madagascar. Les donn\u00e9es suivantes proviennent de diff\u00e9rents jours de la saison des pluies. Sur l'axe des abscisses se trouve l'heure du jour ou de la nuit. \u00c0 Madagascar, le jour commence vers 6 heures, la nuit se l\u00e8ve d\u00e9j\u00e0 \u00e0 18 heures. L'axe Y indique la pression atmosph\u00e9rique en hPa.\r\n\r\n<img loading=\"lazy\" decoding=\"async\" class=\"aligncenter wp-image-4189 size-full\" src=\"https:\/\/www.madcham.de\/wp-content\/uploads\/2022\/05\/Luftdruck-2022-Marojejy-1.jpg\" alt=\"2022 Luftdruck Marojejy\" width=\"657\" height=\"437\" \/>\r\n<img loading=\"lazy\" decoding=\"async\" class=\"aligncenter wp-image-4189 size-full\" src=\"https:\/\/www.madcham.de\/wp-content\/uploads\/2022\/05\/Luftdruck-2022-Marojejy-2.jpg\" alt=\"2022 Luftdruck Marojejy\" width=\"657\" height=\"437\" \/>\t\t\t\t\t\t <\/div>\r\n\t\t\t\t\t\t\t\r\n\t\t\t\t\t <\/div>\r\n\t\t\t\t\t \r\n\t\t\t\t <\/div>\r\n <script>\r\n\t\tjQuery(function () {\r\n\t\t\tjQuery('#myTab_8886 a:first').tab('show')\r\n\t\t});\r\n\t\t\r\n\t\t\t\tjQuery(function(){\r\n\t\t\tvar b=\"fadeIn\";\r\n\t\t\tvar c;\r\n\t\t\tvar a;\r\n\t\t\td(jQuery(\"#myTab_8886 a\"),jQuery(\"#tab-content_8886\"));function d(e,f,g){\r\n\t\t\t\te.click(function(i){\r\n\t\t\t\t\ti.preventDefault();\r\n\t\t\t\t\tjQuery(this).tab(\"show\");\r\n\t\t\t\t\tvar h=jQuery(this).data(\"easein\");\r\n\t\t\t\t\tif(c){c.removeClass(a);}\r\n\t\t\t\t\tif(h){f.find(\"div.active\").addClass(\"animated \"+h);a=h;}\r\n\t\t\t\t\telse{if(g){f.find(\"div.active\").addClass(\"animated \"+g);a=g;}else{f.find(\"div.active\").addClass(\"animated \"+b);a=b;}}c=f.find(\"div.active\");\r\n\t\t\t\t});\r\n\t\t\t}\r\n\t\t});\r\n\t\t\r\n\r\n\t\tfunction do_resize(){\r\n\r\n\t\t\tvar width=jQuery( '.tab-content .tab-pane iframe' ).width();\r\n\t\t\tvar height=jQuery( '.tab-content .tab-pane iframe' ).height();\r\n\r\n\t\t\tvar toggleSize = true;\r\n\t\t\tjQuery('iframe').animate({\r\n\t\t\t    width: toggleSize ? width : 640,\r\n\t\t\t    height: toggleSize ? height : 360\r\n\t\t\t  }, 250);\r\n\r\n\t\t\t  toggleSize = !toggleSize;\r\n\t\t}\r\n\r\n\r\n\t<\/script>\r\n\t\t\t\t\r\n\t\t\t\n<h4>Habitat:<\/h4>\n<p style=\"text-align: justify;\">Les photos suivantes montrent des parties de l&rsquo;habitat de <em>Brookesia vadoni<\/em> \u00e0 Marojejy. Marojejy est une for\u00eat tropicale humide tr\u00e8s rustique avec des arbres \u00e9normes et beaucoup de sous-bois tr\u00e8s denses. Des morceaux d&rsquo;\u00e9corce, des feuilles, des mousses, des foug\u00e8res, des lichens et des lianes ainsi que beaucoup de sous-bois, ici tout est disponible. Le sol est en partie tr\u00e8s pierreux et parsem\u00e9 de rochers.<\/p>\n<div id='gallery-4' class='gallery galleryid-8886 gallery-columns-2 gallery-size-habitat_thumb'><figure class='gallery-item'>\n\t\t\t<div class='gallery-icon portrait'>\n\t\t\t\t<a href='https:\/\/www.madcham.de\/wp-content\/uploads\/2014\/09\/Habitat-Brookesia-vadoni.jpg'><img loading=\"lazy\" decoding=\"async\" width=\"650\" height=\"250\" src=\"https:\/\/www.madcham.de\/wp-content\/uploads\/2014\/09\/Habitat-Brookesia-vadoni-650x250.jpg\" class=\"attachment-habitat_thumb size-habitat_thumb\" alt=\"\" aria-describedby=\"gallery-4-1732\" \/><\/a>\n\t\t\t<\/div>\n\t\t\t\t<figcaption class='wp-caption-text gallery-caption' id='gallery-4-1732'>\n\t\t\t\tMit Farnen bedeckte steile Felswand in Marojejy\n\t\t\t\t<\/figcaption><\/figure><figure class='gallery-item'>\n\t\t\t<div class='gallery-icon landscape'>\n\t\t\t\t<a href='https:\/\/www.madcham.de\/wp-content\/uploads\/2014\/09\/Habitat-Brookesia-vadoni-2.jpg'><img loading=\"lazy\" decoding=\"async\" width=\"650\" height=\"250\" src=\"https:\/\/www.madcham.de\/wp-content\/uploads\/2014\/09\/Habitat-Brookesia-vadoni-2-650x250.jpg\" class=\"attachment-habitat_thumb size-habitat_thumb\" alt=\"\" aria-describedby=\"gallery-4-1730\" \/><\/a>\n\t\t\t<\/div>\n\t\t\t\t<figcaption class='wp-caption-text gallery-caption' id='gallery-4-1730'>\n\t\t\t\tRegenwald in Marojejy\n\t\t\t\t<\/figcaption><\/figure><figure class='gallery-item'>\n\t\t\t<div class='gallery-icon portrait'>\n\t\t\t\t<a href='https:\/\/www.madcham.de\/wp-content\/uploads\/2014\/09\/Habitat-Brookesia-vadoni-3-e1525708772166.jpg'><img loading=\"lazy\" decoding=\"async\" width=\"650\" height=\"250\" src=\"https:\/\/www.madcham.de\/wp-content\/uploads\/2014\/09\/Habitat-Brookesia-vadoni-3-650x250.jpg\" class=\"attachment-habitat_thumb size-habitat_thumb\" alt=\"\" aria-describedby=\"gallery-4-1731\" \/><\/a>\n\t\t\t<\/div>\n\t\t\t\t<figcaption class='wp-caption-text gallery-caption' id='gallery-4-1731'>\n\t\t\t\tBoden im Regenwald von Marojejy\n\t\t\t\t<\/figcaption><\/figure><figure class='gallery-item'>\n\t\t\t<div class='gallery-icon landscape'>\n\t\t\t\t<a href='https:\/\/www.madcham.de\/wp-content\/uploads\/2014\/09\/Habitat-Marojejy-2022-5.jpg'><img loading=\"lazy\" decoding=\"async\" width=\"650\" height=\"250\" src=\"https:\/\/www.madcham.de\/wp-content\/uploads\/2014\/09\/Habitat-Marojejy-2022-5-650x250.jpg\" class=\"attachment-habitat_thumb size-habitat_thumb\" alt=\"\" aria-describedby=\"gallery-4-11907\" \/><\/a>\n\t\t\t<\/div>\n\t\t\t\t<figcaption class='wp-caption-text gallery-caption' id='gallery-4-11907'>\n\t\t\t\tBambus nahe Camp Marojejya\n\t\t\t\t<\/figcaption><\/figure><figure class='gallery-item'>\n\t\t\t<div class='gallery-icon portrait'>\n\t\t\t\t<a href='https:\/\/www.madcham.de\/wp-content\/uploads\/2022\/05\/Habitat-Marojejy-2022-14.jpg'><img loading=\"lazy\" decoding=\"async\" width=\"650\" height=\"250\" src=\"https:\/\/www.madcham.de\/wp-content\/uploads\/2022\/05\/Habitat-Marojejy-2022-14-650x250.jpg\" class=\"attachment-habitat_thumb size-habitat_thumb\" alt=\"\" aria-describedby=\"gallery-4-11840\" \/><\/a>\n\t\t\t<\/div>\n\t\t\t\t<figcaption class='wp-caption-text gallery-caption' id='gallery-4-11840'>\n\t\t\t\tLebensraum im Regenwald von Marojejy\n\t\t\t\t<\/figcaption><\/figure><figure class='gallery-item'>\n\t\t\t<div class='gallery-icon landscape'>\n\t\t\t\t<a href='https:\/\/www.madcham.de\/wp-content\/uploads\/2022\/05\/Habitat-Marojejy-2022-21.jpg'><img loading=\"lazy\" decoding=\"async\" width=\"650\" height=\"250\" src=\"https:\/\/www.madcham.de\/wp-content\/uploads\/2022\/05\/Habitat-Marojejy-2022-21-650x250.jpg\" class=\"attachment-habitat_thumb size-habitat_thumb\" alt=\"\" aria-describedby=\"gallery-4-11842\" \/><\/a>\n\t\t\t<\/div>\n\t\t\t\t<figcaption class='wp-caption-text gallery-caption' id='gallery-4-11842'>\n\t\t\t\tWasserfall am Camp Marojejya\n\t\t\t\t<\/figcaption><\/figure>\n\t\t<\/div>\n\n<p style=\"text-align: justify;\">Ci-dessous, tu trouveras des images \u00e0 360\u00b0 de Marojejy que nous avons prises pendant la saison des pluies. Si l&rsquo;on clique sur une prise de vue, les images s&rsquo;ouvrent en vue agrandie dans une fen\u00eatre s\u00e9par\u00e9e. Avec la souris, on peut se tourner dans toutes les directions. Il est \u00e9galement possible d&rsquo;afficher les images en mode plein \u00e9cran. Bon visionnage !<\/p>\n<p><a href=\"https:\/\/app2.ricoh360.com\/viewer\/c417091c-fdac-4e58-89f2-4ef3242822f5\" target=\"_blank\" rel=\"noopener\"><img loading=\"lazy\" decoding=\"async\" class=\"aligncenter wp-image-14840 size-large\" src=\"https:\/\/www.madcham.de\/wp-content\/uploads\/2022\/05\/Marojejy-April-2022-4-1024x576.jpg\" alt=\"\" width=\"1024\" height=\"576\" srcset=\"https:\/\/www.madcham.de\/wp-content\/uploads\/2022\/05\/Marojejy-April-2022-4-1024x576.jpg 1024w, https:\/\/www.madcham.de\/wp-content\/uploads\/2022\/05\/Marojejy-April-2022-4-300x169.jpg 300w, https:\/\/www.madcham.de\/wp-content\/uploads\/2022\/05\/Marojejy-April-2022-4-768x432.jpg 768w, https:\/\/www.madcham.de\/wp-content\/uploads\/2022\/05\/Marojejy-April-2022-4-1536x864.jpg 1536w, https:\/\/www.madcham.de\/wp-content\/uploads\/2022\/05\/Marojejy-April-2022-4-2048x1152.jpg 2048w, https:\/\/www.madcham.de\/wp-content\/uploads\/2022\/05\/Marojejy-April-2022-4-1200x675.jpg 1200w, https:\/\/www.madcham.de\/wp-content\/uploads\/2022\/05\/Marojejy-April-2022-4-420x236.jpg 420w, https:\/\/www.madcham.de\/wp-content\/uploads\/2022\/05\/Marojejy-April-2022-4-81x46.jpg 81w, https:\/\/www.madcham.de\/wp-content\/uploads\/2022\/05\/Marojejy-April-2022-4-200x112.jpg 200w\" sizes=\"(max-width: 1024px) 100vw, 1024px\" \/><\/a><a href=\"https:\/\/app2.ricoh360.com\/viewer\/cf0fc7d0-c6ed-4402-bd51-d6383c6ed4b1\" target=\"_blank\" rel=\"noopener\"><img loading=\"lazy\" decoding=\"async\" class=\"aligncenter wp-image-14844 size-large\" src=\"https:\/\/www.madcham.de\/wp-content\/uploads\/2022\/05\/Marojejy-April-2022-9-1024x576.jpg\" alt=\"\" width=\"1024\" height=\"576\" srcset=\"https:\/\/www.madcham.de\/wp-content\/uploads\/2022\/05\/Marojejy-April-2022-9-1024x576.jpg 1024w, https:\/\/www.madcham.de\/wp-content\/uploads\/2022\/05\/Marojejy-April-2022-9-300x169.jpg 300w, https:\/\/www.madcham.de\/wp-content\/uploads\/2022\/05\/Marojejy-April-2022-9-768x432.jpg 768w, https:\/\/www.madcham.de\/wp-content\/uploads\/2022\/05\/Marojejy-April-2022-9-1536x864.jpg 1536w, https:\/\/www.madcham.de\/wp-content\/uploads\/2022\/05\/Marojejy-April-2022-9-2048x1152.jpg 2048w, https:\/\/www.madcham.de\/wp-content\/uploads\/2022\/05\/Marojejy-April-2022-9-1200x675.jpg 1200w, https:\/\/www.madcham.de\/wp-content\/uploads\/2022\/05\/Marojejy-April-2022-9-420x236.jpg 420w, https:\/\/www.madcham.de\/wp-content\/uploads\/2022\/05\/Marojejy-April-2022-9-81x46.jpg 81w, https:\/\/www.madcham.de\/wp-content\/uploads\/2022\/05\/Marojejy-April-2022-9-200x112.jpg 200w\" sizes=\"(max-width: 1024px) 100vw, 1024px\" \/><\/a><a href=\"https:\/\/app2.ricoh360.com\/viewer\/e46d04b5-fae6-463f-aa20-5ed30e182a38\" target=\"_blank\" rel=\"noopener\"><img loading=\"lazy\" decoding=\"async\" class=\"aligncenter wp-image-14845 size-large\" src=\"https:\/\/www.madcham.de\/wp-content\/uploads\/2022\/05\/Marojejy-April-2022-10-1024x576.jpg\" alt=\"\" width=\"1024\" height=\"576\" srcset=\"https:\/\/www.madcham.de\/wp-content\/uploads\/2022\/05\/Marojejy-April-2022-10-1024x576.jpg 1024w, https:\/\/www.madcham.de\/wp-content\/uploads\/2022\/05\/Marojejy-April-2022-10-300x169.jpg 300w, https:\/\/www.madcham.de\/wp-content\/uploads\/2022\/05\/Marojejy-April-2022-10-768x432.jpg 768w, https:\/\/www.madcham.de\/wp-content\/uploads\/2022\/05\/Marojejy-April-2022-10-1536x864.jpg 1536w, https:\/\/www.madcham.de\/wp-content\/uploads\/2022\/05\/Marojejy-April-2022-10-2048x1152.jpg 2048w, https:\/\/www.madcham.de\/wp-content\/uploads\/2022\/05\/Marojejy-April-2022-10-1200x675.jpg 1200w, https:\/\/www.madcham.de\/wp-content\/uploads\/2022\/05\/Marojejy-April-2022-10-420x236.jpg 420w, https:\/\/www.madcham.de\/wp-content\/uploads\/2022\/05\/Marojejy-April-2022-10-81x46.jpg 81w, https:\/\/www.madcham.de\/wp-content\/uploads\/2022\/05\/Marojejy-April-2022-10-200x112.jpg 200w\" sizes=\"(max-width: 1024px) 100vw, 1024px\" \/><\/a><a href=\"https:\/\/app2.ricoh360.com\/viewer\/8103eef2-e7b4-47e0-aeea-0ef1a175331a\" target=\"_blank\" rel=\"noopener\"><img loading=\"lazy\" decoding=\"async\" class=\"aligncenter wp-image-14846 size-large\" src=\"https:\/\/www.madcham.de\/wp-content\/uploads\/2022\/05\/Marojejy-April-2022-11-1024x576.jpg\" alt=\"\" width=\"1024\" height=\"576\" srcset=\"https:\/\/www.madcham.de\/wp-content\/uploads\/2022\/05\/Marojejy-April-2022-11-1024x576.jpg 1024w, https:\/\/www.madcham.de\/wp-content\/uploads\/2022\/05\/Marojejy-April-2022-11-300x169.jpg 300w, https:\/\/www.madcham.de\/wp-content\/uploads\/2022\/05\/Marojejy-April-2022-11-768x432.jpg 768w, https:\/\/www.madcham.de\/wp-content\/uploads\/2022\/05\/Marojejy-April-2022-11-1536x864.jpg 1536w, https:\/\/www.madcham.de\/wp-content\/uploads\/2022\/05\/Marojejy-April-2022-11-2048x1152.jpg 2048w, https:\/\/www.madcham.de\/wp-content\/uploads\/2022\/05\/Marojejy-April-2022-11-1200x675.jpg 1200w, https:\/\/www.madcham.de\/wp-content\/uploads\/2022\/05\/Marojejy-April-2022-11-420x236.jpg 420w, https:\/\/www.madcham.de\/wp-content\/uploads\/2022\/05\/Marojejy-April-2022-11-81x46.jpg 81w, https:\/\/www.madcham.de\/wp-content\/uploads\/2022\/05\/Marojejy-April-2022-11-200x112.jpg 200w\" sizes=\"(max-width: 1024px) 100vw, 1024px\" \/><\/a><\/p>\n<p>&nbsp;","protected":false},"excerpt":{"rendered":"<p>Description initiale: Brygoo &amp; Domergue, 1968 Origine du nom de l&rsquo;esp\u00e8ce: \u00c9douard-Raoul Brygoo et Charles Antoine Domergue ont \u00e9t\u00e9 amen\u00e9s deux Brookesia vadoni \u00e0 l&rsquo;Institut Pasteur d&rsquo;Antananarivo en 1967 par les deux entomologistes Jean-Pierre L\u00e9opold Vadon et Jean-Marie Betsch. Les animaux avaient \u00e9t\u00e9 collect\u00e9s \u00e0 l&rsquo;origine par Andr\u00e9 Peyri\u00e9ras \u00e0 Masoala. Les deux petits cam\u00e9l\u00e9ons de terre ont v\u00e9cu deux mois avant de mourir par manque de connaissances sur les conditions d&rsquo;\u00e9levage et d&rsquo;alimentation. En 1968, Peyri\u00e9ras a envoy\u00e9 deux autres animaux dans la capitale de Madagascar. Brygoo et Domergue, qui plus tard ont tous deux travaill\u00e9 au Mus\u00e9e d&rsquo;histoire naturelle de Paris, ont finalement donn\u00e9 le nom de Vadon \u00e0 l&rsquo;esp\u00e8ce. Vadon vivait \u00e0 Maroantsetra depuis 1934 et \u00e9tait consul de France. Il est rest\u00e9 \u00e0 Madagascar jusqu&rsquo;\u00e0 la fin de sa vie et a d\u00e9crit diff\u00e9rentes esp\u00e8ces d&rsquo;insectes. Distribution: Brookesia vadoni est pr\u00e9sent dans le nord-est de Madagascar dans de minuscules zones isol\u00e9es du Parc National de Marojejy, d&rsquo;Anjanaharibe-Sud et du Parc National de Masoala. Ils vivent dans le feuillage des for\u00eats tropicales. Jusqu&rsquo;\u00e0 pr\u00e9sent, nous avons pu trouver l&rsquo;esp\u00e8ce \u00e0 Marojejy dans des gorges tr\u00e8s inaccessibles, sur une surface extr\u00eamement limit\u00e9e de moins de 100 m\u00b2. Malgr\u00e9&#8230;<\/p>\n","protected":false},"author":4,"featured_media":6036,"comment_status":"closed","ping_status":"closed","sticky":false,"template":"","format":"gallery","meta":{"_monsterinsights_skip_tracking":false,"_monsterinsights_sitenote_active":false,"_monsterinsights_sitenote_note":"","_monsterinsights_sitenote_category":0,"footnotes":""},"categories":[28],"tags":[208,754,147,149,751,757,61,255,761,206,182,763,762],"_links":{"self":[{"href":"https:\/\/www.madcham.de\/fr\/wp-json\/wp\/v2\/posts\/1624"}],"collection":[{"href":"https:\/\/www.madcham.de\/fr\/wp-json\/wp\/v2\/posts"}],"about":[{"href":"https:\/\/www.madcham.de\/fr\/wp-json\/wp\/v2\/types\/post"}],"author":[{"embeddable":true,"href":"https:\/\/www.madcham.de\/fr\/wp-json\/wp\/v2\/users\/4"}],"replies":[{"embeddable":true,"href":"https:\/\/www.madcham.de\/fr\/wp-json\/wp\/v2\/comments?post=1624"}],"version-history":[{"count":39,"href":"https:\/\/www.madcham.de\/fr\/wp-json\/wp\/v2\/posts\/1624\/revisions"}],"predecessor-version":[{"id":14872,"href":"https:\/\/www.madcham.de\/fr\/wp-json\/wp\/v2\/posts\/1624\/revisions\/14872"}],"wp:featuredmedia":[{"embeddable":true,"href":"https:\/\/www.madcham.de\/fr\/wp-json\/wp\/v2\/media\/6036"}],"wp:attachment":[{"href":"https:\/\/www.madcham.de\/fr\/wp-json\/wp\/v2\/media?parent=1624"}],"wp:term":[{"taxonomy":"category","embeddable":true,"href":"https:\/\/www.madcham.de\/fr\/wp-json\/wp\/v2\/categories?post=1624"},{"taxonomy":"post_tag","embeddable":true,"href":"https:\/\/www.madcham.de\/fr\/wp-json\/wp\/v2\/tags?post=1624"}],"curies":[{"name":"wp","href":"https:\/\/api.w.org\/{rel}","templated":true}]}}