{"id":2751,"date":"2015-06-18T14:47:24","date_gmt":"2015-06-18T12:47:24","guid":{"rendered":"http:\/\/madcham.com\/?p=2751"},"modified":"2025-07-13T20:46:00","modified_gmt":"2025-07-13T18:46:00","slug":"furcifer-bifidus","status":"publish","type":"post","link":"https:\/\/www.madcham.de\/fr\/furcifer-bifidus\/","title":{"rendered":"Furcifer bifidus"},"content":{"rendered":"<div class=\"simple-alert-boxes sab_success sab_normal \">\r\n\t\t<strong>Quotas CITES<br \/>\n<\/strong>2011-13 pas d&rsquo;animaux, 2014-25 chacun 500 animaux autoris\u00e9s \u00e0 l&rsquo;exportation l\u00e9gale\t<\/div>\r\n\t\n<h4><\/h4>\n<h4>Description initiale:<a href=\"https:\/\/www.iucnredlist.org\/species\/172937\/6944687\" target=\"_blank\" rel=\"noopener\"><img loading=\"lazy\" decoding=\"async\" class=\"alignright wp-image-12987\" src=\"https:\/\/www.madcham.de\/wp-content\/uploads\/2017\/07\/IUCN-Status-least-concern.jpg\" alt=\"IUCN Red List: least concern\" width=\"80\" height=\"81\" srcset=\"https:\/\/www.madcham.de\/wp-content\/uploads\/2017\/07\/IUCN-Status-least-concern.jpg 150w, https:\/\/www.madcham.de\/wp-content\/uploads\/2017\/07\/IUCN-Status-least-concern-81x82.jpg 81w\" sizes=\"(max-width: 80px) 100vw, 80px\" \/><\/a><\/h4>\n<p>(Brongniart, 1800) <a href=\"https:\/\/www.biodiversitylibrary.org\/item\/28103#page\/104\/mode\/1up\" target=\"_blank\" rel=\"noopener noreferrer\"> <img loading=\"lazy\" decoding=\"async\" class=\"wp-image-9195 size-full alignnone\" style=\"margin-left: 10px; margin-top: 15px;\" src=\"https:\/\/www.madcham.de\/wp-content\/uploads\/2014\/09\/pdf-Logo.png\" alt=\"\" width=\"44\" height=\"21\" \/><\/a><\/p>\n<h4>Origine du nom de l&rsquo;esp\u00e8ce:<\/h4>\n<p style=\"text-align: justify;\">Le zoologiste et g\u00e9ologue fran\u00e7ais Alexandre Brongniart a enseign\u00e9 la min\u00e9ralogie au Mus\u00e9um d&rsquo;histoire naturelle de Paris, mais s&rsquo;est \u00e9galement int\u00e9ress\u00e9 aux reptiles et aux amphibiens. En 1800, il a d\u00e9crit l&rsquo;esp\u00e8ce <em>Furcifer bifidus<\/em> sur la base des pr\u00e9parations de cam\u00e9l\u00e9ons disponibles au mus\u00e9e. Il a emprunt\u00e9 le nom de l&rsquo;esp\u00e8ce au latin <em>bifidum<\/em>, qui signifie \u00ab\u00a0divis\u00e9 en deux\u00a0\u00bb et fait allusion au processus nasal du m\u00e2le.<\/p>\n<div style=\"float: right; margin: 20px;\">\t\t<div id=\"maps-marker-pro-b6a961d4\" class=\"maps-marker-pro\" style=\"width: 300px;\">\n\t\t\t<div id=\"mmp-map-wrap-b6a961d4\" class=\"mmp-map-wrap\">\n\t\t\t\t\t\t\t\t\t<div id=\"mmp-panel-b6a961d4\" class=\"mmp-panel\"><\/div>\n\t\t\t\t\t\t\t\t<div id=\"mmp-map-b6a961d4\" class=\"mmp-map\" style=\"height: 300px;\"><\/div>\n\t\t\t\t\t\t\t<\/div>\n\t\t\t\t\t<\/div>\n\t\t<\/div>\n<h4>Distribution:<\/h4>\n<p style=\"text-align: justify;\"><em>Furcifer bifidus<\/em> vit dans les for\u00eats tropicales humides le long de la c\u00f4te est de Madagascar jusqu&rsquo;\u00e0 une altitude d&rsquo;environ 1000 m. La zone de distribution s&rsquo;\u00e9tend d&rsquo;Andasibe \u00e0 l&rsquo;est jusqu&rsquo;\u00e0 Toamasina (Tamatave) et au nord, via Fenoarivo, jusqu&rsquo;au parc national de Marojejy. Selon une d\u00e9couverte individuelle faite en 2006, elle s&rsquo;\u00e9tend m\u00eame jusqu&rsquo;\u00e0 une zone plus humide pr\u00e8s de Daraina, au nord-est de Voh\u00e9mar, qui est autrement s\u00e8che et poussi\u00e9reuse. Jusqu&rsquo;\u00e0 pr\u00e9sent, nous n&rsquo;avons pu d\u00e9couvrir l&rsquo;esp\u00e8ce que dans la zone autour du parc national Andasibe-Mantadia et autour de Vohimana et pr\u00e8s de Mahambo sur la c\u00f4te est. Ils y colonisent la v\u00e9g\u00e9tation secondaire et les plantations de caf\u00e9 en terrain vallonn\u00e9. Plus au nord, nous n&rsquo;avons pas encore trouv\u00e9 <em>Furcifer bifidus<\/em>. En raison de l&rsquo;augmentation des d\u00e9frichements par br\u00fblis le long de la c\u00f4te est, <em>Furcifer bifidus<\/em> appartient \u00e0 l&rsquo;esp\u00e8ce cam\u00e9l\u00e9on dont la population est tr\u00e8s fragment\u00e9e en petites for\u00eats r\u00e9siduelles.<\/p>\n<h4>Apparence et taille:<\/h4>\n<p style=\"text-align: justify;\"><em>Furcifer bifidus<\/em> appartient \u00e0 l&rsquo;esp\u00e8ce de cam\u00e9l\u00e9on de taille moyenne de Madagascar avec une longueur totale pouvant atteindre 42 cm avec les m\u00e2les et 30 cm avec les femelles. Les deux sexes portent un casque bas, une \u00e9caille tr\u00e8s r\u00e9guli\u00e8re et une bande blanche plus \u00e9cailleuse sur les c\u00f4t\u00e9s du corps ainsi que des l\u00e8vres jaunes ou blanches. Lorsqu&rsquo;ils sont excit\u00e9s, le sac de la gorge de certains animaux devient orange. Les femelles sont clairement les plus belles dans <em>Furcifer bifidus<\/em> et montrent des couleurs magnifiques. Normalement, ils sont d&rsquo;un vert vif avec des bandes jaunes, le sommet de la t\u00eate est rouge vif et parsem\u00e9 de petits points bleus. Les femelles enceintes <em>Furcifer bifidus<\/em> pr\u00e9sentent des taches bleu vif sur tout le corps. En revanche, les m\u00e2les de <em>Furcifer bifidus<\/em> ne sont pas tr\u00e8s color\u00e9s avec des tons gris, p\u00e2les et verts et des bandes plus fonc\u00e9es, mais portent deux nez parall\u00e8les et frappants. Chez certains individus, les extensions sont l\u00e9g\u00e8rement courb\u00e9es vers le bas. Les animaux ont bien une cr\u00eate dorsale, mais elle n&rsquo;est indiqu\u00e9e que dans la zone des \u00e9paules et dispara\u00eet dans la suite du parcours.<\/p>\n<div id='gallery-5' class='gallery galleryid-6128 gallery-columns-2 gallery-size-large'><figure class='gallery-item'>\n\t\t\t<div class='gallery-icon landscape'>\n\t\t\t\t<a href='https:\/\/www.madcham.de\/wp-content\/uploads\/2015\/06\/Furcifer-bifidus-Jungtier-aus-Vohimana-2016.jpg'><img loading=\"lazy\" decoding=\"async\" width=\"1000\" height=\"631\" src=\"https:\/\/www.madcham.de\/wp-content\/uploads\/2015\/06\/Furcifer-bifidus-Jungtier-aus-Vohimana-2016.jpg\" class=\"attachment-large size-large\" alt=\"\" srcset=\"https:\/\/www.madcham.de\/wp-content\/uploads\/2015\/06\/Furcifer-bifidus-Jungtier-aus-Vohimana-2016.jpg 1000w, https:\/\/www.madcham.de\/wp-content\/uploads\/2015\/06\/Furcifer-bifidus-Jungtier-aus-Vohimana-2016-300x189.jpg 300w, https:\/\/www.madcham.de\/wp-content\/uploads\/2015\/06\/Furcifer-bifidus-Jungtier-aus-Vohimana-2016-768x485.jpg 768w, https:\/\/www.madcham.de\/wp-content\/uploads\/2015\/06\/Furcifer-bifidus-Jungtier-aus-Vohimana-2016-420x265.jpg 420w, https:\/\/www.madcham.de\/wp-content\/uploads\/2015\/06\/Furcifer-bifidus-Jungtier-aus-Vohimana-2016-81x51.jpg 81w\" sizes=\"(max-width: 1000px) 100vw, 1000px\" \/><\/a>\n\t\t\t<\/div><\/figure>\n\t\t<\/div>\n\n<p>&nbsp;<\/p>\n\t\t\t\t\t\t<style>\r\n\t\t\t\t\r\n\t\t\t\t\t#tab_container_8891 {\r\n\toverflow:hidden;\r\n\tdisplay:block;\r\n\twidth:100%;\r\n\tborder:0px solid #ddd;\r\n\tmargin-bottom:30px;\r\n\t}\r\n\r\n#tab_container_8891 .tab-content{\r\n\tpadding:20px;\r\n\tborder: 1px solid #e6e6e6 !important;\r\n\tmargin-top: 0px;\r\n\tbackground-color:#ffffff !important;\r\n\tcolor: #3e3e3e !important;\r\n\tfont-size:13px !important;\r\n\tfont-family: Open Sans !important;\r\n\t\r\n\t\tborder: 1px solid #e6e6e6 !important;\r\n\t}\r\n#tab_container_8891 .wpsm_nav-tabs {\r\n    border-bottom: 0px solid #ddd;\r\n}\r\n#tab_container_8891 .wpsm_nav-tabs > li.active > a, #tab_container_8891 .wpsm_nav-tabs > li.active > a:hover, #tab_container_8891 .wpsm_nav-tabs > li.active > a:focus {\r\n\tcolor: #3e3e3e !important;\r\n\tcursor: default;\r\n\tbackground-color: #ffffff !important;\r\n\tborder: 1px solid #e6e6e6 !important;\r\n}\r\n\r\n#tab_container_8891 .wpsm_nav-tabs > li > a {\r\n    margin-right: 0px !important; \r\n    line-height: 1.42857143 !important;\r\n    border: 1px solid #d5d5d5 !important;\r\n    border-radius: 0px 0px 0 0 !important; \r\n\tbackground-color: #e8e8e8 !important;\r\n\tcolor: #3e3e3e !important;\r\n\tpadding: 15px 18px 15px 18px !important;\r\n\ttext-decoration: none !important;\r\n\tfont-size: 13px !important;\r\n\ttext-align:center !important;\r\n\tfont-family: Open Sans !important;\r\n}\r\n#tab_container_8891 .wpsm_nav-tabs > li > a:focus {\r\noutline: 0px !important;\r\n}\r\n\r\n#tab_container_8891 .wpsm_nav-tabs > li > a:before {\r\n\tdisplay:none !important;\r\n}\r\n#tab_container_8891 .wpsm_nav-tabs > li > a:after {\r\n\tdisplay:none !important ;\r\n}\r\n#tab_container_8891 .wpsm_nav-tabs > li{\r\npadding:0px !important ;\r\nmargin:0px;\r\n}\r\n\r\n#tab_container_8891 .wpsm_nav-tabs > li > a:hover , #tab_container_8891 .wpsm_nav-tabs > li > a:focus {\r\n    color: #3e3e3e !important;\r\n    background-color: #e8e8e8 !important;\r\n\tborder: 1px solid #d5d5d5 !important;\r\n\t\r\n}\r\n#tab_container_8891 .wpsm_nav-tabs > li > a .fa{\r\n\r\nmargin-right:5px !important;\r\n\r\nmargin-left:5px !important;\r\n\r\n\r\n}\r\n\r\n\t\t#tab_container_8891 .wpsm_nav-tabs a{\r\n\t\t\tbackground-image: none;\r\n\t\t\tbackground-position: 0 0;\r\n\t\t\tbackground-repeat: repeat-x;\r\n\t\t}\r\n\t\t\t\r\n\r\n\r\n#tab_container_8891 .wpsm_nav-tabs > li {\r\n    float: left;\r\n    margin-bottom: -1px !important;\r\n\tmargin-right:0px !important; \r\n}\r\n\r\n\r\n#tab_container_8891 .tab-content{\r\noverflow:hidden !important;\r\n}\r\n\r\n\r\n@media (min-width: 769px) {\r\n\r\n\t#tab_container_8891 .wpsm_nav-tabs > li{\r\n\t\tfloat:left !important ;\r\n\t\t\t\tmargin-right:-1px !important;\r\n\t\t\t\t\t}\r\n\t#tab_container_8891 .wpsm_nav-tabs{\r\n\t\tfloat:none !important;\r\n\t\tmargin:0px !important;\r\n\t}\r\n\r\n\t#tab_container_8891 .wpsm_nav-tabs > li {\r\n\t\t\t\t\r\n\t}\r\n\t#tab_container_8891 .wpsm_nav{\r\n\t\t\t}\r\n\r\n}\r\n\r\n\r\n\r\n@media (max-width: 768px) {\r\n\t#tab_container_8891 .wpsm_nav-tabs > li {\r\n\t\t\t\t\r\n\t}\r\n\t#tab_container_8891 .wpsm_nav{\r\n\t\t\t}\r\n}\r\n\r\n\r\n\t.wpsm_nav-tabs li:before{\r\n\t\tdisplay:none !important;\r\n\t}\r\n\r\n\t@media (max-width: 768px) {\r\n\t\t\t\t\r\n\t\t\t\t.wpsm_nav-tabs{\r\n\t\t\tmargin-left:0px !important;\r\n\t\t\tmargin-right:0px !important; \r\n\t\t\t\r\n\t\t}\r\n\t\t\t\t#tab_container_8891 .wpsm_nav-tabs > li{\r\n\t\t\tfloat:none !important;\r\n\t\t}\r\n\t\t\t\r\n\t}\t\t\t\t<\/style>\r\n\t\t\t\t<div id=\"tab_container_8891\" >\r\n\t \r\n\t\t\t\t\t<ul class=\"wpsm_nav wpsm_nav-tabs\" role=\"tablist\" id=\"myTab_8891\">\r\n\t\t\t\t\t\t\t\r\n\t\t\t\t\t\t\t<li role=\"presentation\"  class=\"active\"  onclick=\"do_resize()\">\r\n\t\t\t\t\t\t\t\t<a href=\"#tabs_desc_8891_1\" aria-controls=\"tabs_desc_8891_1\" role=\"tab\" data-toggle=\"tab\">\r\n\t\t\t\t\t\t\t\t\t\r\n\t\t\t\t\t\t\t\t\t\t\t\t\t\t\t\t\t\t\t\t\t\t\t\t\t\t\t\t\t\t\t<i class=\"fa fa-calendar\"><\/i> \t\t\t\t\t\t\t\t\t\t\t\t\t\t\t\t\t\t\t\r\n\t\t\t\t\t\t\t\t\t\t\t\t\t\t\t\t\t\t\r\n\t\t\t\t\t\t\t\t\t<span>Tableau du climat<\/span>\r\n\t\t\t\t\t\t\t\t\t\r\n\t\t\t\t\t\t\t\t\t\t\t\t\t\t\t\t\t\t\r\n\t\t\t\t\t\t\t\t\t\t\t\t\t\t\t\t\t\t\t\t\r\n\t\t\t\t\t\t\t\t\t\r\n\t\t\t\t\t\t\t\t<\/a>\r\n\t\t\t\t\t\t\t<\/li>\r\n\t\t\t\t\t\t\t\r\n\t\t\t\t\t\t\t<li role=\"presentation\"  onclick=\"do_resize()\">\r\n\t\t\t\t\t\t\t\t<a href=\"#tabs_desc_8891_2\" aria-controls=\"tabs_desc_8891_2\" role=\"tab\" data-toggle=\"tab\">\r\n\t\t\t\t\t\t\t\t\t\r\n\t\t\t\t\t\t\t\t\t\t\t\t\t\t\t\t\t\t\t\t\t\t\t\t\t\t\t\t\t\t\t<i class=\"fa fa-cloud\"><\/i> \t\t\t\t\t\t\t\t\t\t\t\t\t\t\t\t\t\t\t\r\n\t\t\t\t\t\t\t\t\t\t\t\t\t\t\t\t\t\t\r\n\t\t\t\t\t\t\t\t\t<span>En savoir plus<\/span>\r\n\t\t\t\t\t\t\t\t\t\r\n\t\t\t\t\t\t\t\t\t\t\t\t\t\t\t\t\t\t\r\n\t\t\t\t\t\t\t\t\t\t\t\t\t\t\t\t\t\t\t\t\r\n\t\t\t\t\t\t\t\t\t\r\n\t\t\t\t\t\t\t\t<\/a>\r\n\t\t\t\t\t\t\t<\/li>\r\n\t\t\t\t\t\t\t\r\n\t\t\t\t\t\t\t<li role=\"presentation\"  onclick=\"do_resize()\">\r\n\t\t\t\t\t\t\t\t<a href=\"#tabs_desc_8891_3\" aria-controls=\"tabs_desc_8891_3\" role=\"tab\" data-toggle=\"tab\">\r\n\t\t\t\t\t\t\t\t\t\r\n\t\t\t\t\t\t\t\t\t\t\t\t\t\t\t\t\t\t\t\t\t\t\t\t\t\t\t\t\t\t\t<i class=\"fa fa-sun-o\"><\/i> \t\t\t\t\t\t\t\t\t\t\t\t\t\t\t\t\t\t\t\r\n\t\t\t\t\t\t\t\t\t\t\t\t\t\t\t\t\t\t\r\n\t\t\t\t\t\t\t\t\t<span>Indices UVB<\/span>\r\n\t\t\t\t\t\t\t\t\t\r\n\t\t\t\t\t\t\t\t\t\t\t\t\t\t\t\t\t\t\r\n\t\t\t\t\t\t\t\t\t\t\t\t\t\t\t\t\t\t\t\t\r\n\t\t\t\t\t\t\t\t\t\r\n\t\t\t\t\t\t\t\t<\/a>\r\n\t\t\t\t\t\t\t<\/li>\r\n\t\t\t\t\t\t\t\r\n\t\t\t\t\t\t\t<li role=\"presentation\"  onclick=\"do_resize()\">\r\n\t\t\t\t\t\t\t\t<a href=\"#tabs_desc_8891_4\" aria-controls=\"tabs_desc_8891_4\" role=\"tab\" data-toggle=\"tab\">\r\n\t\t\t\t\t\t\t\t\t\r\n\t\t\t\t\t\t\t\t\t\t\t\t\t\t\t\t\t\t\t\t\t\t\t\t\t\t\t\t\t\t\t<i class=\"fa fa-pagelines\"><\/i> \t\t\t\t\t\t\t\t\t\t\t\t\t\t\t\t\t\t\t\r\n\t\t\t\t\t\t\t\t\t\t\t\t\t\t\t\t\t\t\r\n\t\t\t\t\t\t\t\t\t<span>Temp\u00e9ratures du sol<\/span>\r\n\t\t\t\t\t\t\t\t\t\r\n\t\t\t\t\t\t\t\t\t\t\t\t\t\t\t\t\t\t\r\n\t\t\t\t\t\t\t\t\t\t\t\t\t\t\t\t\t\t\t\t\r\n\t\t\t\t\t\t\t\t\t\r\n\t\t\t\t\t\t\t\t<\/a>\r\n\t\t\t\t\t\t\t<\/li>\r\n\t\t\t\t\t\t\t\r\n\t\t\t\t\t\t\t<li role=\"presentation\"  onclick=\"do_resize()\">\r\n\t\t\t\t\t\t\t\t<a href=\"#tabs_desc_8891_5\" aria-controls=\"tabs_desc_8891_5\" role=\"tab\" data-toggle=\"tab\">\r\n\t\t\t\t\t\t\t\t\t\r\n\t\t\t\t\t\t\t\t\t\t\t\t\t\t\t\t\t\t\t\t\t\t\t\t\t\t\t\t\t\t\t<i class=\"fa fa-arrow-circle-o-down\"><\/i> \t\t\t\t\t\t\t\t\t\t\t\t\t\t\t\t\t\t\t\r\n\t\t\t\t\t\t\t\t\t\t\t\t\t\t\t\t\t\t\r\n\t\t\t\t\t\t\t\t\t<span>Pression atmosph\u00e9rique<\/span>\r\n\t\t\t\t\t\t\t\t\t\r\n\t\t\t\t\t\t\t\t\t\t\t\t\t\t\t\t\t\t\r\n\t\t\t\t\t\t\t\t\t\t\t\t\t\t\t\t\t\t\t\t\r\n\t\t\t\t\t\t\t\t\t\r\n\t\t\t\t\t\t\t\t<\/a>\r\n\t\t\t\t\t\t\t<\/li>\r\n\t\t\t\t\t\t\t\t\t\t\t <\/ul>\r\n\r\n\t\t\t\t\t  <!-- Tab panes -->\r\n\t\t\t\t\t  <div class=\"tab-content\" id=\"tab-content_8891\">\r\n\t\t\t\t\t\t\t\t\t\t\t\t <div role=\"tabpanel\" class=\"tab-pane  in active \" id=\"tabs_desc_8891_1\">\r\n\t\t\t\t\t\t\t\t<table style=\"height: 186px\" width=\"990\">\r\n<tbody>\r\n<tr>\r\n<td><\/td>\r\n<td>Jan<\/td>\r\n<td>Feb<\/td>\r\n<td>Mar<\/td>\r\n<td>Avr<\/td>\r\n<td>Mai<\/td>\r\n<td>Jun<\/td>\r\n<td>Jul<\/td>\r\n<td>Aug<\/td>\r\n<td>Sep<\/td>\r\n<td>Oct<\/td>\r\n<td>Nov<\/td>\r\n<td>Dec<\/td>\r\n<\/tr>\r\n<tr>\r\n<td>Temp\u00e9rature moyenne<\/td>\r\n<td>23<\/td>\r\n<td>24<\/td>\r\n<td>23<\/td>\r\n<td>23<\/td>\r\n<td>22<\/td>\r\n<td>19<\/td>\r\n<td>19<\/td>\r\n<td>19<\/td>\r\n<td>20<\/td>\r\n<td>21<\/td>\r\n<td>22<\/td>\r\n<td>23<\/td>\r\n<\/tr>\r\n<tr>\r\n<td>Temp\u00e9rature minimale<\/td>\r\n<td>20<\/td>\r\n<td>20<\/td>\r\n<td>20<\/td>\r\n<td>19<\/td>\r\n<td>18<\/td>\r\n<td>15<\/td>\r\n<td>15<\/td>\r\n<td>15<\/td>\r\n<td>15<\/td>\r\n<td>16<\/td>\r\n<td>18<\/td>\r\n<td>19<\/td>\r\n<\/tr>\r\n<tr>\r\n<td>Temp\u00e9rature maximale<\/td>\r\n<td>27<\/td>\r\n<td>27<\/td>\r\n<td>27<\/td>\r\n<td>27<\/td>\r\n<td>25<\/td>\r\n<td>23<\/td>\r\n<td>23<\/td>\r\n<td>23<\/td>\r\n<td>24<\/td>\r\n<td>25<\/td>\r\n<td>26<\/td>\r\n<td>27<\/td>\r\n<\/tr>\r\n<tr>\r\n<td>Jours de pluie<\/td>\r\n<td>27<\/td>\r\n<td>24<\/td>\r\n<td>26<\/td>\r\n<td>19<\/td>\r\n<td>17<\/td>\r\n<td>18<\/td>\r\n<td>21<\/td>\r\n<td>20<\/td>\r\n<td>15<\/td>\r\n<td>16<\/td>\r\n<td>20<\/td>\r\n<td>25<\/td>\r\n<\/tr>\r\n<\/tbody>\r\n<\/table>\r\n<p style=\"text-align: justify\">Nous avons mesur\u00e9 et compil\u00e9 les donn\u00e9es fournies en plusieurs ann\u00e9es avec des thermo- et hygrom\u00e8tres directement sur les lieux de d\u00e9couverte des animaux. \"Temp\u00e9rature moyenne\" signifie que les valeurs d'un mois entier ont \u00e9t\u00e9 calcul\u00e9es \u00e0 une valeur moyenne, par exemple toutes les valeurs minimales mesur\u00e9es de f\u00e9vrier ont \u00e9t\u00e9 calcul\u00e9es \u00e0 une valeur minimale moyenne pour f\u00e9vrier. Cela signifie en clair que les valeurs maximales individuelles d'une journ\u00e9e peuvent \u00eatre sensiblement sup\u00e9rieures ou inf\u00e9rieures aux valeurs minimales et maximales moyennes. Il est donc possible que bien que la moyenne maximale soit de 29 degr\u00e9s, il faisait 33\u00b0C ou m\u00eame 35\u00b0C certains jours du mois.<br><\/br>\r\nTrois exemples d'\u00e9volution journali\u00e8re des temp\u00e9ratures pendant <b>la saison des pluies<\/b> \u00e0 Andasibe sont pr\u00e9sent\u00e9s ci-dessous. Tous deux ont \u00e9t\u00e9 enregistr\u00e9s en 2023 avec des enregistreurs de donn\u00e9es.<\/p>\r\n<img loading=\"lazy\" decoding=\"async\" class=\"aligncenter wp-image-4189 size-full\" src=\"https:\/\/www.madcham.de\/wp-content\/uploads\/2023\/03\/Temperatur-2023-Andasibe-1.jpg\" alt=\"2023 Temperaturen in Andasibe\" width=\"657\" height=\"437\" \/>\r\n<img loading=\"lazy\" decoding=\"async\" class=\"aligncenter wp-image-4189 size-full\" src=\"https:\/\/www.madcham.de\/wp-content\/uploads\/2023\/03\/Temperatur-2023-Andasibe-2.jpg\" alt=\"2023 Temperaturen in Andasibe\" width=\"657\" height=\"437\" \/>\r\n<img loading=\"lazy\" decoding=\"async\" class=\"aligncenter wp-image-4189 size-full\" src=\"https:\/\/www.madcham.de\/wp-content\/uploads\/2023\/03\/Temperatur-2023-Andasibe-3.jpg\" alt=\"2023 Temperaturen in Andasibe\" width=\"657\" height=\"437\" \/>\t\t\t\t\t\t <\/div>\r\n\t\t\t\t\t\t\t\t\t\t\t\t <div role=\"tabpanel\" class=\"tab-pane \" id=\"tabs_desc_8891_2\">\r\n\t\t\t\t\t\t\t\t<p style=\"text-align : justify\">La r\u00e9gion d'Andasibe et ses for\u00eats de Mantadia, Mitsinjo et Analamazaotra sont situ\u00e9es sur les hauts plateaux de l'est de Madagascar, \u00e0 une altitude comprise entre 900 et 1250 m au-dessus du niveau de la mer. La journ\u00e9e, la temp\u00e9rature d\u00e9passe parfois les 25\u00b0C, mais le thermom\u00e8tre ne d\u00e9passe que rarement la barre des 30\u00b0C ou alors seulement lors des taches de soleil. La nuit, les temp\u00e9ratures descendent tr\u00e8s bas, surtout pendant la saison s\u00e8che. Les 10\u00b0 \u00e0 15\u00b0 sont la r\u00e8gle.\r\n<\/p>\r\n<p style=\"text-align : justify\">\r\nL'humidit\u00e9 de l'air dans les for\u00eats tropicales autour d'Andasibe est \u00e9lev\u00e9e tout au long de l'ann\u00e9e. Pendant la saison des pluies, il pleut abondamment tous les jours, parfois la pluie persiste pendant des jours. Mais la saison s\u00e8che ne se distingue pas non plus massivement, si ce n'est qu'elle pr\u00e9sente globalement des temp\u00e9ratures un peu plus fra\u00eeches et qu'elle atteint des temp\u00e9ratures plus basses la nuit. Il pleut n\u00e9anmoins au moins un jour sur deux. La pluie, l'humidit\u00e9 \u00e9lev\u00e9e et la chute des temp\u00e9ratures nocturnes sont donc les points centraux du climat de l'Andasibe. En 2023, nous avons utilis\u00e9 des enregistreurs de donn\u00e9es pour mesurer l'humidit\u00e9 relative de l'air pendant diff\u00e9rents jours autour d'Andasibe pendant <b>la saison des pluies<\/b>, les donn\u00e9es se trouvent ci-dessous.<\/p>\r\n<img loading=\"lazy\" decoding=\"async\" class=\"aligncenter wp-image-4189 size-full\" src=\"https:\/\/www.madcham.de\/wp-content\/uploads\/2023\/03\/Luftfeuchtigkeit-2023-Andasibe-3.jpg\" alt=\"2023 Luftfeuchtigkeit in Andasibe\" width=\"657\" height=\"437\" \/>\r\n<img loading=\"lazy\" decoding=\"async\" class=\"aligncenter wp-image-4189 size-full\" src=\"https:\/\/www.madcham.de\/wp-content\/uploads\/2023\/03\/Luftfeuchtigkeit-2023-Andasibe-2.jpg\" alt=\"2023 Luftfeuchtigkeit in Andasibe\" width=\"657\" height=\"437\" \/>\r\n<img loading=\"lazy\" decoding=\"async\" class=\"aligncenter wp-image-4189 size-full\" src=\"https:\/\/www.madcham.de\/wp-content\/uploads\/2023\/03\/Luftfeuchtigkeit-2023-Andasibe-1.jpg\" alt=\"2023 Luftfeuchtigkeit in Andasibe\" width=\"657\" height=\"437\" \/>\t\t\t\t\t\t <\/div>\r\n\t\t\t\t\t\t\t\t\t\t\t\t <div role=\"tabpanel\" class=\"tab-pane \" id=\"tabs_desc_8891_3\">\r\n\t\t\t\t\t\t\t\t<img loading=\"lazy\" decoding=\"async\" class=\"aligncenter wp-image-4189 size-full\" src=\"https:\/\/www.madcham.de\/wp-content\/uploads\/2014\/09\/uvi_andasibe3.jpg\" alt=\"2014 UVI Andasibe\" width=\"657\" height=\"437\" \/>\r\n<img loading=\"lazy\" decoding=\"async\" class=\"aligncenter wp-image-4189 size-full\" src=\"https:\/\/www.madcham.de\/wp-content\/uploads\/2014\/09\/uvi_andasibe2.jpg\" alt=\"2016 UVI Andasibe\" width=\"657\" height=\"437\" \/>\r\n<p style=\"text-align: justify\">Les donn\u00e9es UVB ont \u00e9t\u00e9 mesur\u00e9es avec un Solarmeter 6,5 au printemps (mars, avril), au moment o\u00f9 l'activit\u00e9 des cam\u00e9l\u00e9ons \u00e9tait la plus \u00e9lev\u00e9e. Les valeurs maximales \u00e0 atteindre par le cam\u00e9l\u00e9on dans l'habitat ont \u00e9t\u00e9 mesur\u00e9es.<\/p>\t\t\t\t\t\t <\/div>\r\n\t\t\t\t\t\t\t\t\t\t\t\t <div role=\"tabpanel\" class=\"tab-pane \" id=\"tabs_desc_8891_4\">\r\n\t\t\t\t\t\t\t\t<table style=\"height: 186px\" width=\"990\">\r\n<tbody>\r\n<tr>\r\n<td><\/td>\r\n<td>Jan<\/td>\r\n<td>F\u00e9v<\/td>\r\n<td>Mar<\/td>\r\n<td>Avr<\/td>\r\n<td>Mai<\/td>\r\n<td>Juin<\/td>\r\n<td>Juil<\/td>\r\n<td>Ao\u00fbt<\/td>\r\n<td>Sep<\/td>\r\n<td>Oct<\/td>\r\n<td>Nov<\/td>\r\n<td>D\u00e9c<\/td>\r\n<\/tr>\r\n<tr>\r\n<td>Le matin<\/td>\r\n<td>23,2<\/td>\r\n<td>23,4<\/td>\r\n<td>22,0<\/td>\r\n<td>22,1<\/td>\r\n<td>20,5<\/td>\r\n<td>16,0<\/td>\r\n<td>16,3<\/td>\r\n<td>16,5<\/td>\r\n<td>17,4<\/td>\r\n<td>16,7<\/td>\r\n<td>21,2<\/td>\r\n<td>-<\/td>\r\n<\/tr>\r\n<tr>\r\n<td>\u00c0 midi<\/td>\r\n<td>25,4<\/td>\r\n<td>25,3<\/td>\r\n<td>24,5<\/td>\r\n<td>22,5<\/td>\r\n<td>20,2<\/td>\r\n<td>16,5<\/td>\r\n<td>16,3<\/td>\r\n<td>17,7<\/td>\r\n<td>18,3<\/td>\r\n<td>18,0<\/td>\r\n<td>21,4<\/td>\r\n<td>-<\/td>\r\n<\/tr>\r\n<tr>\r\n<td>Le soir<\/td>\r\n<td>25,5<\/td>\r\n<td>25,1<\/td>\r\n<td>25,0<\/td>\r\n<td>25,3<\/td>\r\n<td>20,8<\/td>\r\n<td>17,2<\/td>\r\n<td>16,1<\/td>\r\n<td>17,0<\/td>\r\n<td>19,6<\/td>\r\n<td>23,0<\/td>\r\n<td>22,0<\/td>\r\n<td>-<\/td>\r\n<\/tr>\r\n<\/tbody>\r\n<\/table>\r\n<p style=\"text-align: justify\">Entre le 21 mars 2018 et le 05 f\u00e9vrier 2019, nous avons mesur\u00e9 environ un jour sur deux <a href=\"https:\/\/www.madcham.de\/de\/publikationen\/\">la temp\u00e9rature du sol dans la for\u00eat tropicale d'Andasibe<\/a> et ses environs (Analamazaotra, Andasibe, V.O.I.M.M.A. et Mitsinjo) - le tableau est le r\u00e9sultat de ces mesures. Seule la p\u00e9riode de d\u00e9cembre n'a pas fait l'objet de mesures. Une discussion d\u00e9taill\u00e9e est disponible <a href=\"https:\/\/www.madcham.de\/de\/publikationen\/\">ici<\/a>. Au total, nous avons effectu\u00e9 418 mesures de la temp\u00e9rature du sol et avons mesur\u00e9 environ 70 endroits diff\u00e9rents \u00e0 Andasibe et dans les environs \u00e0 une profondeur de 20 cm.<\/p>\t\t\t\t\t\t <\/div>\r\n\t\t\t\t\t\t\t\t\t\t\t\t <div role=\"tabpanel\" class=\"tab-pane \" id=\"tabs_desc_8891_5\">\r\n\t\t\t\t\t\t\t\t<p style=\"text-align: justify\">En 2023, en plus des autres donn\u00e9es climatiques, nous avons \u00e9galement mesur\u00e9 la pression atmosph\u00e9rique dans les endroits que nous avons visit\u00e9s \u00e0 Madagascar. Les donn\u00e9es suivantes proviennent de diff\u00e9rents jours de <b>la saison des pluies<\/b> autour d'Andasibe. Sur l'axe des abscisses se trouve l'heure du jour ou de la nuit. \u00c0 Madagascar, le jour commence vers 6 heures et la nuit tombe d\u00e9j\u00e0 \u00e0 18 heures. L'axe Y indique la pression atmosph\u00e9rique en hPa.<\/p>\r\n\r\n<img loading=\"lazy\" decoding=\"async\" class=\"aligncenter wp-image-4189 size-full\" src=\"https:\/\/www.madcham.de\/wp-content\/uploads\/2023\/03\/Luftdruck-2023-Andasibe-3.jpg\" alt=\"2023 Luftdruck in Andasibe\" width=\"657\" height=\"437\" \/>\r\n<img loading=\"lazy\" decoding=\"async\" class=\"aligncenter wp-image-4189 size-full\" src=\"https:\/\/www.madcham.de\/wp-content\/uploads\/2023\/03\/Luftdruck-2023-Andasibe-2.jpg\" alt=\"2023 Luftdruck in Andasibe\" width=\"657\" height=\"437\" \/>\r\n<img loading=\"lazy\" decoding=\"async\" class=\"aligncenter wp-image-4189 size-full\" src=\"https:\/\/www.madcham.de\/wp-content\/uploads\/2023\/03\/Luftdruck-2023-Andasibe-1.jpg\" alt=\"2023 Luftdruck in Andasibe\" width=\"657\" height=\"437\" \/>\t\t\t\t\t\t <\/div>\r\n\t\t\t\t\t\t\t\r\n\t\t\t\t\t <\/div>\r\n\t\t\t\t\t \r\n\t\t\t\t <\/div>\r\n <script>\r\n\t\tjQuery(function () {\r\n\t\t\tjQuery('#myTab_8891 a:first').tab('show')\r\n\t\t});\r\n\t\t\r\n\t\t\t\tjQuery(function(){\r\n\t\t\tvar b=\"fadeIn\";\r\n\t\t\tvar c;\r\n\t\t\tvar a;\r\n\t\t\td(jQuery(\"#myTab_8891 a\"),jQuery(\"#tab-content_8891\"));function d(e,f,g){\r\n\t\t\t\te.click(function(i){\r\n\t\t\t\t\ti.preventDefault();\r\n\t\t\t\t\tjQuery(this).tab(\"show\");\r\n\t\t\t\t\tvar h=jQuery(this).data(\"easein\");\r\n\t\t\t\t\tif(c){c.removeClass(a);}\r\n\t\t\t\t\tif(h){f.find(\"div.active\").addClass(\"animated \"+h);a=h;}\r\n\t\t\t\t\telse{if(g){f.find(\"div.active\").addClass(\"animated \"+g);a=g;}else{f.find(\"div.active\").addClass(\"animated \"+b);a=b;}}c=f.find(\"div.active\");\r\n\t\t\t\t});\r\n\t\t\t}\r\n\t\t});\r\n\t\t\r\n\r\n\t\tfunction do_resize(){\r\n\r\n\t\t\tvar width=jQuery( '.tab-content .tab-pane iframe' ).width();\r\n\t\t\tvar height=jQuery( '.tab-content .tab-pane iframe' ).height();\r\n\r\n\t\t\tvar toggleSize = true;\r\n\t\t\tjQuery('iframe').animate({\r\n\t\t\t    width: toggleSize ? width : 640,\r\n\t\t\t    height: toggleSize ? height : 360\r\n\t\t\t  }, 250);\r\n\r\n\t\t\t  toggleSize = !toggleSize;\r\n\t\t}\r\n\r\n\r\n\t<\/script>\r\n\t\t\t\t\r\n\t\t\t\n<h4>Habitat:<\/h4>\n<p style=\"text-align: justify;\">Les photos suivantes montrent des parties de l&rsquo;habitat de <em>Furcifer bifidus<\/em> dans la r\u00e9gion d&rsquo;Andasibe. Certains d&rsquo;entre eux proviennent directement des sites de l&rsquo;esp\u00e8ce. Les for\u00eats tropicales humides de cette r\u00e9gion sont principalement constitu\u00e9es de jeunes arbres \u00e9troits. <em>Furcifer bifidus<\/em> vit ici non seulement dans la for\u00eat tropicale elle-m\u00eame, mais aussi dans la v\u00e9g\u00e9tation secondaire \u00e0 la lisi\u00e8re des for\u00eats tropicales, dans les tamarins et autres arbres \u00e0 cime saillante. Ils pr\u00e9f\u00e8rent rester relativement haut dans les branches.<\/p>\n<div id='gallery-6' class='gallery galleryid-8891 gallery-columns-2 gallery-size-habitat_thumb'><figure class='gallery-item'>\n\t\t\t<div class='gallery-icon landscape'>\n\t\t\t\t<a href='https:\/\/www.madcham.de\/wp-content\/uploads\/2015\/06\/Habitat-Furcifer-bifidus-2.jpg'><img loading=\"lazy\" decoding=\"async\" width=\"650\" height=\"250\" src=\"https:\/\/www.madcham.de\/wp-content\/uploads\/2015\/06\/Habitat-Furcifer-bifidus-2.jpg\" class=\"attachment-habitat_thumb size-habitat_thumb\" alt=\"\" srcset=\"https:\/\/www.madcham.de\/wp-content\/uploads\/2015\/06\/Habitat-Furcifer-bifidus-2.jpg 650w, https:\/\/www.madcham.de\/wp-content\/uploads\/2015\/06\/Habitat-Furcifer-bifidus-2-300x115.jpg 300w, https:\/\/www.madcham.de\/wp-content\/uploads\/2015\/06\/Habitat-Furcifer-bifidus-2-420x162.jpg 420w, https:\/\/www.madcham.de\/wp-content\/uploads\/2015\/06\/Habitat-Furcifer-bifidus-2-81x31.jpg 81w\" sizes=\"(max-width: 650px) 100vw, 650px\" \/><\/a>\n\t\t\t<\/div><\/figure><figure class='gallery-item'>\n\t\t\t<div class='gallery-icon landscape'>\n\t\t\t\t<a href='https:\/\/www.madcham.de\/wp-content\/uploads\/2015\/06\/Habitat-Furcifer-bifidus.jpg'><img loading=\"lazy\" decoding=\"async\" width=\"650\" height=\"250\" src=\"https:\/\/www.madcham.de\/wp-content\/uploads\/2015\/06\/Habitat-Furcifer-bifidus-650x250.jpg\" class=\"attachment-habitat_thumb size-habitat_thumb\" alt=\"\" \/><\/a>\n\t\t\t<\/div><\/figure><figure class='gallery-item'>\n\t\t\t<div class='gallery-icon landscape'>\n\t\t\t\t<a href='https:\/\/www.madcham.de\/wp-content\/uploads\/2014\/09\/Habitat-Vohimana-2.jpg'><img loading=\"lazy\" decoding=\"async\" width=\"650\" height=\"250\" src=\"https:\/\/www.madcham.de\/wp-content\/uploads\/2014\/09\/Habitat-Vohimana-2.jpg\" class=\"attachment-habitat_thumb size-habitat_thumb\" alt=\"\" aria-describedby=\"gallery-6-700\" srcset=\"https:\/\/www.madcham.de\/wp-content\/uploads\/2014\/09\/Habitat-Vohimana-2.jpg 650w, https:\/\/www.madcham.de\/wp-content\/uploads\/2014\/09\/Habitat-Vohimana-2-420x162.jpg 420w, https:\/\/www.madcham.de\/wp-content\/uploads\/2014\/09\/Habitat-Vohimana-2-81x31.jpg 81w, https:\/\/www.madcham.de\/wp-content\/uploads\/2014\/09\/Habitat-Vohimana-2-300x115.jpg 300w\" sizes=\"(max-width: 650px) 100vw, 650px\" \/><\/a>\n\t\t\t<\/div>\n\t\t\t\t<figcaption class='wp-caption-text gallery-caption' id='gallery-6-700'>\n\t\t\t\tSekund\u00e4rvegetation in der Gegend von Vohimana\n\t\t\t\t<\/figcaption><\/figure><figure class='gallery-item'>\n\t\t\t<div class='gallery-icon landscape'>\n\t\t\t\t<a href='https:\/\/www.madcham.de\/wp-content\/uploads\/2014\/09\/Habitat-Vohimana-11.jpg'><img loading=\"lazy\" decoding=\"async\" width=\"650\" height=\"250\" src=\"https:\/\/www.madcham.de\/wp-content\/uploads\/2014\/09\/Habitat-Vohimana-11-650x250.jpg\" class=\"attachment-habitat_thumb size-habitat_thumb\" alt=\"\" aria-describedby=\"gallery-6-701\" \/><\/a>\n\t\t\t<\/div>\n\t\t\t\t<figcaption class='wp-caption-text gallery-caption' id='gallery-6-701'>\n\t\t\t\tBananenplantage nahe Vohimana\n\t\t\t\t<\/figcaption><\/figure><figure class='gallery-item'>\n\t\t\t<div class='gallery-icon landscape'>\n\t\t\t\t<a href='https:\/\/www.madcham.de\/wp-content\/uploads\/2015\/04\/Mahambo-Habitat-2018-1.jpg'><img loading=\"lazy\" decoding=\"async\" width=\"650\" height=\"250\" src=\"https:\/\/www.madcham.de\/wp-content\/uploads\/2015\/04\/Mahambo-Habitat-2018-1-650x250.jpg\" class=\"attachment-habitat_thumb size-habitat_thumb\" alt=\"\" aria-describedby=\"gallery-6-6678\" \/><\/a>\n\t\t\t<\/div>\n\t\t\t\t<figcaption class='wp-caption-text gallery-caption' id='gallery-6-6678'>\n\t\t\t\tLebensraum in Anjahambe\n\t\t\t\t<\/figcaption><\/figure><figure class='gallery-item'>\n\t\t\t<div class='gallery-icon landscape'>\n\t\t\t\t<a href='https:\/\/www.madcham.de\/wp-content\/uploads\/2015\/04\/Mahambo-Habitat-2018-2.jpg'><img loading=\"lazy\" decoding=\"async\" width=\"650\" height=\"250\" src=\"https:\/\/www.madcham.de\/wp-content\/uploads\/2015\/04\/Mahambo-Habitat-2018-2-650x250.jpg\" class=\"attachment-habitat_thumb size-habitat_thumb\" alt=\"\" aria-describedby=\"gallery-6-6679\" \/><\/a>\n\t\t\t<\/div>\n\t\t\t\t<figcaption class='wp-caption-text gallery-caption' id='gallery-6-6679'>\n\t\t\t\tAm Rande diverser Kaffeplantagen in Anjahambe\n\t\t\t\t<\/figcaption><\/figure>\n\t\t<\/div>\n\n<p style=\"text-align: justify;\">Ci-dessous, tu trouveras quelques images \u00e0 360\u00b0 de Vohimana que nous avons prises pendant la saison des pluies. Si l&rsquo;on clique sur une photo, celle-ci s&rsquo;ouvre en vue agrandie dans une fen\u00eatre s\u00e9par\u00e9e. Avec la souris, on peut se tourner dans toutes les directions. Il est \u00e9galement possible d&rsquo;afficher les images en mode plein \u00e9cran. Bon visionnage !<\/p>\n<p><a href=\"https:\/\/app2.ricoh360.com\/viewer\/59f55984-ed9b-41d4-83c0-92fdc1262dcb\" target=\"_blank\" rel=\"noopener\"><img loading=\"lazy\" decoding=\"async\" class=\"aligncenter wp-image-14624 size-large\" src=\"https:\/\/www.madcham.de\/wp-content\/uploads\/2014\/09\/Vohimana-Maerz-2018-2-1024x576.jpg\" alt=\"\" width=\"1024\" height=\"576\" srcset=\"https:\/\/www.madcham.de\/wp-content\/uploads\/2014\/09\/Vohimana-Maerz-2018-2-1024x576.jpg 1024w, https:\/\/www.madcham.de\/wp-content\/uploads\/2014\/09\/Vohimana-Maerz-2018-2-300x169.jpg 300w, https:\/\/www.madcham.de\/wp-content\/uploads\/2014\/09\/Vohimana-Maerz-2018-2-768x432.jpg 768w, https:\/\/www.madcham.de\/wp-content\/uploads\/2014\/09\/Vohimana-Maerz-2018-2-1536x864.jpg 1536w, https:\/\/www.madcham.de\/wp-content\/uploads\/2014\/09\/Vohimana-Maerz-2018-2-2048x1152.jpg 2048w, https:\/\/www.madcham.de\/wp-content\/uploads\/2014\/09\/Vohimana-Maerz-2018-2-1200x675.jpg 1200w, https:\/\/www.madcham.de\/wp-content\/uploads\/2014\/09\/Vohimana-Maerz-2018-2-420x236.jpg 420w, https:\/\/www.madcham.de\/wp-content\/uploads\/2014\/09\/Vohimana-Maerz-2018-2-81x46.jpg 81w, https:\/\/www.madcham.de\/wp-content\/uploads\/2014\/09\/Vohimana-Maerz-2018-2-200x112.jpg 200w\" sizes=\"(max-width: 1024px) 100vw, 1024px\" \/><\/a><a href=\"https:\/\/app2.ricoh360.com\/viewer\/55a44db0-7823-4c08-be5f-9f8d1dc12be3\" target=\"_blank\" rel=\"noopener\"><img loading=\"lazy\" decoding=\"async\" class=\"aligncenter wp-image-14626 size-large\" src=\"https:\/\/www.madcham.de\/wp-content\/uploads\/2014\/09\/Vohimana-Maerz-2018-4-1024x576.jpg\" alt=\"\" width=\"1024\" height=\"576\" srcset=\"https:\/\/www.madcham.de\/wp-content\/uploads\/2014\/09\/Vohimana-Maerz-2018-4-1024x576.jpg 1024w, https:\/\/www.madcham.de\/wp-content\/uploads\/2014\/09\/Vohimana-Maerz-2018-4-300x169.jpg 300w, https:\/\/www.madcham.de\/wp-content\/uploads\/2014\/09\/Vohimana-Maerz-2018-4-768x432.jpg 768w, https:\/\/www.madcham.de\/wp-content\/uploads\/2014\/09\/Vohimana-Maerz-2018-4-1536x864.jpg 1536w, https:\/\/www.madcham.de\/wp-content\/uploads\/2014\/09\/Vohimana-Maerz-2018-4-2048x1152.jpg 2048w, https:\/\/www.madcham.de\/wp-content\/uploads\/2014\/09\/Vohimana-Maerz-2018-4-1200x675.jpg 1200w, https:\/\/www.madcham.de\/wp-content\/uploads\/2014\/09\/Vohimana-Maerz-2018-4-420x236.jpg 420w, https:\/\/www.madcham.de\/wp-content\/uploads\/2014\/09\/Vohimana-Maerz-2018-4-81x46.jpg 81w, https:\/\/www.madcham.de\/wp-content\/uploads\/2014\/09\/Vohimana-Maerz-2018-4-200x112.jpg 200w\" sizes=\"(max-width: 1024px) 100vw, 1024px\" \/><\/a><a href=\"https:\/\/app2.ricoh360.com\/viewer\/c3b7d75e-131c-437a-bf56-a769a4454255\" target=\"_blank\" rel=\"noopener\"><img loading=\"lazy\" decoding=\"async\" class=\"aligncenter wp-image-14629 size-large\" src=\"https:\/\/www.madcham.de\/wp-content\/uploads\/2014\/09\/Vohimana-Maerz-2018-7-1024x576.jpg\" alt=\"\" width=\"1024\" height=\"576\" srcset=\"https:\/\/www.madcham.de\/wp-content\/uploads\/2014\/09\/Vohimana-Maerz-2018-7-1024x576.jpg 1024w, https:\/\/www.madcham.de\/wp-content\/uploads\/2014\/09\/Vohimana-Maerz-2018-7-300x169.jpg 300w, https:\/\/www.madcham.de\/wp-content\/uploads\/2014\/09\/Vohimana-Maerz-2018-7-768x432.jpg 768w, https:\/\/www.madcham.de\/wp-content\/uploads\/2014\/09\/Vohimana-Maerz-2018-7-1536x864.jpg 1536w, https:\/\/www.madcham.de\/wp-content\/uploads\/2014\/09\/Vohimana-Maerz-2018-7-2048x1152.jpg 2048w, https:\/\/www.madcham.de\/wp-content\/uploads\/2014\/09\/Vohimana-Maerz-2018-7-1200x675.jpg 1200w, https:\/\/www.madcham.de\/wp-content\/uploads\/2014\/09\/Vohimana-Maerz-2018-7-420x236.jpg 420w, https:\/\/www.madcham.de\/wp-content\/uploads\/2014\/09\/Vohimana-Maerz-2018-7-81x46.jpg 81w, https:\/\/www.madcham.de\/wp-content\/uploads\/2014\/09\/Vohimana-Maerz-2018-7-200x112.jpg 200w\" sizes=\"(max-width: 1024px) 100vw, 1024px\" \/><\/a>","protected":false},"excerpt":{"rendered":"<p>Description initiale: (Brongniart, 1800) Origine du nom de l&rsquo;esp\u00e8ce: Le zoologiste et g\u00e9ologue fran\u00e7ais Alexandre Brongniart a enseign\u00e9 la min\u00e9ralogie au Mus\u00e9um d&rsquo;histoire naturelle de Paris, mais s&rsquo;est \u00e9galement int\u00e9ress\u00e9 aux reptiles et aux amphibiens. En 1800, il a d\u00e9crit l&rsquo;esp\u00e8ce Furcifer bifidus sur la base des pr\u00e9parations de cam\u00e9l\u00e9ons disponibles au mus\u00e9e. Il a emprunt\u00e9 le nom de l&rsquo;esp\u00e8ce au latin bifidum, qui signifie \u00ab\u00a0divis\u00e9 en deux\u00a0\u00bb et fait allusion au processus nasal du m\u00e2le. Distribution: Furcifer bifidus vit dans les for\u00eats tropicales humides le long de la c\u00f4te est de Madagascar jusqu&rsquo;\u00e0 une altitude d&rsquo;environ 1000 m. La zone de distribution s&rsquo;\u00e9tend d&rsquo;Andasibe \u00e0 l&rsquo;est jusqu&rsquo;\u00e0 Toamasina (Tamatave) et au nord, via Fenoarivo, jusqu&rsquo;au parc national de Marojejy. Selon une d\u00e9couverte individuelle faite en 2006, elle s&rsquo;\u00e9tend m\u00eame jusqu&rsquo;\u00e0 une zone plus humide pr\u00e8s de Daraina, au nord-est de Voh\u00e9mar, qui est autrement s\u00e8che et poussi\u00e9reuse. Jusqu&rsquo;\u00e0 pr\u00e9sent, nous n&rsquo;avons pu d\u00e9couvrir l&rsquo;esp\u00e8ce que dans la zone autour du parc national Andasibe-Mantadia et autour de Vohimana et pr\u00e8s de Mahambo sur la c\u00f4te est. Ils y colonisent la v\u00e9g\u00e9tation secondaire et les plantations de caf\u00e9 en terrain vallonn\u00e9. Plus au nord, nous n&rsquo;avons pas encore trouv\u00e9 Furcifer bifidus&#8230;.<\/p>\n","protected":false},"author":3,"featured_media":6593,"comment_status":"closed","ping_status":"closed","sticky":false,"template":"","format":"gallery","meta":{"_monsterinsights_skip_tracking":false,"_monsterinsights_sitenote_active":false,"_monsterinsights_sitenote_note":"","_monsterinsights_sitenote_category":0,"footnotes":""},"categories":[27],"tags":[238,243,233,91,76,232,234,67,241,240,235,242,206,97,236,239,237],"_links":{"self":[{"href":"https:\/\/www.madcham.de\/fr\/wp-json\/wp\/v2\/posts\/2751"}],"collection":[{"href":"https:\/\/www.madcham.de\/fr\/wp-json\/wp\/v2\/posts"}],"about":[{"href":"https:\/\/www.madcham.de\/fr\/wp-json\/wp\/v2\/types\/post"}],"author":[{"embeddable":true,"href":"https:\/\/www.madcham.de\/fr\/wp-json\/wp\/v2\/users\/3"}],"replies":[{"embeddable":true,"href":"https:\/\/www.madcham.de\/fr\/wp-json\/wp\/v2\/comments?post=2751"}],"version-history":[{"count":49,"href":"https:\/\/www.madcham.de\/fr\/wp-json\/wp\/v2\/posts\/2751\/revisions"}],"predecessor-version":[{"id":15156,"href":"https:\/\/www.madcham.de\/fr\/wp-json\/wp\/v2\/posts\/2751\/revisions\/15156"}],"wp:featuredmedia":[{"embeddable":true,"href":"https:\/\/www.madcham.de\/fr\/wp-json\/wp\/v2\/media\/6593"}],"wp:attachment":[{"href":"https:\/\/www.madcham.de\/fr\/wp-json\/wp\/v2\/media?parent=2751"}],"wp:term":[{"taxonomy":"category","embeddable":true,"href":"https:\/\/www.madcham.de\/fr\/wp-json\/wp\/v2\/categories?post=2751"},{"taxonomy":"post_tag","embeddable":true,"href":"https:\/\/www.madcham.de\/fr\/wp-json\/wp\/v2\/tags?post=2751"}],"curies":[{"name":"wp","href":"https:\/\/api.w.org\/{rel}","templated":true}]}}