{"id":829,"date":"2014-09-05T20:02:48","date_gmt":"2014-09-05T18:02:48","guid":{"rendered":"http:\/\/madcham.com\/wordpress\/?p=829"},"modified":"2025-11-15T17:50:56","modified_gmt":"2025-11-15T16:50:56","slug":"calumma-malthe","status":"publish","type":"post","link":"https:\/\/www.madcham.de\/fr\/calumma-malthe\/","title":{"rendered":"Calumma malthe"},"content":{"rendered":"<div class=\"simple-alert-boxes sab_success sab_normal \">\r\n\t\t<strong>Quotas CITES<\/strong><br \/>\n2011-13 pas d&rsquo;animaux, 2014-22 pour 500 animaux, 2023 seulement 250 animaux, 2024-25 \u00e0 nouveau 500 animaux autoris\u00e9s \u00e0 l&rsquo;exportation l\u00e9gale\t<\/div>\r\n\t\n<h4><\/h4>\n<h4>Description initiale:<a href=\"https:\/\/www.iucnredlist.org\/species\/172923\/6942479\" target=\"_blank\" rel=\"noopener\"><img loading=\"lazy\" decoding=\"async\" class=\"alignright wp-image-12987\" src=\"https:\/\/www.madcham.de\/wp-content\/uploads\/2017\/07\/IUCN-Status-least-concern.jpg\" alt=\"IUCN Red List: least concern\" width=\"80\" height=\"81\" srcset=\"https:\/\/www.madcham.de\/wp-content\/uploads\/2017\/07\/IUCN-Status-least-concern.jpg 150w, https:\/\/www.madcham.de\/wp-content\/uploads\/2017\/07\/IUCN-Status-least-concern-81x82.jpg 81w\" sizes=\"(max-width: 80px) 100vw, 80px\" \/><\/a><\/h4>\n<p>(G\u00fcnther, 1879) <a href=\"https:\/\/www.biodiversitylibrary.org\/page\/28520604#page\/204\/mode\/1up\" target=\"_blank\" rel=\"noopener noreferrer\"><img loading=\"lazy\" decoding=\"async\" class=\"alignnone wp-image-9195 size-full\" style=\"margin-left: 10px; margin-top: 15px;\" src=\"https:\/\/www.madcham.de\/wp-content\/uploads\/2014\/09\/pdf-Logo.png?_t=1586766087\" alt=\"\" width=\"44\" height=\"21\" \/><\/a><\/p>\n<h4>Origine du nom de l&rsquo;esp\u00e8ce:<\/h4>\n<p style=\"text-align: justify;\">Le zoologiste allemand Albert Carl Ludwig Gotthilf G\u00fcnther, alors directeur du d\u00e9partement de zoologie du Mus\u00e9e d&rsquo;histoire naturelle de Londres (Grande-Bretagne), a nomm\u00e9 <em>Calumma malthe<\/em> en 1879 dans une tr\u00e8s courte description. On ne sait malheureusement pas comment il en est venu \u00e0 porter le nom de <em>Malthe<\/em>.<\/p>\n<div style=\"float: right; margin: 20px;\">\t\t<div id=\"maps-marker-pro-a02cb3b5\" class=\"maps-marker-pro\" style=\"width: 300px;\">\n\t\t\t<div id=\"mmp-map-wrap-a02cb3b5\" class=\"mmp-map-wrap\">\n\t\t\t\t\t\t\t\t\t<div id=\"mmp-panel-a02cb3b5\" class=\"mmp-panel\"><\/div>\n\t\t\t\t\t\t\t\t<div id=\"mmp-map-a02cb3b5\" class=\"mmp-map\" style=\"height: 300px;\"><\/div>\n\t\t\t\t\t\t\t<\/div>\n\t\t\t\t\t<\/div>\n\t\t<\/div>\n<h4>Distribution:<\/h4>\n<p style=\"text-align: justify;\">Cette fascinante esp\u00e8ce de cam\u00e9l\u00e9on habite les for\u00eats tropicales de l&rsquo;est et les for\u00eats de montagne des parcs nationaux d&rsquo;Andasibe-Mantadia, d&rsquo;Anjanaharibe-Sud et de Marojejy. Les habitats sont toujours tr\u00e8s dens\u00e9ment envahis par la v\u00e9g\u00e9tation et se trouvent loin \u00e0 l&rsquo;int\u00e9rieur des for\u00eats sempervirentes. Jusqu&rsquo;\u00e0 pr\u00e9sent, nous n&rsquo;avons trouv\u00e9 aucun cam\u00e9l\u00e9on de cette esp\u00e8ce en dehors du feuillage dense. Pendant la journ\u00e9e, on ne voit presque jamais les animaux dans la jungle. Si tu es sur le point de chercher ces cam\u00e9l\u00e9ons, tu devrais sortir le soir.<\/p>\n<h4>Apparence et taille:<\/h4>\n<p style=\"text-align: justify;\">Cette esp\u00e8ce de cam\u00e9l\u00e9on est facilement reconnaissable par ses tr\u00e8s grands lobes occipitaux et le processus du nez chez les m\u00e2les. La coloration est principalement gris-vert, avec des parties vertes sur les flancs et dans la zone du lobe occipital. La longueur totale est d&rsquo;environ 31 cm chez les m\u00e2les et d&rsquo;environ 28 cm chez les femelles. Les femelles ont des bordures bleues sur les lobes occipitaux et des paupi\u00e8res bleues pendant la saison des amours (janvier \u00e0 avril). Le sac pharyng\u00e9 des deux sexes pr\u00e9sente g\u00e9n\u00e9ralement une ou deux \u00e9cailles coniques plus grandes, le peigne arri\u00e8re a de petites dents, dont une sur trois ou quatre est l\u00e9g\u00e8rement plus grande que les autres.<\/p>\n<h4>Particularit\u00e9s:<\/h4>\n<p style=\"text-align: justify;\">D\u00e8s que ces cam\u00e9l\u00e9ons sont irrit\u00e9s, ils \u00e9tendent consid\u00e9rablement leurs lobes occipitaux, ce qui donne aux animaux une apparence plus grande et plus mena\u00e7ante. Bien s\u00fbr, c&rsquo;est l&rsquo;occasion de sifflements forts et de mouvements lat\u00e9raux mena\u00e7ants.<\/p>\n<p>&nbsp;<\/p>\n\t\t\t\t\t\t<style>\r\n\t\t\t\t\r\n\t\t\t\t\t#tab_container_8891 {\r\n\toverflow:hidden;\r\n\tdisplay:block;\r\n\twidth:100%;\r\n\tborder:0px solid #ddd;\r\n\tmargin-bottom:30px;\r\n\t}\r\n\r\n#tab_container_8891 .tab-content{\r\n\tpadding:20px;\r\n\tborder: 1px solid #e6e6e6 !important;\r\n\tmargin-top: 0px;\r\n\tbackground-color:#ffffff !important;\r\n\tcolor: #3e3e3e !important;\r\n\tfont-size:13px !important;\r\n\tfont-family: Open Sans !important;\r\n\t\r\n\t\tborder: 1px solid #e6e6e6 !important;\r\n\t}\r\n#tab_container_8891 .wpsm_nav-tabs {\r\n    border-bottom: 0px solid #ddd;\r\n}\r\n#tab_container_8891 .wpsm_nav-tabs > li.active > a, #tab_container_8891 .wpsm_nav-tabs > li.active > a:hover, #tab_container_8891 .wpsm_nav-tabs > li.active > a:focus {\r\n\tcolor: #3e3e3e !important;\r\n\tcursor: default;\r\n\tbackground-color: #ffffff !important;\r\n\tborder: 1px solid #e6e6e6 !important;\r\n}\r\n\r\n#tab_container_8891 .wpsm_nav-tabs > li > a {\r\n    margin-right: 0px !important; \r\n    line-height: 1.42857143 !important;\r\n    border: 1px solid #d5d5d5 !important;\r\n    border-radius: 0px 0px 0 0 !important; \r\n\tbackground-color: #e8e8e8 !important;\r\n\tcolor: #3e3e3e !important;\r\n\tpadding: 15px 18px 15px 18px !important;\r\n\ttext-decoration: none !important;\r\n\tfont-size: 13px !important;\r\n\ttext-align:center !important;\r\n\tfont-family: Open Sans !important;\r\n}\r\n#tab_container_8891 .wpsm_nav-tabs > li > a:focus {\r\noutline: 0px !important;\r\n}\r\n\r\n#tab_container_8891 .wpsm_nav-tabs > li > a:before {\r\n\tdisplay:none !important;\r\n}\r\n#tab_container_8891 .wpsm_nav-tabs > li > a:after {\r\n\tdisplay:none !important ;\r\n}\r\n#tab_container_8891 .wpsm_nav-tabs > li{\r\npadding:0px !important ;\r\nmargin:0px;\r\n}\r\n\r\n#tab_container_8891 .wpsm_nav-tabs > li > a:hover , #tab_container_8891 .wpsm_nav-tabs > li > a:focus {\r\n    color: #3e3e3e !important;\r\n    background-color: #e8e8e8 !important;\r\n\tborder: 1px solid #d5d5d5 !important;\r\n\t\r\n}\r\n#tab_container_8891 .wpsm_nav-tabs > li > a .fa{\r\n\r\nmargin-right:5px !important;\r\n\r\nmargin-left:5px !important;\r\n\r\n\r\n}\r\n\r\n\t\t#tab_container_8891 .wpsm_nav-tabs a{\r\n\t\t\tbackground-image: none;\r\n\t\t\tbackground-position: 0 0;\r\n\t\t\tbackground-repeat: repeat-x;\r\n\t\t}\r\n\t\t\t\r\n\r\n\r\n#tab_container_8891 .wpsm_nav-tabs > li {\r\n    float: left;\r\n    margin-bottom: -1px !important;\r\n\tmargin-right:0px !important; \r\n}\r\n\r\n\r\n#tab_container_8891 .tab-content{\r\noverflow:hidden !important;\r\n}\r\n\r\n\r\n@media (min-width: 769px) {\r\n\r\n\t#tab_container_8891 .wpsm_nav-tabs > li{\r\n\t\tfloat:left !important ;\r\n\t\t\t\tmargin-right:-1px !important;\r\n\t\t\t\t\t}\r\n\t#tab_container_8891 .wpsm_nav-tabs{\r\n\t\tfloat:none !important;\r\n\t\tmargin:0px !important;\r\n\t}\r\n\r\n\t#tab_container_8891 .wpsm_nav-tabs > li {\r\n\t\t\t\t\r\n\t}\r\n\t#tab_container_8891 .wpsm_nav{\r\n\t\t\t}\r\n\r\n}\r\n\r\n\r\n\r\n@media (max-width: 768px) {\r\n\t#tab_container_8891 .wpsm_nav-tabs > li {\r\n\t\t\t\t\r\n\t}\r\n\t#tab_container_8891 .wpsm_nav{\r\n\t\t\t}\r\n}\r\n\r\n\r\n\t.wpsm_nav-tabs li:before{\r\n\t\tdisplay:none !important;\r\n\t}\r\n\r\n\t@media (max-width: 768px) {\r\n\t\t\t\t\r\n\t\t\t\t.wpsm_nav-tabs{\r\n\t\t\tmargin-left:0px !important;\r\n\t\t\tmargin-right:0px !important; \r\n\t\t\t\r\n\t\t}\r\n\t\t\t\t#tab_container_8891 .wpsm_nav-tabs > li{\r\n\t\t\tfloat:none !important;\r\n\t\t}\r\n\t\t\t\r\n\t}\t\t\t\t<\/style>\r\n\t\t\t\t<div id=\"tab_container_8891\" >\r\n\t \r\n\t\t\t\t\t<ul class=\"wpsm_nav wpsm_nav-tabs\" role=\"tablist\" id=\"myTab_8891\">\r\n\t\t\t\t\t\t\t\r\n\t\t\t\t\t\t\t<li role=\"presentation\"  class=\"active\"  onclick=\"do_resize()\">\r\n\t\t\t\t\t\t\t\t<a href=\"#tabs_desc_8891_1\" aria-controls=\"tabs_desc_8891_1\" role=\"tab\" data-toggle=\"tab\">\r\n\t\t\t\t\t\t\t\t\t\r\n\t\t\t\t\t\t\t\t\t\t\t\t\t\t\t\t\t\t\t\t\t\t\t\t\t\t\t\t\t\t\t<i class=\"fa fa-calendar\"><\/i> \t\t\t\t\t\t\t\t\t\t\t\t\t\t\t\t\t\t\t\r\n\t\t\t\t\t\t\t\t\t\t\t\t\t\t\t\t\t\t\r\n\t\t\t\t\t\t\t\t\t<span>Tableau du climat<\/span>\r\n\t\t\t\t\t\t\t\t\t\r\n\t\t\t\t\t\t\t\t\t\t\t\t\t\t\t\t\t\t\r\n\t\t\t\t\t\t\t\t\t\t\t\t\t\t\t\t\t\t\t\t\r\n\t\t\t\t\t\t\t\t\t\r\n\t\t\t\t\t\t\t\t<\/a>\r\n\t\t\t\t\t\t\t<\/li>\r\n\t\t\t\t\t\t\t\r\n\t\t\t\t\t\t\t<li role=\"presentation\"  onclick=\"do_resize()\">\r\n\t\t\t\t\t\t\t\t<a href=\"#tabs_desc_8891_2\" aria-controls=\"tabs_desc_8891_2\" role=\"tab\" data-toggle=\"tab\">\r\n\t\t\t\t\t\t\t\t\t\r\n\t\t\t\t\t\t\t\t\t\t\t\t\t\t\t\t\t\t\t\t\t\t\t\t\t\t\t\t\t\t\t<i class=\"fa fa-cloud\"><\/i> \t\t\t\t\t\t\t\t\t\t\t\t\t\t\t\t\t\t\t\r\n\t\t\t\t\t\t\t\t\t\t\t\t\t\t\t\t\t\t\r\n\t\t\t\t\t\t\t\t\t<span>En savoir plus<\/span>\r\n\t\t\t\t\t\t\t\t\t\r\n\t\t\t\t\t\t\t\t\t\t\t\t\t\t\t\t\t\t\r\n\t\t\t\t\t\t\t\t\t\t\t\t\t\t\t\t\t\t\t\t\r\n\t\t\t\t\t\t\t\t\t\r\n\t\t\t\t\t\t\t\t<\/a>\r\n\t\t\t\t\t\t\t<\/li>\r\n\t\t\t\t\t\t\t\r\n\t\t\t\t\t\t\t<li role=\"presentation\"  onclick=\"do_resize()\">\r\n\t\t\t\t\t\t\t\t<a href=\"#tabs_desc_8891_3\" aria-controls=\"tabs_desc_8891_3\" role=\"tab\" data-toggle=\"tab\">\r\n\t\t\t\t\t\t\t\t\t\r\n\t\t\t\t\t\t\t\t\t\t\t\t\t\t\t\t\t\t\t\t\t\t\t\t\t\t\t\t\t\t\t<i class=\"fa fa-sun-o\"><\/i> \t\t\t\t\t\t\t\t\t\t\t\t\t\t\t\t\t\t\t\r\n\t\t\t\t\t\t\t\t\t\t\t\t\t\t\t\t\t\t\r\n\t\t\t\t\t\t\t\t\t<span>Indices UVB<\/span>\r\n\t\t\t\t\t\t\t\t\t\r\n\t\t\t\t\t\t\t\t\t\t\t\t\t\t\t\t\t\t\r\n\t\t\t\t\t\t\t\t\t\t\t\t\t\t\t\t\t\t\t\t\r\n\t\t\t\t\t\t\t\t\t\r\n\t\t\t\t\t\t\t\t<\/a>\r\n\t\t\t\t\t\t\t<\/li>\r\n\t\t\t\t\t\t\t\r\n\t\t\t\t\t\t\t<li role=\"presentation\"  onclick=\"do_resize()\">\r\n\t\t\t\t\t\t\t\t<a href=\"#tabs_desc_8891_4\" aria-controls=\"tabs_desc_8891_4\" role=\"tab\" data-toggle=\"tab\">\r\n\t\t\t\t\t\t\t\t\t\r\n\t\t\t\t\t\t\t\t\t\t\t\t\t\t\t\t\t\t\t\t\t\t\t\t\t\t\t\t\t\t\t<i class=\"fa fa-pagelines\"><\/i> \t\t\t\t\t\t\t\t\t\t\t\t\t\t\t\t\t\t\t\r\n\t\t\t\t\t\t\t\t\t\t\t\t\t\t\t\t\t\t\r\n\t\t\t\t\t\t\t\t\t<span>Temp\u00e9ratures du sol<\/span>\r\n\t\t\t\t\t\t\t\t\t\r\n\t\t\t\t\t\t\t\t\t\t\t\t\t\t\t\t\t\t\r\n\t\t\t\t\t\t\t\t\t\t\t\t\t\t\t\t\t\t\t\t\r\n\t\t\t\t\t\t\t\t\t\r\n\t\t\t\t\t\t\t\t<\/a>\r\n\t\t\t\t\t\t\t<\/li>\r\n\t\t\t\t\t\t\t\r\n\t\t\t\t\t\t\t<li role=\"presentation\"  onclick=\"do_resize()\">\r\n\t\t\t\t\t\t\t\t<a href=\"#tabs_desc_8891_5\" aria-controls=\"tabs_desc_8891_5\" role=\"tab\" data-toggle=\"tab\">\r\n\t\t\t\t\t\t\t\t\t\r\n\t\t\t\t\t\t\t\t\t\t\t\t\t\t\t\t\t\t\t\t\t\t\t\t\t\t\t\t\t\t\t<i class=\"fa fa-arrow-circle-o-down\"><\/i> \t\t\t\t\t\t\t\t\t\t\t\t\t\t\t\t\t\t\t\r\n\t\t\t\t\t\t\t\t\t\t\t\t\t\t\t\t\t\t\r\n\t\t\t\t\t\t\t\t\t<span>Pression atmosph\u00e9rique<\/span>\r\n\t\t\t\t\t\t\t\t\t\r\n\t\t\t\t\t\t\t\t\t\t\t\t\t\t\t\t\t\t\r\n\t\t\t\t\t\t\t\t\t\t\t\t\t\t\t\t\t\t\t\t\r\n\t\t\t\t\t\t\t\t\t\r\n\t\t\t\t\t\t\t\t<\/a>\r\n\t\t\t\t\t\t\t<\/li>\r\n\t\t\t\t\t\t\t\t\t\t\t <\/ul>\r\n\r\n\t\t\t\t\t  <!-- Tab panes -->\r\n\t\t\t\t\t  <div class=\"tab-content\" id=\"tab-content_8891\">\r\n\t\t\t\t\t\t\t\t\t\t\t\t <div role=\"tabpanel\" class=\"tab-pane  in active \" id=\"tabs_desc_8891_1\">\r\n\t\t\t\t\t\t\t\t<table style=\"height: 186px\" width=\"990\">\r\n<tbody>\r\n<tr>\r\n<td><\/td>\r\n<td>Jan<\/td>\r\n<td>Feb<\/td>\r\n<td>Mar<\/td>\r\n<td>Avr<\/td>\r\n<td>Mai<\/td>\r\n<td>Jun<\/td>\r\n<td>Jul<\/td>\r\n<td>Aug<\/td>\r\n<td>Sep<\/td>\r\n<td>Oct<\/td>\r\n<td>Nov<\/td>\r\n<td>Dec<\/td>\r\n<\/tr>\r\n<tr>\r\n<td>Temp\u00e9rature moyenne<\/td>\r\n<td>23<\/td>\r\n<td>24<\/td>\r\n<td>23<\/td>\r\n<td>23<\/td>\r\n<td>22<\/td>\r\n<td>19<\/td>\r\n<td>19<\/td>\r\n<td>19<\/td>\r\n<td>20<\/td>\r\n<td>21<\/td>\r\n<td>22<\/td>\r\n<td>23<\/td>\r\n<\/tr>\r\n<tr>\r\n<td>Temp\u00e9rature minimale<\/td>\r\n<td>20<\/td>\r\n<td>20<\/td>\r\n<td>20<\/td>\r\n<td>19<\/td>\r\n<td>18<\/td>\r\n<td>15<\/td>\r\n<td>15<\/td>\r\n<td>15<\/td>\r\n<td>15<\/td>\r\n<td>16<\/td>\r\n<td>18<\/td>\r\n<td>19<\/td>\r\n<\/tr>\r\n<tr>\r\n<td>Temp\u00e9rature maximale<\/td>\r\n<td>27<\/td>\r\n<td>27<\/td>\r\n<td>27<\/td>\r\n<td>27<\/td>\r\n<td>25<\/td>\r\n<td>23<\/td>\r\n<td>23<\/td>\r\n<td>23<\/td>\r\n<td>24<\/td>\r\n<td>25<\/td>\r\n<td>26<\/td>\r\n<td>27<\/td>\r\n<\/tr>\r\n<tr>\r\n<td>Jours de pluie<\/td>\r\n<td>27<\/td>\r\n<td>24<\/td>\r\n<td>26<\/td>\r\n<td>19<\/td>\r\n<td>17<\/td>\r\n<td>18<\/td>\r\n<td>21<\/td>\r\n<td>20<\/td>\r\n<td>15<\/td>\r\n<td>16<\/td>\r\n<td>20<\/td>\r\n<td>25<\/td>\r\n<\/tr>\r\n<\/tbody>\r\n<\/table>\r\n<p style=\"text-align: justify\">Nous avons mesur\u00e9 et compil\u00e9 les donn\u00e9es fournies en plusieurs ann\u00e9es avec des thermo- et hygrom\u00e8tres directement sur les lieux de d\u00e9couverte des animaux. \"Temp\u00e9rature moyenne\" signifie que les valeurs d'un mois entier ont \u00e9t\u00e9 calcul\u00e9es \u00e0 une valeur moyenne, par exemple toutes les valeurs minimales mesur\u00e9es de f\u00e9vrier ont \u00e9t\u00e9 calcul\u00e9es \u00e0 une valeur minimale moyenne pour f\u00e9vrier. Cela signifie en clair que les valeurs maximales individuelles d'une journ\u00e9e peuvent \u00eatre sensiblement sup\u00e9rieures ou inf\u00e9rieures aux valeurs minimales et maximales moyennes. Il est donc possible que bien que la moyenne maximale soit de 29 degr\u00e9s, il faisait 33\u00b0C ou m\u00eame 35\u00b0C certains jours du mois.<br><\/br>\r\nTrois exemples d'\u00e9volution journali\u00e8re des temp\u00e9ratures pendant <b>la saison des pluies<\/b> \u00e0 Andasibe sont pr\u00e9sent\u00e9s ci-dessous. Tous deux ont \u00e9t\u00e9 enregistr\u00e9s en 2023 avec des enregistreurs de donn\u00e9es.<\/p>\r\n<img loading=\"lazy\" decoding=\"async\" class=\"aligncenter wp-image-4189 size-full\" src=\"https:\/\/www.madcham.de\/wp-content\/uploads\/2023\/03\/Temperatur-2023-Andasibe-1.jpg\" alt=\"2023 Temperaturen in Andasibe\" width=\"657\" height=\"437\" \/>\r\n<img loading=\"lazy\" decoding=\"async\" class=\"aligncenter wp-image-4189 size-full\" src=\"https:\/\/www.madcham.de\/wp-content\/uploads\/2023\/03\/Temperatur-2023-Andasibe-2.jpg\" alt=\"2023 Temperaturen in Andasibe\" width=\"657\" height=\"437\" \/>\r\n<img loading=\"lazy\" decoding=\"async\" class=\"aligncenter wp-image-4189 size-full\" src=\"https:\/\/www.madcham.de\/wp-content\/uploads\/2023\/03\/Temperatur-2023-Andasibe-3.jpg\" alt=\"2023 Temperaturen in Andasibe\" width=\"657\" height=\"437\" \/>\t\t\t\t\t\t <\/div>\r\n\t\t\t\t\t\t\t\t\t\t\t\t <div role=\"tabpanel\" class=\"tab-pane \" id=\"tabs_desc_8891_2\">\r\n\t\t\t\t\t\t\t\t<p style=\"text-align : justify\">La r\u00e9gion d'Andasibe et ses for\u00eats de Mantadia, Mitsinjo et Analamazaotra sont situ\u00e9es sur les hauts plateaux de l'est de Madagascar, \u00e0 une altitude comprise entre 900 et 1250 m au-dessus du niveau de la mer. La journ\u00e9e, la temp\u00e9rature d\u00e9passe parfois les 25\u00b0C, mais le thermom\u00e8tre ne d\u00e9passe que rarement la barre des 30\u00b0C ou alors seulement lors des taches de soleil. La nuit, les temp\u00e9ratures descendent tr\u00e8s bas, surtout pendant la saison s\u00e8che. Les 10\u00b0 \u00e0 15\u00b0 sont la r\u00e8gle.\r\n<\/p>\r\n<p style=\"text-align : justify\">\r\nL'humidit\u00e9 de l'air dans les for\u00eats tropicales autour d'Andasibe est \u00e9lev\u00e9e tout au long de l'ann\u00e9e. Pendant la saison des pluies, il pleut abondamment tous les jours, parfois la pluie persiste pendant des jours. Mais la saison s\u00e8che ne se distingue pas non plus massivement, si ce n'est qu'elle pr\u00e9sente globalement des temp\u00e9ratures un peu plus fra\u00eeches et qu'elle atteint des temp\u00e9ratures plus basses la nuit. Il pleut n\u00e9anmoins au moins un jour sur deux. La pluie, l'humidit\u00e9 \u00e9lev\u00e9e et la chute des temp\u00e9ratures nocturnes sont donc les points centraux du climat de l'Andasibe. En 2023, nous avons utilis\u00e9 des enregistreurs de donn\u00e9es pour mesurer l'humidit\u00e9 relative de l'air pendant diff\u00e9rents jours autour d'Andasibe pendant <b>la saison des pluies<\/b>, les donn\u00e9es se trouvent ci-dessous.<\/p>\r\n<img loading=\"lazy\" decoding=\"async\" class=\"aligncenter wp-image-4189 size-full\" src=\"https:\/\/www.madcham.de\/wp-content\/uploads\/2023\/03\/Luftfeuchtigkeit-2023-Andasibe-3.jpg\" alt=\"2023 Luftfeuchtigkeit in Andasibe\" width=\"657\" height=\"437\" \/>\r\n<img loading=\"lazy\" decoding=\"async\" class=\"aligncenter wp-image-4189 size-full\" src=\"https:\/\/www.madcham.de\/wp-content\/uploads\/2023\/03\/Luftfeuchtigkeit-2023-Andasibe-2.jpg\" alt=\"2023 Luftfeuchtigkeit in Andasibe\" width=\"657\" height=\"437\" \/>\r\n<img loading=\"lazy\" decoding=\"async\" class=\"aligncenter wp-image-4189 size-full\" src=\"https:\/\/www.madcham.de\/wp-content\/uploads\/2023\/03\/Luftfeuchtigkeit-2023-Andasibe-1.jpg\" alt=\"2023 Luftfeuchtigkeit in Andasibe\" width=\"657\" height=\"437\" \/>\t\t\t\t\t\t <\/div>\r\n\t\t\t\t\t\t\t\t\t\t\t\t <div role=\"tabpanel\" class=\"tab-pane \" id=\"tabs_desc_8891_3\">\r\n\t\t\t\t\t\t\t\t<img loading=\"lazy\" decoding=\"async\" class=\"aligncenter wp-image-4189 size-full\" src=\"https:\/\/www.madcham.de\/wp-content\/uploads\/2014\/09\/uvi_andasibe3.jpg\" alt=\"2014 UVI Andasibe\" width=\"657\" height=\"437\" \/>\r\n<img loading=\"lazy\" decoding=\"async\" class=\"aligncenter wp-image-4189 size-full\" src=\"https:\/\/www.madcham.de\/wp-content\/uploads\/2014\/09\/uvi_andasibe2.jpg\" alt=\"2016 UVI Andasibe\" width=\"657\" height=\"437\" \/>\r\n<p style=\"text-align: justify\">Les donn\u00e9es UVB ont \u00e9t\u00e9 mesur\u00e9es avec un Solarmeter 6,5 au printemps (mars, avril), au moment o\u00f9 l'activit\u00e9 des cam\u00e9l\u00e9ons \u00e9tait la plus \u00e9lev\u00e9e. Les valeurs maximales \u00e0 atteindre par le cam\u00e9l\u00e9on dans l'habitat ont \u00e9t\u00e9 mesur\u00e9es.<\/p>\t\t\t\t\t\t <\/div>\r\n\t\t\t\t\t\t\t\t\t\t\t\t <div role=\"tabpanel\" class=\"tab-pane \" id=\"tabs_desc_8891_4\">\r\n\t\t\t\t\t\t\t\t<table style=\"height: 186px\" width=\"990\">\r\n<tbody>\r\n<tr>\r\n<td><\/td>\r\n<td>Jan<\/td>\r\n<td>F\u00e9v<\/td>\r\n<td>Mar<\/td>\r\n<td>Avr<\/td>\r\n<td>Mai<\/td>\r\n<td>Juin<\/td>\r\n<td>Juil<\/td>\r\n<td>Ao\u00fbt<\/td>\r\n<td>Sep<\/td>\r\n<td>Oct<\/td>\r\n<td>Nov<\/td>\r\n<td>D\u00e9c<\/td>\r\n<\/tr>\r\n<tr>\r\n<td>Le matin<\/td>\r\n<td>23,2<\/td>\r\n<td>23,4<\/td>\r\n<td>22,0<\/td>\r\n<td>22,1<\/td>\r\n<td>20,5<\/td>\r\n<td>16,0<\/td>\r\n<td>16,3<\/td>\r\n<td>16,5<\/td>\r\n<td>17,4<\/td>\r\n<td>16,7<\/td>\r\n<td>21,2<\/td>\r\n<td>-<\/td>\r\n<\/tr>\r\n<tr>\r\n<td>\u00c0 midi<\/td>\r\n<td>25,4<\/td>\r\n<td>25,3<\/td>\r\n<td>24,5<\/td>\r\n<td>22,5<\/td>\r\n<td>20,2<\/td>\r\n<td>16,5<\/td>\r\n<td>16,3<\/td>\r\n<td>17,7<\/td>\r\n<td>18,3<\/td>\r\n<td>18,0<\/td>\r\n<td>21,4<\/td>\r\n<td>-<\/td>\r\n<\/tr>\r\n<tr>\r\n<td>Le soir<\/td>\r\n<td>25,5<\/td>\r\n<td>25,1<\/td>\r\n<td>25,0<\/td>\r\n<td>25,3<\/td>\r\n<td>20,8<\/td>\r\n<td>17,2<\/td>\r\n<td>16,1<\/td>\r\n<td>17,0<\/td>\r\n<td>19,6<\/td>\r\n<td>23,0<\/td>\r\n<td>22,0<\/td>\r\n<td>-<\/td>\r\n<\/tr>\r\n<\/tbody>\r\n<\/table>\r\n<p style=\"text-align: justify\">Entre le 21 mars 2018 et le 05 f\u00e9vrier 2019, nous avons mesur\u00e9 environ un jour sur deux <a href=\"https:\/\/www.madcham.de\/de\/publikationen\/\">la temp\u00e9rature du sol dans la for\u00eat tropicale d'Andasibe<\/a> et ses environs (Analamazaotra, Andasibe, V.O.I.M.M.A. et Mitsinjo) - le tableau est le r\u00e9sultat de ces mesures. Seule la p\u00e9riode de d\u00e9cembre n'a pas fait l'objet de mesures. Une discussion d\u00e9taill\u00e9e est disponible <a href=\"https:\/\/www.madcham.de\/de\/publikationen\/\">ici<\/a>. Au total, nous avons effectu\u00e9 418 mesures de la temp\u00e9rature du sol et avons mesur\u00e9 environ 70 endroits diff\u00e9rents \u00e0 Andasibe et dans les environs \u00e0 une profondeur de 20 cm.<\/p>\t\t\t\t\t\t <\/div>\r\n\t\t\t\t\t\t\t\t\t\t\t\t <div role=\"tabpanel\" class=\"tab-pane \" id=\"tabs_desc_8891_5\">\r\n\t\t\t\t\t\t\t\t<p style=\"text-align: justify\">En 2023, en plus des autres donn\u00e9es climatiques, nous avons \u00e9galement mesur\u00e9 la pression atmosph\u00e9rique dans les endroits que nous avons visit\u00e9s \u00e0 Madagascar. Les donn\u00e9es suivantes proviennent de diff\u00e9rents jours de <b>la saison des pluies<\/b> autour d'Andasibe. Sur l'axe des abscisses se trouve l'heure du jour ou de la nuit. \u00c0 Madagascar, le jour commence vers 6 heures et la nuit tombe d\u00e9j\u00e0 \u00e0 18 heures. L'axe Y indique la pression atmosph\u00e9rique en hPa.<\/p>\r\n\r\n<img loading=\"lazy\" decoding=\"async\" class=\"aligncenter wp-image-4189 size-full\" src=\"https:\/\/www.madcham.de\/wp-content\/uploads\/2023\/03\/Luftdruck-2023-Andasibe-3.jpg\" alt=\"2023 Luftdruck in Andasibe\" width=\"657\" height=\"437\" \/>\r\n<img loading=\"lazy\" decoding=\"async\" class=\"aligncenter wp-image-4189 size-full\" src=\"https:\/\/www.madcham.de\/wp-content\/uploads\/2023\/03\/Luftdruck-2023-Andasibe-2.jpg\" alt=\"2023 Luftdruck in Andasibe\" width=\"657\" height=\"437\" \/>\r\n<img loading=\"lazy\" decoding=\"async\" class=\"aligncenter wp-image-4189 size-full\" src=\"https:\/\/www.madcham.de\/wp-content\/uploads\/2023\/03\/Luftdruck-2023-Andasibe-1.jpg\" alt=\"2023 Luftdruck in Andasibe\" width=\"657\" height=\"437\" \/>\t\t\t\t\t\t <\/div>\r\n\t\t\t\t\t\t\t\r\n\t\t\t\t\t <\/div>\r\n\t\t\t\t\t \r\n\t\t\t\t <\/div>\r\n <script>\r\n\t\tjQuery(function () {\r\n\t\t\tjQuery('#myTab_8891 a:first').tab('show')\r\n\t\t});\r\n\t\t\r\n\t\t\t\tjQuery(function(){\r\n\t\t\tvar b=\"fadeIn\";\r\n\t\t\tvar c;\r\n\t\t\tvar a;\r\n\t\t\td(jQuery(\"#myTab_8891 a\"),jQuery(\"#tab-content_8891\"));function d(e,f,g){\r\n\t\t\t\te.click(function(i){\r\n\t\t\t\t\ti.preventDefault();\r\n\t\t\t\t\tjQuery(this).tab(\"show\");\r\n\t\t\t\t\tvar h=jQuery(this).data(\"easein\");\r\n\t\t\t\t\tif(c){c.removeClass(a);}\r\n\t\t\t\t\tif(h){f.find(\"div.active\").addClass(\"animated \"+h);a=h;}\r\n\t\t\t\t\telse{if(g){f.find(\"div.active\").addClass(\"animated \"+g);a=g;}else{f.find(\"div.active\").addClass(\"animated \"+b);a=b;}}c=f.find(\"div.active\");\r\n\t\t\t\t});\r\n\t\t\t}\r\n\t\t});\r\n\t\t\r\n\r\n\t\tfunction do_resize(){\r\n\r\n\t\t\tvar width=jQuery( '.tab-content .tab-pane iframe' ).width();\r\n\t\t\tvar height=jQuery( '.tab-content .tab-pane iframe' ).height();\r\n\r\n\t\t\tvar toggleSize = true;\r\n\t\t\tjQuery('iframe').animate({\r\n\t\t\t    width: toggleSize ? width : 640,\r\n\t\t\t    height: toggleSize ? height : 360\r\n\t\t\t  }, 250);\r\n\r\n\t\t\t  toggleSize = !toggleSize;\r\n\t\t}\r\n\r\n\r\n\t<\/script>\r\n\t\t\t\t\r\n\t\t\t\n<h4>Habitat:<\/h4>\n<p style=\"text-align: justify;\">Les photos suivantes montrent des parties de l&rsquo;habitat de <em>Calumma malthe<\/em> dans la r\u00e9gion d&rsquo;Andasibe. L&rsquo;esp\u00e8ce pr\u00e9f\u00e8re \u00eatre trouv\u00e9e pr\u00e8s de petites rivi\u00e8res, qui fournissent une humidit\u00e9 \u00e9lev\u00e9e et constante. <em>Calumma malthe<\/em> vit exclusivement au milieu de la for\u00eat tropicale, entre \u00e9piphytes, foug\u00e8res, lianes et branches moussues. Il pr\u00e9f\u00e8re les branches \u00e9troites des grands arbres, o\u00f9 le sous-bois est particuli\u00e8rement dense et o\u00f9 l&rsquo;on ne voit presque rien \u00e0 cause de l&rsquo;enchev\u00eatrement des branches.<\/p>\n<div id='gallery-3' class='gallery galleryid-8891 gallery-columns-2 gallery-size-habitat_thumb'><figure class='gallery-item'>\n\t\t\t<div class='gallery-icon landscape'>\n\t\t\t\t<a href='https:\/\/www.madcham.de\/wp-content\/uploads\/2014\/09\/Maromizaha-Habitat-2018-6.jpg'><img loading=\"lazy\" decoding=\"async\" width=\"650\" height=\"250\" src=\"https:\/\/www.madcham.de\/wp-content\/uploads\/2014\/09\/Maromizaha-Habitat-2018-6-650x250.jpg\" class=\"attachment-habitat_thumb size-habitat_thumb\" alt=\"\" \/><\/a>\n\t\t\t<\/div><\/figure><figure class='gallery-item'>\n\t\t\t<div class='gallery-icon landscape'>\n\t\t\t\t<a href='https:\/\/www.madcham.de\/wp-content\/uploads\/2014\/09\/Maromizaha-Habitat-2018-1.jpg'><img loading=\"lazy\" decoding=\"async\" width=\"650\" height=\"250\" src=\"https:\/\/www.madcham.de\/wp-content\/uploads\/2014\/09\/Maromizaha-Habitat-2018-1-650x250.jpg\" class=\"attachment-habitat_thumb size-habitat_thumb\" alt=\"\" \/><\/a>\n\t\t\t<\/div><\/figure><figure class='gallery-item'>\n\t\t\t<div class='gallery-icon landscape'>\n\t\t\t\t<a href='https:\/\/www.madcham.de\/wp-content\/uploads\/2014\/09\/Maromizaha-Habitat-2018-7.jpg'><img loading=\"lazy\" decoding=\"async\" width=\"650\" height=\"250\" src=\"https:\/\/www.madcham.de\/wp-content\/uploads\/2014\/09\/Maromizaha-Habitat-2018-7-650x250.jpg\" class=\"attachment-habitat_thumb size-habitat_thumb\" alt=\"\" \/><\/a>\n\t\t\t<\/div><\/figure><figure class='gallery-item'>\n\t\t\t<div class='gallery-icon landscape'>\n\t\t\t\t<a href='https:\/\/www.madcham.de\/wp-content\/uploads\/2014\/09\/Maromizaha-Habitat-2018-5.jpg'><img loading=\"lazy\" decoding=\"async\" width=\"650\" height=\"250\" src=\"https:\/\/www.madcham.de\/wp-content\/uploads\/2014\/09\/Maromizaha-Habitat-2018-5-650x250.jpg\" class=\"attachment-habitat_thumb size-habitat_thumb\" alt=\"\" \/><\/a>\n\t\t\t<\/div><\/figure><figure class='gallery-item'>\n\t\t\t<div class='gallery-icon portrait'>\n\t\t\t\t<a href='https:\/\/www.madcham.de\/wp-content\/uploads\/2014\/09\/Habitat-Calumma-malthe-in-Vohidrazana.jpg'><img loading=\"lazy\" decoding=\"async\" width=\"650\" height=\"250\" src=\"https:\/\/www.madcham.de\/wp-content\/uploads\/2014\/09\/Habitat-Calumma-malthe-in-Vohidrazana-650x250.jpg\" class=\"attachment-habitat_thumb size-habitat_thumb\" alt=\"\" \/><\/a>\n\t\t\t<\/div><\/figure><figure class='gallery-item'>\n\t\t\t<div class='gallery-icon landscape'>\n\t\t\t\t<a href='https:\/\/www.madcham.de\/wp-content\/uploads\/2014\/09\/Habitat-Calumma-malthe-2.jpg'><img loading=\"lazy\" decoding=\"async\" width=\"650\" height=\"250\" src=\"https:\/\/www.madcham.de\/wp-content\/uploads\/2014\/09\/Habitat-Calumma-malthe-2.jpg\" class=\"attachment-habitat_thumb size-habitat_thumb\" alt=\"\" srcset=\"https:\/\/www.madcham.de\/wp-content\/uploads\/2014\/09\/Habitat-Calumma-malthe-2.jpg 650w, https:\/\/www.madcham.de\/wp-content\/uploads\/2014\/09\/Habitat-Calumma-malthe-2-300x115.jpg 300w\" sizes=\"(max-width: 650px) 100vw, 650px\" \/><\/a>\n\t\t\t<\/div><\/figure>\n\t\t<\/div>\n\n<p style=\"text-align: justify;\">Ci-dessous, tu trouveras quelques images \u00e0 360\u00b0 des for\u00eats tropicales autour d&rsquo;Andasibe, que nous avons prises pendant la saison des pluies. Si l&rsquo;on clique sur une photo, celle-ci s&rsquo;ouvre en vue agrandie dans une fen\u00eatre s\u00e9par\u00e9e. Avec la souris, on peut se tourner dans toutes les directions. Il est \u00e9galement possible d&rsquo;afficher les images en mode plein \u00e9cran. Bon visionnage !<a href=\"https:\/\/app2.ricoh360.com\/viewer\/64c20e3d-f56a-4226-88a9-0de756f3d8b8\" target=\"_blank\" rel=\"noopener\"><img loading=\"lazy\" decoding=\"async\" class=\"aligncenter wp-image-14599 size-large\" src=\"https:\/\/www.madcham.de\/wp-content\/uploads\/2019\/12\/Maromizaha-Maerz-2018-3-1024x576.jpg\" alt=\"\" width=\"1024\" height=\"576\" srcset=\"https:\/\/www.madcham.de\/wp-content\/uploads\/2019\/12\/Maromizaha-Maerz-2018-3-1024x576.jpg 1024w, https:\/\/www.madcham.de\/wp-content\/uploads\/2019\/12\/Maromizaha-Maerz-2018-3-300x169.jpg 300w, https:\/\/www.madcham.de\/wp-content\/uploads\/2019\/12\/Maromizaha-Maerz-2018-3-768x432.jpg 768w, https:\/\/www.madcham.de\/wp-content\/uploads\/2019\/12\/Maromizaha-Maerz-2018-3-1536x864.jpg 1536w, https:\/\/www.madcham.de\/wp-content\/uploads\/2019\/12\/Maromizaha-Maerz-2018-3-2048x1152.jpg 2048w, https:\/\/www.madcham.de\/wp-content\/uploads\/2019\/12\/Maromizaha-Maerz-2018-3-1200x675.jpg 1200w, https:\/\/www.madcham.de\/wp-content\/uploads\/2019\/12\/Maromizaha-Maerz-2018-3-420x236.jpg 420w, https:\/\/www.madcham.de\/wp-content\/uploads\/2019\/12\/Maromizaha-Maerz-2018-3-81x46.jpg 81w, https:\/\/www.madcham.de\/wp-content\/uploads\/2019\/12\/Maromizaha-Maerz-2018-3-200x112.jpg 200w\" sizes=\"(max-width: 1024px) 100vw, 1024px\" \/><\/a><\/p>\n<div style=\"float: left;\">\n<p><a href=\"https:\/\/app2.ricoh360.com\/viewer\/4d83ff01-6fec-411f-b4af-c7bee059d701\" target=\"_blank\" rel=\"noopener\"><img loading=\"lazy\" decoding=\"async\" class=\"aligncenter wp-image-14598 size-large\" src=\"https:\/\/www.madcham.de\/wp-content\/uploads\/2019\/12\/Maromizaha-Maerz-2018-2-1024x576.jpg\" alt=\"\" width=\"1024\" height=\"576\" srcset=\"https:\/\/www.madcham.de\/wp-content\/uploads\/2019\/12\/Maromizaha-Maerz-2018-2-1024x576.jpg 1024w, https:\/\/www.madcham.de\/wp-content\/uploads\/2019\/12\/Maromizaha-Maerz-2018-2-300x169.jpg 300w, https:\/\/www.madcham.de\/wp-content\/uploads\/2019\/12\/Maromizaha-Maerz-2018-2-768x432.jpg 768w, https:\/\/www.madcham.de\/wp-content\/uploads\/2019\/12\/Maromizaha-Maerz-2018-2-1536x864.jpg 1536w, https:\/\/www.madcham.de\/wp-content\/uploads\/2019\/12\/Maromizaha-Maerz-2018-2-2048x1152.jpg 2048w, https:\/\/www.madcham.de\/wp-content\/uploads\/2019\/12\/Maromizaha-Maerz-2018-2-1200x675.jpg 1200w, https:\/\/www.madcham.de\/wp-content\/uploads\/2019\/12\/Maromizaha-Maerz-2018-2-420x236.jpg 420w, https:\/\/www.madcham.de\/wp-content\/uploads\/2019\/12\/Maromizaha-Maerz-2018-2-81x46.jpg 81w, https:\/\/www.madcham.de\/wp-content\/uploads\/2019\/12\/Maromizaha-Maerz-2018-2-200x112.jpg 200w\" sizes=\"(max-width: 1024px) 100vw, 1024px\" \/><\/a><a href=\"https:\/\/app2.ricoh360.com\/viewer\/f4ecbc43-e340-4e78-b0d5-b7c1b26fd157\" target=\"_blank\" rel=\"noopener\"><img loading=\"lazy\" decoding=\"async\" class=\"aligncenter wp-image-14597 size-large\" src=\"https:\/\/www.madcham.de\/wp-content\/uploads\/2019\/12\/Maromizaha-Maerz-2018-1-1024x576.jpg\" alt=\"\" width=\"1024\" height=\"576\" srcset=\"https:\/\/www.madcham.de\/wp-content\/uploads\/2019\/12\/Maromizaha-Maerz-2018-1-1024x576.jpg 1024w, https:\/\/www.madcham.de\/wp-content\/uploads\/2019\/12\/Maromizaha-Maerz-2018-1-300x169.jpg 300w, https:\/\/www.madcham.de\/wp-content\/uploads\/2019\/12\/Maromizaha-Maerz-2018-1-768x432.jpg 768w, https:\/\/www.madcham.de\/wp-content\/uploads\/2019\/12\/Maromizaha-Maerz-2018-1-1536x864.jpg 1536w, https:\/\/www.madcham.de\/wp-content\/uploads\/2019\/12\/Maromizaha-Maerz-2018-1-2048x1152.jpg 2048w, https:\/\/www.madcham.de\/wp-content\/uploads\/2019\/12\/Maromizaha-Maerz-2018-1-1200x675.jpg 1200w, https:\/\/www.madcham.de\/wp-content\/uploads\/2019\/12\/Maromizaha-Maerz-2018-1-420x236.jpg 420w, https:\/\/www.madcham.de\/wp-content\/uploads\/2019\/12\/Maromizaha-Maerz-2018-1-81x46.jpg 81w, https:\/\/www.madcham.de\/wp-content\/uploads\/2019\/12\/Maromizaha-Maerz-2018-1-200x112.jpg 200w\" sizes=\"(max-width: 1024px) 100vw, 1024px\" \/><\/a><\/p>\n<\/div>","protected":false},"excerpt":{"rendered":"<p>Description initiale: (G\u00fcnther, 1879) Origine du nom de l&rsquo;esp\u00e8ce: Le zoologiste allemand Albert Carl Ludwig Gotthilf G\u00fcnther, alors directeur du d\u00e9partement de zoologie du Mus\u00e9e d&rsquo;histoire naturelle de Londres (Grande-Bretagne), a nomm\u00e9 Calumma malthe en 1879 dans une tr\u00e8s courte description. On ne sait malheureusement pas comment il en est venu \u00e0 porter le nom de Malthe. Distribution: Cette fascinante esp\u00e8ce de cam\u00e9l\u00e9on habite les for\u00eats tropicales de l&rsquo;est et les for\u00eats de montagne des parcs nationaux d&rsquo;Andasibe-Mantadia, d&rsquo;Anjanaharibe-Sud et de Marojejy. Les habitats sont toujours tr\u00e8s dens\u00e9ment envahis par la v\u00e9g\u00e9tation et se trouvent loin \u00e0 l&rsquo;int\u00e9rieur des for\u00eats sempervirentes. Jusqu&rsquo;\u00e0 pr\u00e9sent, nous n&rsquo;avons trouv\u00e9 aucun cam\u00e9l\u00e9on de cette esp\u00e8ce en dehors du feuillage dense. Pendant la journ\u00e9e, on ne voit presque jamais les animaux dans la jungle. Si tu es sur le point de chercher ces cam\u00e9l\u00e9ons, tu devrais sortir le soir. Apparence et taille: Cette esp\u00e8ce de cam\u00e9l\u00e9on est facilement reconnaissable par ses tr\u00e8s grands lobes occipitaux et le processus du nez chez les m\u00e2les. La coloration est principalement gris-vert, avec des parties vertes sur les flancs et dans la zone du lobe occipital. La longueur totale est d&rsquo;environ 31 cm chez les m\u00e2les et d&rsquo;environ 28&#8230;<\/p>\n","protected":false},"author":3,"featured_media":6571,"comment_status":"closed","ping_status":"closed","sticky":false,"template":"","format":"gallery","meta":{"_monsterinsights_skip_tracking":false,"_monsterinsights_sitenote_active":false,"_monsterinsights_sitenote_note":"","_monsterinsights_sitenote_category":0,"footnotes":""},"categories":[26],"tags":[1455,944,238,304,208,969,53,160,967,971,970,1451,266,275,255,968,206,783,1452,584,723],"_links":{"self":[{"href":"https:\/\/www.madcham.de\/fr\/wp-json\/wp\/v2\/posts\/829"}],"collection":[{"href":"https:\/\/www.madcham.de\/fr\/wp-json\/wp\/v2\/posts"}],"about":[{"href":"https:\/\/www.madcham.de\/fr\/wp-json\/wp\/v2\/types\/post"}],"author":[{"embeddable":true,"href":"https:\/\/www.madcham.de\/fr\/wp-json\/wp\/v2\/users\/3"}],"replies":[{"embeddable":true,"href":"https:\/\/www.madcham.de\/fr\/wp-json\/wp\/v2\/comments?post=829"}],"version-history":[{"count":51,"href":"https:\/\/www.madcham.de\/fr\/wp-json\/wp\/v2\/posts\/829\/revisions"}],"predecessor-version":[{"id":15132,"href":"https:\/\/www.madcham.de\/fr\/wp-json\/wp\/v2\/posts\/829\/revisions\/15132"}],"wp:featuredmedia":[{"embeddable":true,"href":"https:\/\/www.madcham.de\/fr\/wp-json\/wp\/v2\/media\/6571"}],"wp:attachment":[{"href":"https:\/\/www.madcham.de\/fr\/wp-json\/wp\/v2\/media?parent=829"}],"wp:term":[{"taxonomy":"category","embeddable":true,"href":"https:\/\/www.madcham.de\/fr\/wp-json\/wp\/v2\/categories?post=829"},{"taxonomy":"post_tag","embeddable":true,"href":"https:\/\/www.madcham.de\/fr\/wp-json\/wp\/v2\/tags?post=829"}],"curies":[{"name":"wp","href":"https:\/\/api.w.org\/{rel}","templated":true}]}}