{"id":841,"date":"2018-05-18T20:08:52","date_gmt":"2018-05-18T18:08:52","guid":{"rendered":"http:\/\/madcham.com\/wordpress\/?p=841"},"modified":"2025-07-13T20:42:29","modified_gmt":"2025-07-13T18:42:29","slug":"calumma-oshaughnessyi","status":"publish","type":"post","link":"https:\/\/www.madcham.de\/fr\/calumma-oshaughnessyi\/","title":{"rendered":"Calumma oshaughnessyi"},"content":{"rendered":"<div class=\"simple-alert-boxes sab_success sab_normal \">\r\n\t\t<strong>Quotas CITES<br \/>\n<\/strong>2011-13 pas d&rsquo;animaux, 2014-25 chacun 250 animaux autoris\u00e9s \u00e0 l&rsquo;exportation l\u00e9gale\t<\/div>\r\n\t\n<h4><\/h4>\n<h4>Description initiale:<a href=\"https:\/\/www.iucnredlist.org\/species\/172915\/6941046\" target=\"_blank\" rel=\"noopener\"><img loading=\"lazy\" decoding=\"async\" class=\"alignright wp-image-12991\" src=\"https:\/\/www.madcham.de\/wp-content\/uploads\/2019\/04\/IUCn-Status-vulnerable.jpg\" alt=\"IUCN Red List: vulnerable\" width=\"80\" height=\"80\" srcset=\"https:\/\/www.madcham.de\/wp-content\/uploads\/2019\/04\/IUCn-Status-vulnerable.jpg 150w, https:\/\/www.madcham.de\/wp-content\/uploads\/2019\/04\/IUCn-Status-vulnerable-81x81.jpg 81w\" sizes=\"(max-width: 80px) 100vw, 80px\" \/><\/a><\/h4>\n<p>(G\u00fcnther, 1881) <a href=\"https:\/\/www.biodiversitylibrary.org\/page\/24722856#page\/371\/mode\/1up\" target=\"_blank\" rel=\"noopener noreferrer\"><img loading=\"lazy\" decoding=\"async\" class=\"alignnone wp-image-9195 size-full\" style=\"margin-left: 10px; margin-top: 15px;\" src=\"https:\/\/www.madcham.de\/wp-content\/uploads\/2014\/09\/pdf-Logo.png?_t=1586766087\" alt=\"\" width=\"44\" height=\"21\" \/><\/a><\/p>\n<h4>Origine du nom de l&rsquo;esp\u00e8ce:<\/h4>\n<p style=\"text-align: justify;\">Le zoologiste allemand Albert Carl Ludwig Gotthilf G\u00fcnther, alors directeur du d\u00e9partement de zoologie du Mus\u00e9e d&rsquo;histoire naturelle de Londres (Grande-Bretagne), n&rsquo;a donn\u00e9 que quelques noms d&rsquo;esp\u00e8ces en l&rsquo;honneur d&rsquo;individus sp\u00e9cifiques. Il a fait une exception pour cette esp\u00e8ce de cam\u00e9l\u00e9on, qu&rsquo;il a d\u00e9di\u00e9e \u00e0 son ami et coll\u00e8gue anglais Arthur William Edgar O&rsquo;Shaughnessy. O&rsquo;Shaughnessy \u00e9tait d\u00e9j\u00e0 employ\u00e9 par le Mus\u00e9e d&rsquo;histoire naturelle \u00e0 l&rsquo;\u00e2ge de 19 ans et y est rest\u00e9 jusqu&rsquo;\u00e0 sa mort \u00e0 l&rsquo;\u00e2ge de 37 ans seulement en janvier 1881, peu avant que la description de <em>Calumma oshaughnessyi<\/em> ne soit achev\u00e9e.<\/p>\n<div style=\"float: right; margin: 20px;\">\t\t<div id=\"maps-marker-pro-a9e28aca\" class=\"maps-marker-pro\" style=\"width: 300px;\">\n\t\t\t<div id=\"mmp-map-wrap-a9e28aca\" class=\"mmp-map-wrap\">\n\t\t\t\t\t\t\t\t\t<div id=\"mmp-panel-a9e28aca\" class=\"mmp-panel\"><\/div>\n\t\t\t\t\t\t\t\t<div id=\"mmp-map-a9e28aca\" class=\"mmp-map\" style=\"height: 300px;\"><\/div>\n\t\t\t\t\t\t\t<\/div>\n\t\t\t\t\t<\/div>\n\t\t<\/div>\n<h4>Distribution:<\/h4>\n<p style=\"text-align: justify;\">La distribution de cette esp\u00e8ce de cam\u00e9l\u00e9on s&rsquo;\u00e9tend du parc national de Ranomafana \u00e0 la frange nord du parc national d&rsquo;Andohela dans le sud-est de Madagascar. Les animaux vivent principalement dans les for\u00eats tropicales denses \u00e0 feuilles persistantes, o\u00f9 l&rsquo;humidit\u00e9 est constamment tr\u00e8s \u00e9lev\u00e9e. <em>Calumma oshaughnessyi<\/em> vit exclusivement dans les for\u00eats primaires profondes recouvertes de foug\u00e8res et de mousses. Dans la v\u00e9g\u00e9tation secondaire, on ne les trouve pratiquement pas. Lors d&rsquo;excursions nocturnes, on peut les voir dans la for\u00eat, aux extr\u00e9mit\u00e9s des branches, \u00e0 une hauteur de 2 \u00e0 4 m\u00e8tres.<\/p>\n<h4>Apparence et taille:<\/h4>\n<p style=\"text-align: justify;\">Avec une longueur totale de presque 40 cm <em>Calumma oshaughnessyi<\/em> fait partie des grands repr\u00e9sentants des cerfs-volants color\u00e9s. Les m\u00e2les ont deux extensions de nez en forme de pelle, et en plus d&rsquo;un pelage de couleur gris-vert, ils ont aussi des applications bleues et jaunes sur le sac de la gorge et les zones des flancs. La t\u00eate et les \u00e9paules sont principalement gris-blanc, en partie avec et en partie sans sac de gorge vert turquoise. Chez cette esp\u00e8ce de cam\u00e9l\u00e9on, les femelles n&rsquo;ont pas d&rsquo;extensions nasales caract\u00e9ristiques. Les deux sexes ont des lobes occipitaux \u00e9troits mais distincts. Certains individus de <em>Calumma oshaughnessyi<\/em> pr\u00e9sentent quelques \u00e9cailles de c\u00f4ne agrandies sur la cr\u00eate dorsale, mais dans la plupart des cas, elles sont compl\u00e8tement absentes.<\/p>\n<div id='gallery-5' class='gallery galleryid-6089 gallery-columns-2 gallery-size-medium'><figure class='gallery-item'>\n\t\t\t<div class='gallery-icon landscape'>\n\t\t\t\t<a href='https:\/\/www.madcham.de\/wp-content\/uploads\/2017\/12\/Calumma-oshaughnessyi-Jungtier-in-Ranomafana-1.jpg'><img loading=\"lazy\" decoding=\"async\" width=\"300\" height=\"190\" src=\"https:\/\/www.madcham.de\/wp-content\/uploads\/2017\/12\/Calumma-oshaughnessyi-Jungtier-in-Ranomafana-1-300x190.jpg\" class=\"attachment-medium size-medium\" alt=\"\" srcset=\"https:\/\/www.madcham.de\/wp-content\/uploads\/2017\/12\/Calumma-oshaughnessyi-Jungtier-in-Ranomafana-1-300x190.jpg 300w, https:\/\/www.madcham.de\/wp-content\/uploads\/2017\/12\/Calumma-oshaughnessyi-Jungtier-in-Ranomafana-1-768x487.jpg 768w, https:\/\/www.madcham.de\/wp-content\/uploads\/2017\/12\/Calumma-oshaughnessyi-Jungtier-in-Ranomafana-1-1024x649.jpg 1024w, https:\/\/www.madcham.de\/wp-content\/uploads\/2017\/12\/Calumma-oshaughnessyi-Jungtier-in-Ranomafana-1.jpg 1200w, https:\/\/www.madcham.de\/wp-content\/uploads\/2017\/12\/Calumma-oshaughnessyi-Jungtier-in-Ranomafana-1-420x266.jpg 420w, https:\/\/www.madcham.de\/wp-content\/uploads\/2017\/12\/Calumma-oshaughnessyi-Jungtier-in-Ranomafana-1-81x51.jpg 81w\" sizes=\"(max-width: 300px) 100vw, 300px\" \/><\/a>\n\t\t\t<\/div><\/figure>\n\t\t<\/div>\n\n<p>&nbsp;<\/p>\n<h4 style=\"text-align: center;\">Tableau des poids<\/h4>\n<p><img loading=\"lazy\" decoding=\"async\" class=\"aligncenter size-full wp-image-6581\" src=\"https:\/\/www.madcham.de\/wp-content\/uploads\/2017\/12\/Gewichtstabelle-Calumma-oshaughnessyi-2018.jpg\" alt=\"Gewichtstabelle Calumma oshaughnessyi 2018\" width=\"659\" height=\"457\" srcset=\"https:\/\/www.madcham.de\/wp-content\/uploads\/2017\/12\/Gewichtstabelle-Calumma-oshaughnessyi-2018.jpg 659w, https:\/\/www.madcham.de\/wp-content\/uploads\/2017\/12\/Gewichtstabelle-Calumma-oshaughnessyi-2018-300x208.jpg 300w, https:\/\/www.madcham.de\/wp-content\/uploads\/2017\/12\/Gewichtstabelle-Calumma-oshaughnessyi-2018-420x291.jpg 420w, https:\/\/www.madcham.de\/wp-content\/uploads\/2017\/12\/Gewichtstabelle-Calumma-oshaughnessyi-2018-81x56.jpg 81w\" sizes=\"(max-width: 659px) 100vw, 659px\" \/><\/p>\n<p style=\"text-align: justify;\">Depuis 2017, nous mesurons les poids de <em>Calumma oshaughnessyi<\/em> trouv\u00e9s par nous \u00e0 Madagascar, dans la mesure o\u00f9 les animaux (et nos balances) y participent. Jusqu&rsquo;\u00e0 pr\u00e9sent, il n&rsquo;existe que quelques poids, \u00e0 long terme, il devrait \u00eatre possible de lire un poids moyen par rapport \u00e0 la longueur t\u00eate-torses (mesur\u00e9e de la pointe du nez au cloaque) \u00e0 partir d&rsquo;un maximum de mesures. Cela signifie que, malheureusement, on ne peut pas en lire beaucoup dans les tableaux actuels, mais ils peuvent constituer un premier indice. Il est important de savoir que tous les poids ont \u00e9t\u00e9 mesur\u00e9s vers la fin de la saison des pluies (= meilleure alimentation), donc il devrait y avoir des poids maximums sur Madagascar. Les symboles triangulaires chez les femmes signifient \u00ab\u00a0pas enceinte\u00a0\u00bb, les symboles ronds signifient \u00ab\u00a0enceinte\u00a0\u00bb.<\/p>\n<p>&nbsp;<\/p>\n\t\t\t\t\t\t<style>\r\n\t\t\t\t\r\n\t\t\t\t\t#tab_container_8916 {\r\n\toverflow:hidden;\r\n\tdisplay:block;\r\n\twidth:100%;\r\n\tborder:0px solid #ddd;\r\n\tmargin-bottom:30px;\r\n\t}\r\n\r\n#tab_container_8916 .tab-content{\r\n\tpadding:20px;\r\n\tborder: 1px solid #e6e6e6 !important;\r\n\tmargin-top: 0px;\r\n\tbackground-color:#ffffff !important;\r\n\tcolor: #3e3e3e !important;\r\n\tfont-size:13px !important;\r\n\tfont-family: Open Sans !important;\r\n\t\r\n\t\tborder: 1px solid #e6e6e6 !important;\r\n\t}\r\n#tab_container_8916 .wpsm_nav-tabs {\r\n    border-bottom: 0px solid #ddd;\r\n}\r\n#tab_container_8916 .wpsm_nav-tabs > li.active > a, #tab_container_8916 .wpsm_nav-tabs > li.active > a:hover, #tab_container_8916 .wpsm_nav-tabs > li.active > a:focus {\r\n\tcolor: #3e3e3e !important;\r\n\tcursor: default;\r\n\tbackground-color: #ffffff !important;\r\n\tborder: 1px solid #e6e6e6 !important;\r\n}\r\n\r\n#tab_container_8916 .wpsm_nav-tabs > li > a {\r\n    margin-right: 0px !important; \r\n    line-height: 1.42857143 !important;\r\n    border: 1px solid #d5d5d5 !important;\r\n    border-radius: 0px 0px 0 0 !important; \r\n\tbackground-color: #e8e8e8 !important;\r\n\tcolor: #3e3e3e !important;\r\n\tpadding: 15px 18px 15px 18px !important;\r\n\ttext-decoration: none !important;\r\n\tfont-size: 13px !important;\r\n\ttext-align:center !important;\r\n\tfont-family: Open Sans !important;\r\n}\r\n#tab_container_8916 .wpsm_nav-tabs > li > a:focus {\r\noutline: 0px !important;\r\n}\r\n\r\n#tab_container_8916 .wpsm_nav-tabs > li > a:before {\r\n\tdisplay:none !important;\r\n}\r\n#tab_container_8916 .wpsm_nav-tabs > li > a:after {\r\n\tdisplay:none !important ;\r\n}\r\n#tab_container_8916 .wpsm_nav-tabs > li{\r\npadding:0px !important ;\r\nmargin:0px;\r\n}\r\n\r\n#tab_container_8916 .wpsm_nav-tabs > li > a:hover , #tab_container_8916 .wpsm_nav-tabs > li > a:focus {\r\n    color: #3e3e3e !important;\r\n    background-color: #e8e8e8 !important;\r\n\tborder: 1px solid #d5d5d5 !important;\r\n\t\r\n}\r\n#tab_container_8916 .wpsm_nav-tabs > li > a .fa{\r\n\r\nmargin-right:5px !important;\r\n\r\nmargin-left:5px !important;\r\n\r\n\r\n}\r\n\r\n\t\t#tab_container_8916 .wpsm_nav-tabs a{\r\n\t\t\tbackground-image: none;\r\n\t\t\tbackground-position: 0 0;\r\n\t\t\tbackground-repeat: repeat-x;\r\n\t\t}\r\n\t\t\t\r\n\r\n\r\n#tab_container_8916 .wpsm_nav-tabs > li {\r\n    float: left;\r\n    margin-bottom: -1px !important;\r\n\tmargin-right:0px !important; \r\n}\r\n\r\n\r\n#tab_container_8916 .tab-content{\r\noverflow:hidden !important;\r\n}\r\n\r\n\r\n@media (min-width: 769px) {\r\n\r\n\t#tab_container_8916 .wpsm_nav-tabs > li{\r\n\t\tfloat:left !important ;\r\n\t\t\t\tmargin-right:-1px !important;\r\n\t\t\t\t\t}\r\n\t#tab_container_8916 .wpsm_nav-tabs{\r\n\t\tfloat:none !important;\r\n\t\tmargin:0px !important;\r\n\t}\r\n\r\n\t#tab_container_8916 .wpsm_nav-tabs > li {\r\n\t\t\t\t\r\n\t}\r\n\t#tab_container_8916 .wpsm_nav{\r\n\t\t\t}\r\n\r\n}\r\n\r\n\r\n\r\n@media (max-width: 768px) {\r\n\t#tab_container_8916 .wpsm_nav-tabs > li {\r\n\t\t\t\t\r\n\t}\r\n\t#tab_container_8916 .wpsm_nav{\r\n\t\t\t}\r\n}\r\n\r\n\r\n\t.wpsm_nav-tabs li:before{\r\n\t\tdisplay:none !important;\r\n\t}\r\n\r\n\t@media (max-width: 768px) {\r\n\t\t\t\t\r\n\t\t\t\t.wpsm_nav-tabs{\r\n\t\t\tmargin-left:0px !important;\r\n\t\t\tmargin-right:0px !important; \r\n\t\t\t\r\n\t\t}\r\n\t\t\t\t#tab_container_8916 .wpsm_nav-tabs > li{\r\n\t\t\tfloat:none !important;\r\n\t\t}\r\n\t\t\t\r\n\t}\t\t\t\t<\/style>\r\n\t\t\t\t<div id=\"tab_container_8916\" >\r\n\t \r\n\t\t\t\t\t<ul class=\"wpsm_nav wpsm_nav-tabs\" role=\"tablist\" id=\"myTab_8916\">\r\n\t\t\t\t\t\t\t\r\n\t\t\t\t\t\t\t<li role=\"presentation\"  class=\"active\"  onclick=\"do_resize()\">\r\n\t\t\t\t\t\t\t\t<a href=\"#tabs_desc_8916_1\" aria-controls=\"tabs_desc_8916_1\" role=\"tab\" data-toggle=\"tab\">\r\n\t\t\t\t\t\t\t\t\t\r\n\t\t\t\t\t\t\t\t\t\t\t\t\t\t\t\t\t\t\t\t\t\t\t\t\t\t\t\t\t\t\t<i class=\"fa fa-calendar\"><\/i> \t\t\t\t\t\t\t\t\t\t\t\t\t\t\t\t\t\t\t\r\n\t\t\t\t\t\t\t\t\t\t\t\t\t\t\t\t\t\t\r\n\t\t\t\t\t\t\t\t\t<span>Tableau du climat<\/span>\r\n\t\t\t\t\t\t\t\t\t\r\n\t\t\t\t\t\t\t\t\t\t\t\t\t\t\t\t\t\t\r\n\t\t\t\t\t\t\t\t\t\t\t\t\t\t\t\t\t\t\t\t\r\n\t\t\t\t\t\t\t\t\t\r\n\t\t\t\t\t\t\t\t<\/a>\r\n\t\t\t\t\t\t\t<\/li>\r\n\t\t\t\t\t\t\t\r\n\t\t\t\t\t\t\t<li role=\"presentation\"  onclick=\"do_resize()\">\r\n\t\t\t\t\t\t\t\t<a href=\"#tabs_desc_8916_2\" aria-controls=\"tabs_desc_8916_2\" role=\"tab\" data-toggle=\"tab\">\r\n\t\t\t\t\t\t\t\t\t\r\n\t\t\t\t\t\t\t\t\t\t\t\t\t\t\t\t\t\t\t\t\t\t\t\t\t\t\t\t\t\t\t<i class=\"fa fa-cloud\"><\/i> \t\t\t\t\t\t\t\t\t\t\t\t\t\t\t\t\t\t\t\r\n\t\t\t\t\t\t\t\t\t\t\t\t\t\t\t\t\t\t\r\n\t\t\t\t\t\t\t\t\t<span>En savoir plus sur le climat<\/span>\r\n\t\t\t\t\t\t\t\t\t\r\n\t\t\t\t\t\t\t\t\t\t\t\t\t\t\t\t\t\t\r\n\t\t\t\t\t\t\t\t\t\t\t\t\t\t\t\t\t\t\t\t\r\n\t\t\t\t\t\t\t\t\t\r\n\t\t\t\t\t\t\t\t<\/a>\r\n\t\t\t\t\t\t\t<\/li>\r\n\t\t\t\t\t\t\t\r\n\t\t\t\t\t\t\t<li role=\"presentation\"  onclick=\"do_resize()\">\r\n\t\t\t\t\t\t\t\t<a href=\"#tabs_desc_8916_3\" aria-controls=\"tabs_desc_8916_3\" role=\"tab\" data-toggle=\"tab\">\r\n\t\t\t\t\t\t\t\t\t\r\n\t\t\t\t\t\t\t\t\t\t\t\t\t\t\t\t\t\t\t\t\t\t\t\t\t\t\t\t\t\t\t<i class=\"fa fa-sun-o\"><\/i> \t\t\t\t\t\t\t\t\t\t\t\t\t\t\t\t\t\t\t\r\n\t\t\t\t\t\t\t\t\t\t\t\t\t\t\t\t\t\t\r\n\t\t\t\t\t\t\t\t\t<span>Indices UVB<\/span>\r\n\t\t\t\t\t\t\t\t\t\r\n\t\t\t\t\t\t\t\t\t\t\t\t\t\t\t\t\t\t\r\n\t\t\t\t\t\t\t\t\t\t\t\t\t\t\t\t\t\t\t\t\r\n\t\t\t\t\t\t\t\t\t\r\n\t\t\t\t\t\t\t\t<\/a>\r\n\t\t\t\t\t\t\t<\/li>\r\n\t\t\t\t\t\t\t\r\n\t\t\t\t\t\t\t<li role=\"presentation\"  onclick=\"do_resize()\">\r\n\t\t\t\t\t\t\t\t<a href=\"#tabs_desc_8916_4\" aria-controls=\"tabs_desc_8916_4\" role=\"tab\" data-toggle=\"tab\">\r\n\t\t\t\t\t\t\t\t\t\r\n\t\t\t\t\t\t\t\t\t\t\t\t\t\t\t\t\t\t\t\t\t\t\t\t\t\t\t\t\t\t\t<i class=\"fa fa-pagelines\"><\/i> \t\t\t\t\t\t\t\t\t\t\t\t\t\t\t\t\t\t\t\r\n\t\t\t\t\t\t\t\t\t\t\t\t\t\t\t\t\t\t\r\n\t\t\t\t\t\t\t\t\t<span>Temp\u00e9ratures du sol<\/span>\r\n\t\t\t\t\t\t\t\t\t\r\n\t\t\t\t\t\t\t\t\t\t\t\t\t\t\t\t\t\t\r\n\t\t\t\t\t\t\t\t\t\t\t\t\t\t\t\t\t\t\t\t\r\n\t\t\t\t\t\t\t\t\t\r\n\t\t\t\t\t\t\t\t<\/a>\r\n\t\t\t\t\t\t\t<\/li>\r\n\t\t\t\t\t\t\t\t\t\t\t <\/ul>\r\n\r\n\t\t\t\t\t  <!-- Tab panes -->\r\n\t\t\t\t\t  <div class=\"tab-content\" id=\"tab-content_8916\">\r\n\t\t\t\t\t\t\t\t\t\t\t\t <div role=\"tabpanel\" class=\"tab-pane  in active \" id=\"tabs_desc_8916_1\">\r\n\t\t\t\t\t\t\t\t<table style=\"height: 186px;\" width=\"990\">\r\n<tbody>\r\n<tr>\r\n<td><\/td>\r\n<td>Jan<\/td>\r\n<td>Feb<\/td>\r\n<td>Mar<\/td>\r\n<td>Avr<\/td>\r\n<td>Mai<\/td>\r\n<td>Jun<\/td>\r\n<td>Jul<\/td>\r\n<td>Aug<\/td>\r\n<td>Sep<\/td>\r\n<td>Oct<\/td>\r\n<td>Nov<\/td>\r\n<td>Dec<\/td>\r\n<\/tr>\r\n<tr>\r\n<td>Temp\u00e9rature moyenne<\/td>\r\n<td>23<\/td>\r\n<td>24<\/td>\r\n<td>23<\/td>\r\n<td>23<\/td>\r\n<td>21<\/td>\r\n<td>19<\/td>\r\n<td>19<\/td>\r\n<td>19<\/td>\r\n<td>20<\/td>\r\n<td>21<\/td>\r\n<td>22<\/td>\r\n<td>23<\/td>\r\n<\/tr>\r\n<tr>\r\n<td>Temp\u00e9rature minimale<\/td>\r\n<td>20<\/td>\r\n<td>20<\/td>\r\n<td>20<\/td>\r\n<td>19<\/td>\r\n<td>18<\/td>\r\n<td>15<\/td>\r\n<td>15<\/td>\r\n<td>15<\/td>\r\n<td>15<\/td>\r\n<td>16<\/td>\r\n<td>18<\/td>\r\n<td>19<\/td>\r\n<\/tr>\r\n<tr>\r\n<td>Temp\u00e9rature maximale<\/td>\r\n<td>27<\/td>\r\n<td>27<\/td>\r\n<td>27<\/td>\r\n<td>27<\/td>\r\n<td>25<\/td>\r\n<td>23<\/td>\r\n<td>23<\/td>\r\n<td>23<\/td>\r\n<td>24<\/td>\r\n<td>25<\/td>\r\n<td>26<\/td>\r\n<td>27<\/td>\r\n<\/tr>\r\n<tr>\r\n<td>Jours de pluie<\/td>\r\n<td>27<\/td>\r\n<td>24<\/td>\r\n<td>26<\/td>\r\n<td>19<\/td>\r\n<td>17<\/td>\r\n<td>18<\/td>\r\n<td>21<\/td>\r\n<td>20<\/td>\r\n<td>15<\/td>\r\n<td>16<\/td>\r\n<td>20<\/td>\r\n<td>25<\/td>\r\n<\/tr>\r\n<\/tbody>\r\n<\/table>\r\n<p style=\"text-align: justify;\">Nous avons mesur\u00e9 et compil\u00e9 les donn\u00e9es fournies en plusieurs ann\u00e9es avec des thermo- et hygrom\u00e8tres directement sur les lieux de d\u00e9couverte des animaux. \"Temp\u00e9rature moyenne\" signifie que les valeurs d'un mois entier ont \u00e9t\u00e9 calcul\u00e9es \u00e0 une valeur moyenne, par exemple toutes les valeurs minimales mesur\u00e9es de f\u00e9vrier ont \u00e9t\u00e9 calcul\u00e9es \u00e0 une valeur minimale moyenne pour f\u00e9vrier. Cela signifie en clair que les valeurs maximales individuelles d'une journ\u00e9e peuvent \u00eatre sensiblement sup\u00e9rieures ou inf\u00e9rieures aux valeurs minimales et maximales moyennes. Il est donc possible que bien que la moyenne maximale soit de 29 degr\u00e9s, il faisait 33\u00b0C ou m\u00eame 35\u00b0C certains jours du mois.<\/p>\t\t\t\t\t\t <\/div>\r\n\t\t\t\t\t\t\t\t\t\t\t\t <div role=\"tabpanel\" class=\"tab-pane \" id=\"tabs_desc_8916_2\">\r\n\t\t\t\t\t\t\t\t<p style=\"text-align: justify;\">La for\u00eat tropicale de Ranomafana est situ\u00e9e sur les hauts plateaux du sud de Madagascar, \u00e0 une altitude d'environ 1000 m au-dessus du niveau de la mer. Le climat y est donc g\u00e9n\u00e9ralement plus frais que, par exemple, sur la c\u00f4te ou dans le sud-ouest de l'\u00eele. Pendant la journ\u00e9e, il fait environ 25\u00b0C, et pendant la saison des pluies, il fait \u00e9galement plus chaud. Les taches solaires atteignent parfois un peu plus de 30\u00b0C. La nuit, les temp\u00e9ratures descendent \u00e0 20\u00b0C pendant la saison des pluies et \u00e0 15\u00b0C pendant la saison s\u00e8che.\r\n<\/p>\r\n<p style=\"text-align: justify;\">Saison s\u00e8che \u00e0 Ranomafana, c'est tr\u00e8s relative, car il n'y a jamais vraiment de s\u00e9cheresse ici. Il pleut un peu moins et pas pendant plusieurs jours d'affil\u00e9e, mais il est encore suffisamment productif pour que le sol et les arbres ne se dess\u00e8chent jamais compl\u00e8tement. L'humidit\u00e9 \u00e9lev\u00e9e et les nuits fra\u00eeches sont les facteurs cl\u00e9s de Ranomafana.<\/p>\t\t\t\t\t\t <\/div>\r\n\t\t\t\t\t\t\t\t\t\t\t\t <div role=\"tabpanel\" class=\"tab-pane \" id=\"tabs_desc_8916_3\">\r\n\t\t\t\t\t\t\t\t<img loading=\"lazy\" decoding=\"async\" class=\"aligncenter wp-image-4189 size-full\" src=\"https:\/\/www.madcham.de\/wp-content\/uploads\/2015\/05\/2016_uvi_ranomafana.jpg\" alt=\"2016 UVI Ranomafana\" width=\"657\" height=\"437\" \/>\r\n<img loading=\"lazy\" decoding=\"async\" class=\"aligncenter wp-image-4189 size-full\" src=\"https:\/\/www.madcham.de\/wp-content\/uploads\/2014\/09\/uvi_ranomafana15.jpg\" alt=\"2015 UVI Ranomafana\" width=\"657\" height=\"437\" \/>\r\n\r\n<p style=\"text-align: justify;\">Les donn\u00e9es UVB ont \u00e9t\u00e9 mesur\u00e9es avec un Solarmeter 6,5 au printemps (mars), au moment o\u00f9 l'activit\u00e9 des cam\u00e9l\u00e9ons \u00e9tait la plus \u00e9lev\u00e9e. Les valeurs maximales \u00e0 atteindre par le cam\u00e9l\u00e9on dans l'habitat ont \u00e9t\u00e9 mesur\u00e9es.<\/p>\t\t\t\t\t\t <\/div>\r\n\t\t\t\t\t\t\t\t\t\t\t\t <div role=\"tabpanel\" class=\"tab-pane \" id=\"tabs_desc_8916_4\">\r\n\t\t\t\t\t\t\t\tMalheureusement, il n'y a pas encore de temp\u00e9ratures du sol disponibles pour Ranomafana.\t\t\t\t\t\t <\/div>\r\n\t\t\t\t\t\t\t\r\n\t\t\t\t\t <\/div>\r\n\t\t\t\t\t \r\n\t\t\t\t <\/div>\r\n <script>\r\n\t\tjQuery(function () {\r\n\t\t\tjQuery('#myTab_8916 a:first').tab('show')\r\n\t\t});\r\n\t\t\r\n\t\t\t\tjQuery(function(){\r\n\t\t\tvar b=\"fadeIn\";\r\n\t\t\tvar c;\r\n\t\t\tvar a;\r\n\t\t\td(jQuery(\"#myTab_8916 a\"),jQuery(\"#tab-content_8916\"));function d(e,f,g){\r\n\t\t\t\te.click(function(i){\r\n\t\t\t\t\ti.preventDefault();\r\n\t\t\t\t\tjQuery(this).tab(\"show\");\r\n\t\t\t\t\tvar h=jQuery(this).data(\"easein\");\r\n\t\t\t\t\tif(c){c.removeClass(a);}\r\n\t\t\t\t\tif(h){f.find(\"div.active\").addClass(\"animated \"+h);a=h;}\r\n\t\t\t\t\telse{if(g){f.find(\"div.active\").addClass(\"animated \"+g);a=g;}else{f.find(\"div.active\").addClass(\"animated \"+b);a=b;}}c=f.find(\"div.active\");\r\n\t\t\t\t});\r\n\t\t\t}\r\n\t\t});\r\n\t\t\r\n\r\n\t\tfunction do_resize(){\r\n\r\n\t\t\tvar width=jQuery( '.tab-content .tab-pane iframe' ).width();\r\n\t\t\tvar height=jQuery( '.tab-content .tab-pane iframe' ).height();\r\n\r\n\t\t\tvar toggleSize = true;\r\n\t\t\tjQuery('iframe').animate({\r\n\t\t\t    width: toggleSize ? width : 640,\r\n\t\t\t    height: toggleSize ? height : 360\r\n\t\t\t  }, 250);\r\n\r\n\t\t\t  toggleSize = !toggleSize;\r\n\t\t}\r\n\r\n\r\n\t<\/script>\r\n\t\t\t\t\r\n\t\t\t\n<h4>Habitat:<\/h4>\n<p style=\"text-align: justify;\">Les photos suivantes montrent des parties de l&rsquo;habitat de <em>Calumma oshaughnessyi<\/em> \u00e0 Ranomafana. La for\u00eat tropicale s&rsquo;\u00e9tend ici sur plusieurs canyons, donc elle est assez raide par endroits. Le sol est rocheux et pr\u00e9sente un sous-bois dense. Certains des arbres sont \u00e9normes et, dans de nombreux endroits, ils sont compl\u00e8tement envahis par les lichens et les mousses. Le matin, il y a surtout du brouillard et il ne s\u00e8che jamais. C&rsquo;est pourquoi la for\u00eat tropicale est si fantastiquement verte et fleurie.<\/p>\n<div id='gallery-6' class='gallery galleryid-8916 gallery-columns-2 gallery-size-habitat_thumb'><figure class='gallery-item'>\n\t\t\t<div class='gallery-icon landscape'>\n\t\t\t\t<a href='https:\/\/www.madcham.de\/wp-content\/uploads\/2014\/09\/Habitat-Ranomafana-3-e1525189977449.jpg'><img loading=\"lazy\" decoding=\"async\" width=\"650\" height=\"250\" src=\"https:\/\/www.madcham.de\/wp-content\/uploads\/2014\/09\/Habitat-Ranomafana-3-e1525189977449-650x250.jpg\" class=\"attachment-habitat_thumb size-habitat_thumb\" alt=\"\" aria-describedby=\"gallery-6-3763\" \/><\/a>\n\t\t\t<\/div>\n\t\t\t\t<figcaption class='wp-caption-text gallery-caption' id='gallery-6-3763'>\n\t\t\t\tRegenwald zur Regenzeit\n\t\t\t\t<\/figcaption><\/figure><figure class='gallery-item'>\n\t\t\t<div class='gallery-icon landscape'>\n\t\t\t\t<a href='https:\/\/www.madcham.de\/wp-content\/uploads\/2014\/09\/Habitat-Ranomafana-4-e1525189910525.jpg'><img loading=\"lazy\" decoding=\"async\" width=\"650\" height=\"250\" src=\"https:\/\/www.madcham.de\/wp-content\/uploads\/2014\/09\/Habitat-Ranomafana-4-e1525189910525-650x250.jpg\" class=\"attachment-habitat_thumb size-habitat_thumb\" alt=\"\" aria-describedby=\"gallery-6-3764\" \/><\/a>\n\t\t\t<\/div>\n\t\t\t\t<figcaption class='wp-caption-text gallery-caption' id='gallery-6-3764'>\n\t\t\t\tMitten in Ranomafana zur Regenzeit\n\t\t\t\t<\/figcaption><\/figure><figure class='gallery-item'>\n\t\t\t<div class='gallery-icon landscape'>\n\t\t\t\t<a href='https:\/\/www.madcham.de\/wp-content\/uploads\/2014\/09\/Habitat-Ranomafana-5-e1525189896271.jpg'><img loading=\"lazy\" decoding=\"async\" width=\"650\" height=\"250\" src=\"https:\/\/www.madcham.de\/wp-content\/uploads\/2014\/09\/Habitat-Ranomafana-5-e1525189896271-650x250.jpg\" class=\"attachment-habitat_thumb size-habitat_thumb\" alt=\"\" \/><\/a>\n\t\t\t<\/div><\/figure><figure class='gallery-item'>\n\t\t\t<div class='gallery-icon landscape'>\n\t\t\t\t<a href='https:\/\/www.madcham.de\/wp-content\/uploads\/2014\/09\/Habitat-Ranomafana-1-e1525189755857.jpg'><img loading=\"lazy\" decoding=\"async\" width=\"650\" height=\"250\" src=\"https:\/\/www.madcham.de\/wp-content\/uploads\/2014\/09\/Habitat-Ranomafana-1-e1525189755857-650x250.jpg\" class=\"attachment-habitat_thumb size-habitat_thumb\" alt=\"\" \/><\/a>\n\t\t\t<\/div><\/figure><figure class='gallery-item'>\n\t\t\t<div class='gallery-icon landscape'>\n\t\t\t\t<a href='https:\/\/www.madcham.de\/wp-content\/uploads\/2014\/09\/Ranomafana-Habitat-3-e1525710592804.jpg'><img loading=\"lazy\" decoding=\"async\" width=\"650\" height=\"250\" src=\"https:\/\/www.madcham.de\/wp-content\/uploads\/2014\/09\/Ranomafana-Habitat-3-650x250.jpg\" class=\"attachment-habitat_thumb size-habitat_thumb\" alt=\"\" aria-describedby=\"gallery-6-2513\" \/><\/a>\n\t\t\t<\/div>\n\t\t\t\t<figcaption class='wp-caption-text gallery-caption' id='gallery-6-2513'>\n\t\t\t\tRegenwald in Ranomafana\n\t\t\t\t<\/figcaption><\/figure><figure class='gallery-item'>\n\t\t\t<div class='gallery-icon landscape'>\n\t\t\t\t<a href='https:\/\/www.madcham.de\/wp-content\/uploads\/2014\/09\/Ranomafana-Habitat-4.jpg'><img loading=\"lazy\" decoding=\"async\" width=\"650\" height=\"250\" src=\"https:\/\/www.madcham.de\/wp-content\/uploads\/2014\/09\/Ranomafana-Habitat-4-650x250.jpg\" class=\"attachment-habitat_thumb size-habitat_thumb\" alt=\"\" aria-describedby=\"gallery-6-2514\" \/><\/a>\n\t\t\t<\/div>\n\t\t\t\t<figcaption class='wp-caption-text gallery-caption' id='gallery-6-2514'>\n\t\t\t\tHabitat in Ranomafana\n\t\t\t\t<\/figcaption><\/figure>\n\t\t<\/div>\n\n<p style=\"text-align: justify;\">Ci-dessous, tu trouveras quelques images \u00e0 360\u00b0 de la for\u00eat tropicale de Ranomafana, que nous avons prises pendant la saison des pluies. En cliquant sur la photo, les images s&rsquo;ouvrent en vue agrandie dans une fen\u00eatre s\u00e9par\u00e9e. Avec la souris, on peut se tourner dans toutes les directions. Il est \u00e9galement possible d&rsquo;afficher les images en mode plein \u00e9cran. Bon visionnage !<\/p>\n<p><a href=\"https:\/\/app2.ricoh360.com\/viewer\/c12e4a9b-0424-4515-82bb-73e288ab1850\" target=\"_blank\" rel=\"noopener\"><img loading=\"lazy\" decoding=\"async\" class=\"aligncenter wp-image-14446 size-large\" src=\"https:\/\/www.madcham.de\/wp-content\/uploads\/2020\/02\/Ranomafana-Maerz-2017-4-1024x576.jpg\" alt=\"\" width=\"1024\" height=\"576\" srcset=\"https:\/\/www.madcham.de\/wp-content\/uploads\/2020\/02\/Ranomafana-Maerz-2017-4-1024x576.jpg 1024w, https:\/\/www.madcham.de\/wp-content\/uploads\/2020\/02\/Ranomafana-Maerz-2017-4-300x169.jpg 300w, https:\/\/www.madcham.de\/wp-content\/uploads\/2020\/02\/Ranomafana-Maerz-2017-4-768x432.jpg 768w, https:\/\/www.madcham.de\/wp-content\/uploads\/2020\/02\/Ranomafana-Maerz-2017-4-1536x864.jpg 1536w, https:\/\/www.madcham.de\/wp-content\/uploads\/2020\/02\/Ranomafana-Maerz-2017-4-2048x1152.jpg 2048w, https:\/\/www.madcham.de\/wp-content\/uploads\/2020\/02\/Ranomafana-Maerz-2017-4-1200x675.jpg 1200w, https:\/\/www.madcham.de\/wp-content\/uploads\/2020\/02\/Ranomafana-Maerz-2017-4-420x236.jpg 420w, https:\/\/www.madcham.de\/wp-content\/uploads\/2020\/02\/Ranomafana-Maerz-2017-4-81x46.jpg 81w, https:\/\/www.madcham.de\/wp-content\/uploads\/2020\/02\/Ranomafana-Maerz-2017-4-200x112.jpg 200w\" sizes=\"(max-width: 1024px) 100vw, 1024px\" \/><\/a><a href=\"https:\/\/app2.ricoh360.com\/viewer\/6c54c68c-7efd-4320-8d8a-e39c012b02b8\" target=\"_blank\" rel=\"noopener\"><img loading=\"lazy\" decoding=\"async\" class=\"aligncenter wp-image-14449 size-large\" src=\"https:\/\/www.madcham.de\/wp-content\/uploads\/2020\/02\/Ranomafana-Maerz-2017-7-1024x576.jpg\" alt=\"\" width=\"1024\" height=\"576\" srcset=\"https:\/\/www.madcham.de\/wp-content\/uploads\/2020\/02\/Ranomafana-Maerz-2017-7-1024x576.jpg 1024w, https:\/\/www.madcham.de\/wp-content\/uploads\/2020\/02\/Ranomafana-Maerz-2017-7-300x169.jpg 300w, https:\/\/www.madcham.de\/wp-content\/uploads\/2020\/02\/Ranomafana-Maerz-2017-7-768x432.jpg 768w, https:\/\/www.madcham.de\/wp-content\/uploads\/2020\/02\/Ranomafana-Maerz-2017-7-1536x864.jpg 1536w, https:\/\/www.madcham.de\/wp-content\/uploads\/2020\/02\/Ranomafana-Maerz-2017-7-2048x1152.jpg 2048w, https:\/\/www.madcham.de\/wp-content\/uploads\/2020\/02\/Ranomafana-Maerz-2017-7-1200x675.jpg 1200w, https:\/\/www.madcham.de\/wp-content\/uploads\/2020\/02\/Ranomafana-Maerz-2017-7-420x236.jpg 420w, https:\/\/www.madcham.de\/wp-content\/uploads\/2020\/02\/Ranomafana-Maerz-2017-7-81x46.jpg 81w, https:\/\/www.madcham.de\/wp-content\/uploads\/2020\/02\/Ranomafana-Maerz-2017-7-200x112.jpg 200w\" sizes=\"(max-width: 1024px) 100vw, 1024px\" \/><\/a><a href=\"https:\/\/app2.ricoh360.com\/viewer\/52a914da-069c-45f0-96cb-9dfc066c0c22\" target=\"_blank\" rel=\"noopener\"><img loading=\"lazy\" decoding=\"async\" class=\"aligncenter wp-image-14453 size-large\" src=\"https:\/\/www.madcham.de\/wp-content\/uploads\/2020\/02\/Ranomafana-Maerz-2017-12-1024x576.jpg\" alt=\"\" width=\"1024\" height=\"576\" srcset=\"https:\/\/www.madcham.de\/wp-content\/uploads\/2020\/02\/Ranomafana-Maerz-2017-12-1024x576.jpg 1024w, https:\/\/www.madcham.de\/wp-content\/uploads\/2020\/02\/Ranomafana-Maerz-2017-12-300x169.jpg 300w, https:\/\/www.madcham.de\/wp-content\/uploads\/2020\/02\/Ranomafana-Maerz-2017-12-768x432.jpg 768w, https:\/\/www.madcham.de\/wp-content\/uploads\/2020\/02\/Ranomafana-Maerz-2017-12-1536x864.jpg 1536w, https:\/\/www.madcham.de\/wp-content\/uploads\/2020\/02\/Ranomafana-Maerz-2017-12-2048x1152.jpg 2048w, https:\/\/www.madcham.de\/wp-content\/uploads\/2020\/02\/Ranomafana-Maerz-2017-12-1200x675.jpg 1200w, https:\/\/www.madcham.de\/wp-content\/uploads\/2020\/02\/Ranomafana-Maerz-2017-12-420x236.jpg 420w, https:\/\/www.madcham.de\/wp-content\/uploads\/2020\/02\/Ranomafana-Maerz-2017-12-81x46.jpg 81w, https:\/\/www.madcham.de\/wp-content\/uploads\/2020\/02\/Ranomafana-Maerz-2017-12-200x112.jpg 200w\" sizes=\"(max-width: 1024px) 100vw, 1024px\" \/><\/a><a href=\"https:\/\/app2.ricoh360.com\/viewer\/74976cc9-a7a5-4529-8680-6a38666dbe95\" target=\"_blank\" rel=\"noopener\"><img loading=\"lazy\" decoding=\"async\" class=\"aligncenter wp-image-14454 size-large\" src=\"https:\/\/www.madcham.de\/wp-content\/uploads\/2020\/02\/Ranomafana-Maerz-2017-13-1024x576.jpg\" alt=\"\" width=\"1024\" height=\"576\" srcset=\"https:\/\/www.madcham.de\/wp-content\/uploads\/2020\/02\/Ranomafana-Maerz-2017-13-1024x576.jpg 1024w, https:\/\/www.madcham.de\/wp-content\/uploads\/2020\/02\/Ranomafana-Maerz-2017-13-300x169.jpg 300w, https:\/\/www.madcham.de\/wp-content\/uploads\/2020\/02\/Ranomafana-Maerz-2017-13-768x432.jpg 768w, https:\/\/www.madcham.de\/wp-content\/uploads\/2020\/02\/Ranomafana-Maerz-2017-13-1536x864.jpg 1536w, https:\/\/www.madcham.de\/wp-content\/uploads\/2020\/02\/Ranomafana-Maerz-2017-13-2048x1152.jpg 2048w, https:\/\/www.madcham.de\/wp-content\/uploads\/2020\/02\/Ranomafana-Maerz-2017-13-1200x675.jpg 1200w, https:\/\/www.madcham.de\/wp-content\/uploads\/2020\/02\/Ranomafana-Maerz-2017-13-420x236.jpg 420w, https:\/\/www.madcham.de\/wp-content\/uploads\/2020\/02\/Ranomafana-Maerz-2017-13-81x46.jpg 81w, https:\/\/www.madcham.de\/wp-content\/uploads\/2020\/02\/Ranomafana-Maerz-2017-13-200x112.jpg 200w\" sizes=\"(max-width: 1024px) 100vw, 1024px\" \/><\/a><a href=\"https:\/\/app2.ricoh360.com\/viewer\/e4bea4e7-946d-41d2-8314-a04c23e6b995%20\" target=\"_blank\" rel=\"noopener\"><img loading=\"lazy\" decoding=\"async\" class=\"aligncenter wp-image-14455 size-large\" src=\"https:\/\/www.madcham.de\/wp-content\/uploads\/2020\/02\/Ranomafana-Maerz-2017-14-1024x576.jpg\" alt=\"\" width=\"1024\" height=\"576\" srcset=\"https:\/\/www.madcham.de\/wp-content\/uploads\/2020\/02\/Ranomafana-Maerz-2017-14-1024x576.jpg 1024w, https:\/\/www.madcham.de\/wp-content\/uploads\/2020\/02\/Ranomafana-Maerz-2017-14-300x169.jpg 300w, https:\/\/www.madcham.de\/wp-content\/uploads\/2020\/02\/Ranomafana-Maerz-2017-14-768x432.jpg 768w, https:\/\/www.madcham.de\/wp-content\/uploads\/2020\/02\/Ranomafana-Maerz-2017-14-1536x864.jpg 1536w, https:\/\/www.madcham.de\/wp-content\/uploads\/2020\/02\/Ranomafana-Maerz-2017-14-2048x1152.jpg 2048w, https:\/\/www.madcham.de\/wp-content\/uploads\/2020\/02\/Ranomafana-Maerz-2017-14-1200x675.jpg 1200w, https:\/\/www.madcham.de\/wp-content\/uploads\/2020\/02\/Ranomafana-Maerz-2017-14-420x236.jpg 420w, https:\/\/www.madcham.de\/wp-content\/uploads\/2020\/02\/Ranomafana-Maerz-2017-14-81x46.jpg 81w, https:\/\/www.madcham.de\/wp-content\/uploads\/2020\/02\/Ranomafana-Maerz-2017-14-200x112.jpg 200w\" sizes=\"(max-width: 1024px) 100vw, 1024px\" \/><\/a><a href=\"https:\/\/app2.ricoh360.com\/viewer\/581d37de-b041-43ca-b65d-bf95395bd9f5\" target=\"_blank\" rel=\"noopener\"><img loading=\"lazy\" decoding=\"async\" class=\"aligncenter wp-image-14458 size-large\" src=\"https:\/\/www.madcham.de\/wp-content\/uploads\/2020\/02\/Ranomafana-Maerz-2017-17-1024x576.jpg\" alt=\"\" width=\"1024\" height=\"576\" srcset=\"https:\/\/www.madcham.de\/wp-content\/uploads\/2020\/02\/Ranomafana-Maerz-2017-17-1024x576.jpg 1024w, https:\/\/www.madcham.de\/wp-content\/uploads\/2020\/02\/Ranomafana-Maerz-2017-17-300x169.jpg 300w, https:\/\/www.madcham.de\/wp-content\/uploads\/2020\/02\/Ranomafana-Maerz-2017-17-768x432.jpg 768w, https:\/\/www.madcham.de\/wp-content\/uploads\/2020\/02\/Ranomafana-Maerz-2017-17-1536x864.jpg 1536w, https:\/\/www.madcham.de\/wp-content\/uploads\/2020\/02\/Ranomafana-Maerz-2017-17-2048x1152.jpg 2048w, https:\/\/www.madcham.de\/wp-content\/uploads\/2020\/02\/Ranomafana-Maerz-2017-17-1200x675.jpg 1200w, https:\/\/www.madcham.de\/wp-content\/uploads\/2020\/02\/Ranomafana-Maerz-2017-17-420x236.jpg 420w, https:\/\/www.madcham.de\/wp-content\/uploads\/2020\/02\/Ranomafana-Maerz-2017-17-81x46.jpg 81w, https:\/\/www.madcham.de\/wp-content\/uploads\/2020\/02\/Ranomafana-Maerz-2017-17-200x112.jpg 200w\" sizes=\"(max-width: 1024px) 100vw, 1024px\" \/><\/a><a href=\"https:\/\/app2.ricoh360.com\/viewer\/a5afe451-b612-4d00-b70d-45a41c9fe333\" target=\"_blank\" rel=\"noopener\"><img loading=\"lazy\" decoding=\"async\" class=\"aligncenter wp-image-14460 size-large\" src=\"https:\/\/www.madcham.de\/wp-content\/uploads\/2020\/02\/Ranomafana-Maerz-2017-19-1024x576.jpg\" alt=\"\" width=\"1024\" height=\"576\" srcset=\"https:\/\/www.madcham.de\/wp-content\/uploads\/2020\/02\/Ranomafana-Maerz-2017-19-1024x576.jpg 1024w, https:\/\/www.madcham.de\/wp-content\/uploads\/2020\/02\/Ranomafana-Maerz-2017-19-300x169.jpg 300w, https:\/\/www.madcham.de\/wp-content\/uploads\/2020\/02\/Ranomafana-Maerz-2017-19-768x432.jpg 768w, https:\/\/www.madcham.de\/wp-content\/uploads\/2020\/02\/Ranomafana-Maerz-2017-19-1536x864.jpg 1536w, https:\/\/www.madcham.de\/wp-content\/uploads\/2020\/02\/Ranomafana-Maerz-2017-19-2048x1152.jpg 2048w, https:\/\/www.madcham.de\/wp-content\/uploads\/2020\/02\/Ranomafana-Maerz-2017-19-1200x675.jpg 1200w, https:\/\/www.madcham.de\/wp-content\/uploads\/2020\/02\/Ranomafana-Maerz-2017-19-420x236.jpg 420w, https:\/\/www.madcham.de\/wp-content\/uploads\/2020\/02\/Ranomafana-Maerz-2017-19-81x46.jpg 81w, https:\/\/www.madcham.de\/wp-content\/uploads\/2020\/02\/Ranomafana-Maerz-2017-19-200x112.jpg 200w\" sizes=\"(max-width: 1024px) 100vw, 1024px\" \/><\/a><a href=\"https:\/\/app2.ricoh360.com\/viewer\/af93561f-ba2e-4d23-b011-9e4e8aeb3d2b\" target=\"_blank\" rel=\"noopener\"><img loading=\"lazy\" decoding=\"async\" class=\"aligncenter wp-image-14461 size-large\" src=\"https:\/\/www.madcham.de\/wp-content\/uploads\/2020\/02\/Ranomafana-Maerz-2017-20-1024x576.jpg\" alt=\"\" width=\"1024\" height=\"576\" srcset=\"https:\/\/www.madcham.de\/wp-content\/uploads\/2020\/02\/Ranomafana-Maerz-2017-20-1024x576.jpg 1024w, https:\/\/www.madcham.de\/wp-content\/uploads\/2020\/02\/Ranomafana-Maerz-2017-20-300x169.jpg 300w, https:\/\/www.madcham.de\/wp-content\/uploads\/2020\/02\/Ranomafana-Maerz-2017-20-768x432.jpg 768w, https:\/\/www.madcham.de\/wp-content\/uploads\/2020\/02\/Ranomafana-Maerz-2017-20-1536x864.jpg 1536w, https:\/\/www.madcham.de\/wp-content\/uploads\/2020\/02\/Ranomafana-Maerz-2017-20-2048x1152.jpg 2048w, https:\/\/www.madcham.de\/wp-content\/uploads\/2020\/02\/Ranomafana-Maerz-2017-20-1200x675.jpg 1200w, https:\/\/www.madcham.de\/wp-content\/uploads\/2020\/02\/Ranomafana-Maerz-2017-20-420x236.jpg 420w, https:\/\/www.madcham.de\/wp-content\/uploads\/2020\/02\/Ranomafana-Maerz-2017-20-81x46.jpg 81w, https:\/\/www.madcham.de\/wp-content\/uploads\/2020\/02\/Ranomafana-Maerz-2017-20-200x112.jpg 200w\" sizes=\"(max-width: 1024px) 100vw, 1024px\" \/><\/a><\/p>\n<p>&nbsp;","protected":false},"excerpt":{"rendered":"<p>Description initiale: (G\u00fcnther, 1881) Origine du nom de l&rsquo;esp\u00e8ce: Le zoologiste allemand Albert Carl Ludwig Gotthilf G\u00fcnther, alors directeur du d\u00e9partement de zoologie du Mus\u00e9e d&rsquo;histoire naturelle de Londres (Grande-Bretagne), n&rsquo;a donn\u00e9 que quelques noms d&rsquo;esp\u00e8ces en l&rsquo;honneur d&rsquo;individus sp\u00e9cifiques. Il a fait une exception pour cette esp\u00e8ce de cam\u00e9l\u00e9on, qu&rsquo;il a d\u00e9di\u00e9e \u00e0 son ami et coll\u00e8gue anglais Arthur William Edgar O&rsquo;Shaughnessy. O&rsquo;Shaughnessy \u00e9tait d\u00e9j\u00e0 employ\u00e9 par le Mus\u00e9e d&rsquo;histoire naturelle \u00e0 l&rsquo;\u00e2ge de 19 ans et y est rest\u00e9 jusqu&rsquo;\u00e0 sa mort \u00e0 l&rsquo;\u00e2ge de 37 ans seulement en janvier 1881, peu avant que la description de Calumma oshaughnessyi ne soit achev\u00e9e. Distribution: La distribution de cette esp\u00e8ce de cam\u00e9l\u00e9on s&rsquo;\u00e9tend du parc national de Ranomafana \u00e0 la frange nord du parc national d&rsquo;Andohela dans le sud-est de Madagascar. Les animaux vivent principalement dans les for\u00eats tropicales denses \u00e0 feuilles persistantes, o\u00f9 l&rsquo;humidit\u00e9 est constamment tr\u00e8s \u00e9lev\u00e9e. Calumma oshaughnessyi vit exclusivement dans les for\u00eats primaires profondes recouvertes de foug\u00e8res et de mousses. Dans la v\u00e9g\u00e9tation secondaire, on ne les trouve pratiquement pas. Lors d&rsquo;excursions nocturnes, on peut les voir dans la for\u00eat, aux extr\u00e9mit\u00e9s des branches, \u00e0 une hauteur de 2 \u00e0 4 m\u00e8tres. Apparence et taille: Avec&#8230;<\/p>\n","protected":false},"author":3,"featured_media":6038,"comment_status":"closed","ping_status":"closed","sticky":false,"template":"","format":"gallery","meta":{"_monsterinsights_skip_tracking":false,"_monsterinsights_sitenote_active":false,"_monsterinsights_sitenote_note":"","_monsterinsights_sitenote_category":0,"footnotes":""},"categories":[26],"tags":[1455,778,53,160,782,774,781,780,61,1451,266,275,255,776,777,775,226,783,1452,584,723],"_links":{"self":[{"href":"https:\/\/www.madcham.de\/fr\/wp-json\/wp\/v2\/posts\/841"}],"collection":[{"href":"https:\/\/www.madcham.de\/fr\/wp-json\/wp\/v2\/posts"}],"about":[{"href":"https:\/\/www.madcham.de\/fr\/wp-json\/wp\/v2\/types\/post"}],"author":[{"embeddable":true,"href":"https:\/\/www.madcham.de\/fr\/wp-json\/wp\/v2\/users\/3"}],"replies":[{"embeddable":true,"href":"https:\/\/www.madcham.de\/fr\/wp-json\/wp\/v2\/comments?post=841"}],"version-history":[{"count":52,"href":"https:\/\/www.madcham.de\/fr\/wp-json\/wp\/v2\/posts\/841\/revisions"}],"predecessor-version":[{"id":15141,"href":"https:\/\/www.madcham.de\/fr\/wp-json\/wp\/v2\/posts\/841\/revisions\/15141"}],"wp:featuredmedia":[{"embeddable":true,"href":"https:\/\/www.madcham.de\/fr\/wp-json\/wp\/v2\/media\/6038"}],"wp:attachment":[{"href":"https:\/\/www.madcham.de\/fr\/wp-json\/wp\/v2\/media?parent=841"}],"wp:term":[{"taxonomy":"category","embeddable":true,"href":"https:\/\/www.madcham.de\/fr\/wp-json\/wp\/v2\/categories?post=841"},{"taxonomy":"post_tag","embeddable":true,"href":"https:\/\/www.madcham.de\/fr\/wp-json\/wp\/v2\/tags?post=841"}],"curies":[{"name":"wp","href":"https:\/\/api.w.org\/{rel}","templated":true}]}}