{"id":8490,"date":"2020-02-06T21:02:42","date_gmt":"2020-02-06T20:02:42","guid":{"rendered":"https:\/\/www.madcham.de\/?p=8490"},"modified":"2025-02-15T14:10:44","modified_gmt":"2025-02-15T13:10:44","slug":"calumma-emelinae","status":"publish","type":"post","link":"https:\/\/www.madcham.de\/fr\/calumma-emelinae\/","title":{"rendered":"Calumma emelinae"},"content":{"rendered":"<div class=\"simple-alert-boxes sab_danger sab_normal \">\r\n\t\t<strong>Quotas CITES<\/strong><br \/>\npas d&rsquo;exportation l\u00e9gale possible\t<\/div>\r\n\t\n<h4><\/h4>\n<h4>Description initiale:<img loading=\"lazy\" decoding=\"async\" class=\"alignright wp-image-13117\" src=\"https:\/\/www.madcham.de\/wp-content\/uploads\/2019\/03\/IUCN-not-evaluated.jpg\" alt=\"IUCN Red List: not evaluated\" width=\"80\" height=\"80\" srcset=\"https:\/\/www.madcham.de\/wp-content\/uploads\/2019\/03\/IUCN-not-evaluated.jpg 150w, https:\/\/www.madcham.de\/wp-content\/uploads\/2019\/03\/IUCN-not-evaluated-81x81.jpg 81w\" sizes=\"(max-width: 80px) 100vw, 80px\" \/><\/h4>\n<p>Pr\u00f6tzel, Scherz, Ratsoavina, Vences &amp; Glaw, 2020 <a href=\"https:\/\/www.senckenberg.de\/de\/wissenschaft\/publikationen\/wissenschaftliche-zeitschriften\/vertebrate-zoology\/archiv\/vz-70-1-03\/\" target=\"_blank\" rel=\"noopener noreferrer\"> <img loading=\"lazy\" decoding=\"async\" class=\"wp-image-9195 size-full alignnone\" style=\"margin-left: 10px; margin-top: 15px;\" src=\"https:\/\/www.madcham.de\/wp-content\/uploads\/2014\/09\/pdf-Logo.png\" alt=\"\" width=\"44\" height=\"21\" \/><\/a><\/p>\n<h4>Origine du nom de l&rsquo;esp\u00e8ce:<\/h4>\n<p style=\"text-align: justify;\">David Pr\u00f6tzel, Mark D. Scherz et Frank Glaw de la Collection zoologique nationale de Munich (Allemagne), Fanomezana M. Ratsoavina de l&rsquo;Universit\u00e9 d&rsquo;Antananarivo (Madagascar) ainsi que Miguel Vences de l&rsquo;Institut zoologique de l&rsquo;Universit\u00e9 technique de Braunschweig (Allemagne) ont donn\u00e9 \u00e0 l&rsquo;esp\u00e8ce \u00e0 la demande de l&rsquo;Indon\u00e9sien Wewin Tjiasmanto le nom de sa m\u00e8re, Emelina Widjojo. Tjiasmanto avait pris en charge le parrainage d&rsquo;une esp\u00e8ce de cam\u00e9l\u00e9on dans le cadre du projet <a href=\"https:\/\/biopat.de\" target=\"_blank\" rel=\"noopener noreferrer\">BIOPAT<\/a>. Le parrain respectif paie \u00e0 partir de 2600 \u20ac pour un parrainage. L&rsquo;argent est utilis\u00e9 exclusivement pour soutenir des projets de recherche scientifique. En contrepartie, le parrain est autoris\u00e9 \u00e0 donner \u00e0 une esp\u00e8ce v\u00e9g\u00e9tale ou animale nouvellement d\u00e9couverte de son choix un nom souhait\u00e9.<\/p>\n<div style=\"float: right; margin: 20px;\">\t\t<div id=\"maps-marker-pro-160e6487\" class=\"maps-marker-pro\" style=\"width: 300px;\">\n\t\t\t<div id=\"mmp-map-wrap-160e6487\" class=\"mmp-map-wrap\">\n\t\t\t\t\t\t\t\t\t<div id=\"mmp-panel-160e6487\" class=\"mmp-panel\"><\/div>\n\t\t\t\t\t\t\t\t<div id=\"mmp-map-160e6487\" class=\"mmp-map\" style=\"height: 300px;\"><\/div>\n\t\t\t\t\t\t\t<\/div>\n\t\t\t\t\t<\/div>\n\t\t<\/div>\n<h4>Distribution:<\/h4>\n<p style=\"text-align: justify;\"><em>Calumma emelinae <\/em> est connu \u00e0 partir de divers vestiges de la for\u00eat tropicale humide de la c\u00f4te est de Madagascar, situ\u00e9e \u00e0 plus de 750 m d&rsquo;altitude. Les sites pr\u00e9c\u00e9dents sont situ\u00e9s entre Anosibe an&rsquo;Ala au centre-est et le lac Alaotra, l&rsquo;une des plus importantes zones de culture du riz. Jusqu&rsquo;\u00e0 pr\u00e9sent, nous avons toujours trouv\u00e9 l&rsquo;esp\u00e8ce dans une petite for\u00eat pr\u00e8s de Moramanga, ainsi que tr\u00e8s fr\u00e9quemment \u00e0 Andasibe et Vohimana. En fait, apr\u00e8s avoir pass\u00e9 en revue nos photos des derni\u00e8res ann\u00e9es, <em>Calumma emelinae<\/em> est pr\u00e9sent dans le plus c\u00e9l\u00e8bre parc national de Madagascar, Andasibe-Mantadia, bien plus souvent que <a href=\"https:\/\/www.madcham.de\/de\/calumma-nasutum\/\"><em>Calumma nasutum<\/em><\/a>, qui a longtemps \u00e9t\u00e9 confondu avec cette esp\u00e8ce.\u00a0Une autre population de <em>Calumma emelinae<\/em> vit dans la r\u00e9gion du plateau de Makira, au nord de Madagascar. Comme il est en grande partie inaccessible aux voyageurs, il n&rsquo;y a pratiquement pas d&rsquo;enregistrements de cet endroit jusqu&rsquo;\u00e0 pr\u00e9sent.<\/p>\n<h4>Apparence et taille:<\/h4>\n<div id=\"attachment_8578\" style=\"width: 310px\" class=\"wp-caption alignright\"><a href=\"https:\/\/www.madcham.de\/wp-content\/uploads\/2020\/02\/Calumma-emelinae-juvenile-Moramanga-2020-3.jpg\"><img loading=\"lazy\" decoding=\"async\" aria-describedby=\"caption-attachment-8578\" class=\"wp-image-8578 size-medium\" src=\"https:\/\/www.madcham.de\/wp-content\/uploads\/2020\/02\/Calumma-emelinae-juvenile-Moramanga-2020-3-300x200.jpg?_t=1581793288\" alt=\"\" width=\"300\" height=\"200\" srcset=\"https:\/\/www.madcham.de\/wp-content\/uploads\/2020\/02\/Calumma-emelinae-juvenile-Moramanga-2020-3-300x200.jpg 300w, https:\/\/www.madcham.de\/wp-content\/uploads\/2020\/02\/Calumma-emelinae-juvenile-Moramanga-2020-3-768x512.jpg 768w, https:\/\/www.madcham.de\/wp-content\/uploads\/2020\/02\/Calumma-emelinae-juvenile-Moramanga-2020-3-420x280.jpg 420w, https:\/\/www.madcham.de\/wp-content\/uploads\/2020\/02\/Calumma-emelinae-juvenile-Moramanga-2020-3-81x54.jpg 81w, https:\/\/www.madcham.de\/wp-content\/uploads\/2020\/02\/Calumma-emelinae-juvenile-Moramanga-2020-3.jpg 1000w\" sizes=\"(max-width: 300px) 100vw, 300px\" \/><\/a><p id=\"caption-attachment-8578\" class=\"wp-caption-text\">Juvenile de <em>Calumma emelinae<\/em> sur un doigt<\/p><\/div>\n<p style=\"text-align: justify;\"><em>Calumma emelinae<\/em> ne devient pas tr\u00e8s grand. Avec seulement 8,3 \u00e0 10,3 cm du nez \u00e0 la pointe de la queue, cette esp\u00e8ce est d\u00e9j\u00e0 pleinement d\u00e9velopp\u00e9e. Les deux sexes ont un nez rond, qui est plus petit chez les femmes que chez les hommes. L&rsquo;\u00e9caille rostrale directement sous le nez n&rsquo;est pas int\u00e9gr\u00e9e dans le processus du nez lui-m\u00eame dans <em>Calumma emelinae<\/em>. Chez les m\u00e2les, le casque est tr\u00e8s bas (seulement 0,5-1,1 mm), mais ils portent g\u00e9n\u00e9ralement une cr\u00eate dorsale de sept \u00e0 dix \u00e9cailles de c\u00f4nes (le nombre varie). Les femelles ne portent pas de cr\u00eate dorsale. Les m\u00e2les de <em>Calumma emelinae<\/em> sont plus jolis que les femelles : ils sont marbr\u00e9s de vert gris clair avec une bande lat\u00e9rale blanche, les bras et les jambes portent un vert plus distinctif. Les femelles sont gris-blanc avec des taches vert clair, ce qui donne surtout un aspect tr\u00e8s vert aux bras, aux jambes et \u00e0 la t\u00eate. Le nez des femelles peut pr\u00e9senter des \u00e9cailles bleu clair.<\/p>\n<p>&nbsp;<\/p>\n\t\t\t\t\t\t<style>\r\n\t\t\t\t\r\n\t\t\t\t\t#tab_container_8891 {\r\n\toverflow:hidden;\r\n\tdisplay:block;\r\n\twidth:100%;\r\n\tborder:0px solid #ddd;\r\n\tmargin-bottom:30px;\r\n\t}\r\n\r\n#tab_container_8891 .tab-content{\r\n\tpadding:20px;\r\n\tborder: 1px solid #e6e6e6 !important;\r\n\tmargin-top: 0px;\r\n\tbackground-color:#ffffff !important;\r\n\tcolor: #3e3e3e !important;\r\n\tfont-size:13px !important;\r\n\tfont-family: Open Sans !important;\r\n\t\r\n\t\tborder: 1px solid #e6e6e6 !important;\r\n\t}\r\n#tab_container_8891 .wpsm_nav-tabs {\r\n    border-bottom: 0px solid #ddd;\r\n}\r\n#tab_container_8891 .wpsm_nav-tabs > li.active > a, #tab_container_8891 .wpsm_nav-tabs > li.active > a:hover, #tab_container_8891 .wpsm_nav-tabs > li.active > a:focus {\r\n\tcolor: #3e3e3e !important;\r\n\tcursor: default;\r\n\tbackground-color: #ffffff !important;\r\n\tborder: 1px solid #e6e6e6 !important;\r\n}\r\n\r\n#tab_container_8891 .wpsm_nav-tabs > li > a {\r\n    margin-right: 0px !important; \r\n    line-height: 1.42857143 !important;\r\n    border: 1px solid #d5d5d5 !important;\r\n    border-radius: 0px 0px 0 0 !important; \r\n\tbackground-color: #e8e8e8 !important;\r\n\tcolor: #3e3e3e !important;\r\n\tpadding: 15px 18px 15px 18px !important;\r\n\ttext-decoration: none !important;\r\n\tfont-size: 13px !important;\r\n\ttext-align:center !important;\r\n\tfont-family: Open Sans !important;\r\n}\r\n#tab_container_8891 .wpsm_nav-tabs > li > a:focus {\r\noutline: 0px !important;\r\n}\r\n\r\n#tab_container_8891 .wpsm_nav-tabs > li > a:before {\r\n\tdisplay:none !important;\r\n}\r\n#tab_container_8891 .wpsm_nav-tabs > li > a:after {\r\n\tdisplay:none !important ;\r\n}\r\n#tab_container_8891 .wpsm_nav-tabs > li{\r\npadding:0px !important ;\r\nmargin:0px;\r\n}\r\n\r\n#tab_container_8891 .wpsm_nav-tabs > li > a:hover , #tab_container_8891 .wpsm_nav-tabs > li > a:focus {\r\n    color: #3e3e3e !important;\r\n    background-color: #e8e8e8 !important;\r\n\tborder: 1px solid #d5d5d5 !important;\r\n\t\r\n}\r\n#tab_container_8891 .wpsm_nav-tabs > li > a .fa{\r\n\r\nmargin-right:5px !important;\r\n\r\nmargin-left:5px !important;\r\n\r\n\r\n}\r\n\r\n\t\t#tab_container_8891 .wpsm_nav-tabs a{\r\n\t\t\tbackground-image: none;\r\n\t\t\tbackground-position: 0 0;\r\n\t\t\tbackground-repeat: repeat-x;\r\n\t\t}\r\n\t\t\t\r\n\r\n\r\n#tab_container_8891 .wpsm_nav-tabs > li {\r\n    float: left;\r\n    margin-bottom: -1px !important;\r\n\tmargin-right:0px !important; \r\n}\r\n\r\n\r\n#tab_container_8891 .tab-content{\r\noverflow:hidden !important;\r\n}\r\n\r\n\r\n@media (min-width: 769px) {\r\n\r\n\t#tab_container_8891 .wpsm_nav-tabs > li{\r\n\t\tfloat:left !important ;\r\n\t\t\t\tmargin-right:-1px !important;\r\n\t\t\t\t\t}\r\n\t#tab_container_8891 .wpsm_nav-tabs{\r\n\t\tfloat:none !important;\r\n\t\tmargin:0px !important;\r\n\t}\r\n\r\n\t#tab_container_8891 .wpsm_nav-tabs > li {\r\n\t\t\t\t\r\n\t}\r\n\t#tab_container_8891 .wpsm_nav{\r\n\t\t\t}\r\n\r\n}\r\n\r\n\r\n\r\n@media (max-width: 768px) {\r\n\t#tab_container_8891 .wpsm_nav-tabs > li {\r\n\t\t\t\t\r\n\t}\r\n\t#tab_container_8891 .wpsm_nav{\r\n\t\t\t}\r\n}\r\n\r\n\r\n\t.wpsm_nav-tabs li:before{\r\n\t\tdisplay:none !important;\r\n\t}\r\n\r\n\t@media (max-width: 768px) {\r\n\t\t\t\t\r\n\t\t\t\t.wpsm_nav-tabs{\r\n\t\t\tmargin-left:0px !important;\r\n\t\t\tmargin-right:0px !important; \r\n\t\t\t\r\n\t\t}\r\n\t\t\t\t#tab_container_8891 .wpsm_nav-tabs > li{\r\n\t\t\tfloat:none !important;\r\n\t\t}\r\n\t\t\t\r\n\t}\t\t\t\t<\/style>\r\n\t\t\t\t<div id=\"tab_container_8891\" >\r\n\t \r\n\t\t\t\t\t<ul class=\"wpsm_nav wpsm_nav-tabs\" role=\"tablist\" id=\"myTab_8891\">\r\n\t\t\t\t\t\t\t\r\n\t\t\t\t\t\t\t<li role=\"presentation\"  class=\"active\"  onclick=\"do_resize()\">\r\n\t\t\t\t\t\t\t\t<a href=\"#tabs_desc_8891_1\" aria-controls=\"tabs_desc_8891_1\" role=\"tab\" data-toggle=\"tab\">\r\n\t\t\t\t\t\t\t\t\t\r\n\t\t\t\t\t\t\t\t\t\t\t\t\t\t\t\t\t\t\t\t\t\t\t\t\t\t\t\t\t\t\t<i class=\"fa fa-calendar\"><\/i> \t\t\t\t\t\t\t\t\t\t\t\t\t\t\t\t\t\t\t\r\n\t\t\t\t\t\t\t\t\t\t\t\t\t\t\t\t\t\t\r\n\t\t\t\t\t\t\t\t\t<span>Tableau du climat<\/span>\r\n\t\t\t\t\t\t\t\t\t\r\n\t\t\t\t\t\t\t\t\t\t\t\t\t\t\t\t\t\t\r\n\t\t\t\t\t\t\t\t\t\t\t\t\t\t\t\t\t\t\t\t\r\n\t\t\t\t\t\t\t\t\t\r\n\t\t\t\t\t\t\t\t<\/a>\r\n\t\t\t\t\t\t\t<\/li>\r\n\t\t\t\t\t\t\t\r\n\t\t\t\t\t\t\t<li role=\"presentation\"  onclick=\"do_resize()\">\r\n\t\t\t\t\t\t\t\t<a href=\"#tabs_desc_8891_2\" aria-controls=\"tabs_desc_8891_2\" role=\"tab\" data-toggle=\"tab\">\r\n\t\t\t\t\t\t\t\t\t\r\n\t\t\t\t\t\t\t\t\t\t\t\t\t\t\t\t\t\t\t\t\t\t\t\t\t\t\t\t\t\t\t<i class=\"fa fa-cloud\"><\/i> \t\t\t\t\t\t\t\t\t\t\t\t\t\t\t\t\t\t\t\r\n\t\t\t\t\t\t\t\t\t\t\t\t\t\t\t\t\t\t\r\n\t\t\t\t\t\t\t\t\t<span>En savoir plus<\/span>\r\n\t\t\t\t\t\t\t\t\t\r\n\t\t\t\t\t\t\t\t\t\t\t\t\t\t\t\t\t\t\r\n\t\t\t\t\t\t\t\t\t\t\t\t\t\t\t\t\t\t\t\t\r\n\t\t\t\t\t\t\t\t\t\r\n\t\t\t\t\t\t\t\t<\/a>\r\n\t\t\t\t\t\t\t<\/li>\r\n\t\t\t\t\t\t\t\r\n\t\t\t\t\t\t\t<li role=\"presentation\"  onclick=\"do_resize()\">\r\n\t\t\t\t\t\t\t\t<a href=\"#tabs_desc_8891_3\" aria-controls=\"tabs_desc_8891_3\" role=\"tab\" data-toggle=\"tab\">\r\n\t\t\t\t\t\t\t\t\t\r\n\t\t\t\t\t\t\t\t\t\t\t\t\t\t\t\t\t\t\t\t\t\t\t\t\t\t\t\t\t\t\t<i class=\"fa fa-sun-o\"><\/i> \t\t\t\t\t\t\t\t\t\t\t\t\t\t\t\t\t\t\t\r\n\t\t\t\t\t\t\t\t\t\t\t\t\t\t\t\t\t\t\r\n\t\t\t\t\t\t\t\t\t<span>Indices UVB<\/span>\r\n\t\t\t\t\t\t\t\t\t\r\n\t\t\t\t\t\t\t\t\t\t\t\t\t\t\t\t\t\t\r\n\t\t\t\t\t\t\t\t\t\t\t\t\t\t\t\t\t\t\t\t\r\n\t\t\t\t\t\t\t\t\t\r\n\t\t\t\t\t\t\t\t<\/a>\r\n\t\t\t\t\t\t\t<\/li>\r\n\t\t\t\t\t\t\t\r\n\t\t\t\t\t\t\t<li role=\"presentation\"  onclick=\"do_resize()\">\r\n\t\t\t\t\t\t\t\t<a href=\"#tabs_desc_8891_4\" aria-controls=\"tabs_desc_8891_4\" role=\"tab\" data-toggle=\"tab\">\r\n\t\t\t\t\t\t\t\t\t\r\n\t\t\t\t\t\t\t\t\t\t\t\t\t\t\t\t\t\t\t\t\t\t\t\t\t\t\t\t\t\t\t<i class=\"fa fa-pagelines\"><\/i> \t\t\t\t\t\t\t\t\t\t\t\t\t\t\t\t\t\t\t\r\n\t\t\t\t\t\t\t\t\t\t\t\t\t\t\t\t\t\t\r\n\t\t\t\t\t\t\t\t\t<span>Temp\u00e9ratures du sol<\/span>\r\n\t\t\t\t\t\t\t\t\t\r\n\t\t\t\t\t\t\t\t\t\t\t\t\t\t\t\t\t\t\r\n\t\t\t\t\t\t\t\t\t\t\t\t\t\t\t\t\t\t\t\t\r\n\t\t\t\t\t\t\t\t\t\r\n\t\t\t\t\t\t\t\t<\/a>\r\n\t\t\t\t\t\t\t<\/li>\r\n\t\t\t\t\t\t\t\r\n\t\t\t\t\t\t\t<li role=\"presentation\"  onclick=\"do_resize()\">\r\n\t\t\t\t\t\t\t\t<a href=\"#tabs_desc_8891_5\" aria-controls=\"tabs_desc_8891_5\" role=\"tab\" data-toggle=\"tab\">\r\n\t\t\t\t\t\t\t\t\t\r\n\t\t\t\t\t\t\t\t\t\t\t\t\t\t\t\t\t\t\t\t\t\t\t\t\t\t\t\t\t\t\t<i class=\"fa fa-arrow-circle-o-down\"><\/i> \t\t\t\t\t\t\t\t\t\t\t\t\t\t\t\t\t\t\t\r\n\t\t\t\t\t\t\t\t\t\t\t\t\t\t\t\t\t\t\r\n\t\t\t\t\t\t\t\t\t<span>Pression atmosph\u00e9rique<\/span>\r\n\t\t\t\t\t\t\t\t\t\r\n\t\t\t\t\t\t\t\t\t\t\t\t\t\t\t\t\t\t\r\n\t\t\t\t\t\t\t\t\t\t\t\t\t\t\t\t\t\t\t\t\r\n\t\t\t\t\t\t\t\t\t\r\n\t\t\t\t\t\t\t\t<\/a>\r\n\t\t\t\t\t\t\t<\/li>\r\n\t\t\t\t\t\t\t\t\t\t\t <\/ul>\r\n\r\n\t\t\t\t\t  <!-- Tab panes -->\r\n\t\t\t\t\t  <div class=\"tab-content\" id=\"tab-content_8891\">\r\n\t\t\t\t\t\t\t\t\t\t\t\t <div role=\"tabpanel\" class=\"tab-pane  in active \" id=\"tabs_desc_8891_1\">\r\n\t\t\t\t\t\t\t\t<table style=\"height: 186px\" width=\"990\">\r\n<tbody>\r\n<tr>\r\n<td><\/td>\r\n<td>Jan<\/td>\r\n<td>Feb<\/td>\r\n<td>Mar<\/td>\r\n<td>Avr<\/td>\r\n<td>Mai<\/td>\r\n<td>Jun<\/td>\r\n<td>Jul<\/td>\r\n<td>Aug<\/td>\r\n<td>Sep<\/td>\r\n<td>Oct<\/td>\r\n<td>Nov<\/td>\r\n<td>Dec<\/td>\r\n<\/tr>\r\n<tr>\r\n<td>Temp\u00e9rature moyenne<\/td>\r\n<td>23<\/td>\r\n<td>24<\/td>\r\n<td>23<\/td>\r\n<td>23<\/td>\r\n<td>22<\/td>\r\n<td>19<\/td>\r\n<td>19<\/td>\r\n<td>19<\/td>\r\n<td>20<\/td>\r\n<td>21<\/td>\r\n<td>22<\/td>\r\n<td>23<\/td>\r\n<\/tr>\r\n<tr>\r\n<td>Temp\u00e9rature minimale<\/td>\r\n<td>20<\/td>\r\n<td>20<\/td>\r\n<td>20<\/td>\r\n<td>19<\/td>\r\n<td>18<\/td>\r\n<td>15<\/td>\r\n<td>15<\/td>\r\n<td>15<\/td>\r\n<td>15<\/td>\r\n<td>16<\/td>\r\n<td>18<\/td>\r\n<td>19<\/td>\r\n<\/tr>\r\n<tr>\r\n<td>Temp\u00e9rature maximale<\/td>\r\n<td>27<\/td>\r\n<td>27<\/td>\r\n<td>27<\/td>\r\n<td>27<\/td>\r\n<td>25<\/td>\r\n<td>23<\/td>\r\n<td>23<\/td>\r\n<td>23<\/td>\r\n<td>24<\/td>\r\n<td>25<\/td>\r\n<td>26<\/td>\r\n<td>27<\/td>\r\n<\/tr>\r\n<tr>\r\n<td>Jours de pluie<\/td>\r\n<td>27<\/td>\r\n<td>24<\/td>\r\n<td>26<\/td>\r\n<td>19<\/td>\r\n<td>17<\/td>\r\n<td>18<\/td>\r\n<td>21<\/td>\r\n<td>20<\/td>\r\n<td>15<\/td>\r\n<td>16<\/td>\r\n<td>20<\/td>\r\n<td>25<\/td>\r\n<\/tr>\r\n<\/tbody>\r\n<\/table>\r\n<p style=\"text-align: justify\">Nous avons mesur\u00e9 et compil\u00e9 les donn\u00e9es fournies en plusieurs ann\u00e9es avec des thermo- et hygrom\u00e8tres directement sur les lieux de d\u00e9couverte des animaux. \"Temp\u00e9rature moyenne\" signifie que les valeurs d'un mois entier ont \u00e9t\u00e9 calcul\u00e9es \u00e0 une valeur moyenne, par exemple toutes les valeurs minimales mesur\u00e9es de f\u00e9vrier ont \u00e9t\u00e9 calcul\u00e9es \u00e0 une valeur minimale moyenne pour f\u00e9vrier. Cela signifie en clair que les valeurs maximales individuelles d'une journ\u00e9e peuvent \u00eatre sensiblement sup\u00e9rieures ou inf\u00e9rieures aux valeurs minimales et maximales moyennes. Il est donc possible que bien que la moyenne maximale soit de 29 degr\u00e9s, il faisait 33\u00b0C ou m\u00eame 35\u00b0C certains jours du mois.<br><\/br>\r\nTrois exemples d'\u00e9volution journali\u00e8re des temp\u00e9ratures pendant <b>la saison des pluies<\/b> \u00e0 Andasibe sont pr\u00e9sent\u00e9s ci-dessous. Tous deux ont \u00e9t\u00e9 enregistr\u00e9s en 2023 avec des enregistreurs de donn\u00e9es.<\/p>\r\n<img loading=\"lazy\" decoding=\"async\" class=\"aligncenter wp-image-4189 size-full\" src=\"https:\/\/www.madcham.de\/wp-content\/uploads\/2023\/03\/Temperatur-2023-Andasibe-1.jpg\" alt=\"2023 Temperaturen in Andasibe\" width=\"657\" height=\"437\" \/>\r\n<img loading=\"lazy\" decoding=\"async\" class=\"aligncenter wp-image-4189 size-full\" src=\"https:\/\/www.madcham.de\/wp-content\/uploads\/2023\/03\/Temperatur-2023-Andasibe-2.jpg\" alt=\"2023 Temperaturen in Andasibe\" width=\"657\" height=\"437\" \/>\r\n<img loading=\"lazy\" decoding=\"async\" class=\"aligncenter wp-image-4189 size-full\" src=\"https:\/\/www.madcham.de\/wp-content\/uploads\/2023\/03\/Temperatur-2023-Andasibe-3.jpg\" alt=\"2023 Temperaturen in Andasibe\" width=\"657\" height=\"437\" \/>\t\t\t\t\t\t <\/div>\r\n\t\t\t\t\t\t\t\t\t\t\t\t <div role=\"tabpanel\" class=\"tab-pane \" id=\"tabs_desc_8891_2\">\r\n\t\t\t\t\t\t\t\t<p style=\"text-align : justify\">La r\u00e9gion d'Andasibe et ses for\u00eats de Mantadia, Mitsinjo et Analamazaotra sont situ\u00e9es sur les hauts plateaux de l'est de Madagascar, \u00e0 une altitude comprise entre 900 et 1250 m au-dessus du niveau de la mer. La journ\u00e9e, la temp\u00e9rature d\u00e9passe parfois les 25\u00b0C, mais le thermom\u00e8tre ne d\u00e9passe que rarement la barre des 30\u00b0C ou alors seulement lors des taches de soleil. La nuit, les temp\u00e9ratures descendent tr\u00e8s bas, surtout pendant la saison s\u00e8che. Les 10\u00b0 \u00e0 15\u00b0 sont la r\u00e8gle.\r\n<\/p>\r\n<p style=\"text-align : justify\">\r\nL'humidit\u00e9 de l'air dans les for\u00eats tropicales autour d'Andasibe est \u00e9lev\u00e9e tout au long de l'ann\u00e9e. Pendant la saison des pluies, il pleut abondamment tous les jours, parfois la pluie persiste pendant des jours. Mais la saison s\u00e8che ne se distingue pas non plus massivement, si ce n'est qu'elle pr\u00e9sente globalement des temp\u00e9ratures un peu plus fra\u00eeches et qu'elle atteint des temp\u00e9ratures plus basses la nuit. Il pleut n\u00e9anmoins au moins un jour sur deux. La pluie, l'humidit\u00e9 \u00e9lev\u00e9e et la chute des temp\u00e9ratures nocturnes sont donc les points centraux du climat de l'Andasibe. En 2023, nous avons utilis\u00e9 des enregistreurs de donn\u00e9es pour mesurer l'humidit\u00e9 relative de l'air pendant diff\u00e9rents jours autour d'Andasibe pendant <b>la saison des pluies<\/b>, les donn\u00e9es se trouvent ci-dessous.<\/p>\r\n<img loading=\"lazy\" decoding=\"async\" class=\"aligncenter wp-image-4189 size-full\" src=\"https:\/\/www.madcham.de\/wp-content\/uploads\/2023\/03\/Luftfeuchtigkeit-2023-Andasibe-3.jpg\" alt=\"2023 Luftfeuchtigkeit in Andasibe\" width=\"657\" height=\"437\" \/>\r\n<img loading=\"lazy\" decoding=\"async\" class=\"aligncenter wp-image-4189 size-full\" src=\"https:\/\/www.madcham.de\/wp-content\/uploads\/2023\/03\/Luftfeuchtigkeit-2023-Andasibe-2.jpg\" alt=\"2023 Luftfeuchtigkeit in Andasibe\" width=\"657\" height=\"437\" \/>\r\n<img loading=\"lazy\" decoding=\"async\" class=\"aligncenter wp-image-4189 size-full\" src=\"https:\/\/www.madcham.de\/wp-content\/uploads\/2023\/03\/Luftfeuchtigkeit-2023-Andasibe-1.jpg\" alt=\"2023 Luftfeuchtigkeit in Andasibe\" width=\"657\" height=\"437\" \/>\t\t\t\t\t\t <\/div>\r\n\t\t\t\t\t\t\t\t\t\t\t\t <div role=\"tabpanel\" class=\"tab-pane \" id=\"tabs_desc_8891_3\">\r\n\t\t\t\t\t\t\t\t<img loading=\"lazy\" decoding=\"async\" class=\"aligncenter wp-image-4189 size-full\" src=\"https:\/\/www.madcham.de\/wp-content\/uploads\/2014\/09\/uvi_andasibe3.jpg\" alt=\"2014 UVI Andasibe\" width=\"657\" height=\"437\" \/>\r\n<img loading=\"lazy\" decoding=\"async\" class=\"aligncenter wp-image-4189 size-full\" src=\"https:\/\/www.madcham.de\/wp-content\/uploads\/2014\/09\/uvi_andasibe2.jpg\" alt=\"2016 UVI Andasibe\" width=\"657\" height=\"437\" \/>\r\n<p style=\"text-align: justify\">Les donn\u00e9es UVB ont \u00e9t\u00e9 mesur\u00e9es avec un Solarmeter 6,5 au printemps (mars, avril), au moment o\u00f9 l'activit\u00e9 des cam\u00e9l\u00e9ons \u00e9tait la plus \u00e9lev\u00e9e. Les valeurs maximales \u00e0 atteindre par le cam\u00e9l\u00e9on dans l'habitat ont \u00e9t\u00e9 mesur\u00e9es.<\/p>\t\t\t\t\t\t <\/div>\r\n\t\t\t\t\t\t\t\t\t\t\t\t <div role=\"tabpanel\" class=\"tab-pane \" id=\"tabs_desc_8891_4\">\r\n\t\t\t\t\t\t\t\t<table style=\"height: 186px\" width=\"990\">\r\n<tbody>\r\n<tr>\r\n<td><\/td>\r\n<td>Jan<\/td>\r\n<td>F\u00e9v<\/td>\r\n<td>Mar<\/td>\r\n<td>Avr<\/td>\r\n<td>Mai<\/td>\r\n<td>Juin<\/td>\r\n<td>Juil<\/td>\r\n<td>Ao\u00fbt<\/td>\r\n<td>Sep<\/td>\r\n<td>Oct<\/td>\r\n<td>Nov<\/td>\r\n<td>D\u00e9c<\/td>\r\n<\/tr>\r\n<tr>\r\n<td>Le matin<\/td>\r\n<td>23,2<\/td>\r\n<td>23,4<\/td>\r\n<td>22,0<\/td>\r\n<td>22,1<\/td>\r\n<td>20,5<\/td>\r\n<td>16,0<\/td>\r\n<td>16,3<\/td>\r\n<td>16,5<\/td>\r\n<td>17,4<\/td>\r\n<td>16,7<\/td>\r\n<td>21,2<\/td>\r\n<td>-<\/td>\r\n<\/tr>\r\n<tr>\r\n<td>\u00c0 midi<\/td>\r\n<td>25,4<\/td>\r\n<td>25,3<\/td>\r\n<td>24,5<\/td>\r\n<td>22,5<\/td>\r\n<td>20,2<\/td>\r\n<td>16,5<\/td>\r\n<td>16,3<\/td>\r\n<td>17,7<\/td>\r\n<td>18,3<\/td>\r\n<td>18,0<\/td>\r\n<td>21,4<\/td>\r\n<td>-<\/td>\r\n<\/tr>\r\n<tr>\r\n<td>Le soir<\/td>\r\n<td>25,5<\/td>\r\n<td>25,1<\/td>\r\n<td>25,0<\/td>\r\n<td>25,3<\/td>\r\n<td>20,8<\/td>\r\n<td>17,2<\/td>\r\n<td>16,1<\/td>\r\n<td>17,0<\/td>\r\n<td>19,6<\/td>\r\n<td>23,0<\/td>\r\n<td>22,0<\/td>\r\n<td>-<\/td>\r\n<\/tr>\r\n<\/tbody>\r\n<\/table>\r\n<p style=\"text-align: justify\">Entre le 21 mars 2018 et le 05 f\u00e9vrier 2019, nous avons mesur\u00e9 environ un jour sur deux <a href=\"https:\/\/www.madcham.de\/de\/publikationen\/\">la temp\u00e9rature du sol dans la for\u00eat tropicale d'Andasibe<\/a> et ses environs (Analamazaotra, Andasibe, V.O.I.M.M.A. et Mitsinjo) - le tableau est le r\u00e9sultat de ces mesures. Seule la p\u00e9riode de d\u00e9cembre n'a pas fait l'objet de mesures. Une discussion d\u00e9taill\u00e9e est disponible <a href=\"https:\/\/www.madcham.de\/de\/publikationen\/\">ici<\/a>. Au total, nous avons effectu\u00e9 418 mesures de la temp\u00e9rature du sol et avons mesur\u00e9 environ 70 endroits diff\u00e9rents \u00e0 Andasibe et dans les environs \u00e0 une profondeur de 20 cm.<\/p>\t\t\t\t\t\t <\/div>\r\n\t\t\t\t\t\t\t\t\t\t\t\t <div role=\"tabpanel\" class=\"tab-pane \" id=\"tabs_desc_8891_5\">\r\n\t\t\t\t\t\t\t\t<p style=\"text-align: justify\">En 2023, en plus des autres donn\u00e9es climatiques, nous avons \u00e9galement mesur\u00e9 la pression atmosph\u00e9rique dans les endroits que nous avons visit\u00e9s \u00e0 Madagascar. Les donn\u00e9es suivantes proviennent de diff\u00e9rents jours de <b>la saison des pluies<\/b> autour d'Andasibe. Sur l'axe des abscisses se trouve l'heure du jour ou de la nuit. \u00c0 Madagascar, le jour commence vers 6 heures et la nuit tombe d\u00e9j\u00e0 \u00e0 18 heures. L'axe Y indique la pression atmosph\u00e9rique en hPa.<\/p>\r\n\r\n<img loading=\"lazy\" decoding=\"async\" class=\"aligncenter wp-image-4189 size-full\" src=\"https:\/\/www.madcham.de\/wp-content\/uploads\/2023\/03\/Luftdruck-2023-Andasibe-3.jpg\" alt=\"2023 Luftdruck in Andasibe\" width=\"657\" height=\"437\" \/>\r\n<img loading=\"lazy\" decoding=\"async\" class=\"aligncenter wp-image-4189 size-full\" src=\"https:\/\/www.madcham.de\/wp-content\/uploads\/2023\/03\/Luftdruck-2023-Andasibe-2.jpg\" alt=\"2023 Luftdruck in Andasibe\" width=\"657\" height=\"437\" \/>\r\n<img loading=\"lazy\" decoding=\"async\" class=\"aligncenter wp-image-4189 size-full\" src=\"https:\/\/www.madcham.de\/wp-content\/uploads\/2023\/03\/Luftdruck-2023-Andasibe-1.jpg\" alt=\"2023 Luftdruck in Andasibe\" width=\"657\" height=\"437\" \/>\t\t\t\t\t\t <\/div>\r\n\t\t\t\t\t\t\t\r\n\t\t\t\t\t <\/div>\r\n\t\t\t\t\t \r\n\t\t\t\t <\/div>\r\n <script>\r\n\t\tjQuery(function () {\r\n\t\t\tjQuery('#myTab_8891 a:first').tab('show')\r\n\t\t});\r\n\t\t\r\n\t\t\t\tjQuery(function(){\r\n\t\t\tvar b=\"fadeIn\";\r\n\t\t\tvar c;\r\n\t\t\tvar a;\r\n\t\t\td(jQuery(\"#myTab_8891 a\"),jQuery(\"#tab-content_8891\"));function d(e,f,g){\r\n\t\t\t\te.click(function(i){\r\n\t\t\t\t\ti.preventDefault();\r\n\t\t\t\t\tjQuery(this).tab(\"show\");\r\n\t\t\t\t\tvar h=jQuery(this).data(\"easein\");\r\n\t\t\t\t\tif(c){c.removeClass(a);}\r\n\t\t\t\t\tif(h){f.find(\"div.active\").addClass(\"animated \"+h);a=h;}\r\n\t\t\t\t\telse{if(g){f.find(\"div.active\").addClass(\"animated \"+g);a=g;}else{f.find(\"div.active\").addClass(\"animated \"+b);a=b;}}c=f.find(\"div.active\");\r\n\t\t\t\t});\r\n\t\t\t}\r\n\t\t});\r\n\t\t\r\n\r\n\t\tfunction do_resize(){\r\n\r\n\t\t\tvar width=jQuery( '.tab-content .tab-pane iframe' ).width();\r\n\t\t\tvar height=jQuery( '.tab-content .tab-pane iframe' ).height();\r\n\r\n\t\t\tvar toggleSize = true;\r\n\t\t\tjQuery('iframe').animate({\r\n\t\t\t    width: toggleSize ? width : 640,\r\n\t\t\t    height: toggleSize ? height : 360\r\n\t\t\t  }, 250);\r\n\r\n\t\t\t  toggleSize = !toggleSize;\r\n\t\t}\r\n\r\n\r\n\t<\/script>\r\n\t\t\t\t\r\n\t\t\t\n<h4>Habitat:<\/h4>\n<p style=\"text-align: justify;\">Les photos suivantes montrent des parties de l&rsquo;habitat de <em>Calumma emelinae<\/em> pendant la saison des pluies pr\u00e8s de Moramanga. Il s&rsquo;agit d&rsquo;un minuscule fragment de for\u00eat tropicale, presque exclusivement adjacent \u00e0 la v\u00e9g\u00e9tation secondaire et tr\u00e8s menac\u00e9 par la d\u00e9forestation. Cependant, les cam\u00e9l\u00e9ons ne vivent que dans la for\u00eat intacte et ne se trouvent pas \u00e0 l&rsquo;ext\u00e9rieur, au bord des rizi\u00e8res ou autres.\u00a0 <em>Calumma emelinae<\/em> se cache tr\u00e8s bien dans les buissons denses et aime vivre en hauteur dans les arbres. Les photos restantes montrent des sections de l&rsquo;habitat de l&rsquo;esp\u00e8ce dans la for\u00eat tropicale d&rsquo;Analamazaotra.<\/p>\n<div id='gallery-3' class='gallery galleryid-8891 gallery-columns-2 gallery-size-habitat_thumb'><figure class='gallery-item'>\n\t\t\t<div class='gallery-icon landscape'>\n\t\t\t\t<a href='https:\/\/www.madcham.de\/wp-content\/uploads\/2020\/02\/Habitat-von-Calumma-emelinae-nahe-Moramanga-2018-2.jpg'><img loading=\"lazy\" decoding=\"async\" width=\"650\" height=\"250\" src=\"https:\/\/www.madcham.de\/wp-content\/uploads\/2020\/02\/Habitat-von-Calumma-emelinae-nahe-Moramanga-2018-2-650x250.jpg\" class=\"attachment-habitat_thumb size-habitat_thumb\" alt=\"\" \/><\/a>\n\t\t\t<\/div><\/figure><figure class='gallery-item'>\n\t\t\t<div class='gallery-icon landscape'>\n\t\t\t\t<a href='https:\/\/www.madcham.de\/wp-content\/uploads\/2020\/02\/Habitat-von-Calumma-emelinae-nahe-Moramanga-2018-1.jpg'><img loading=\"lazy\" decoding=\"async\" width=\"650\" height=\"250\" src=\"https:\/\/www.madcham.de\/wp-content\/uploads\/2020\/02\/Habitat-von-Calumma-emelinae-nahe-Moramanga-2018-1-650x250.jpg\" class=\"attachment-habitat_thumb size-habitat_thumb\" alt=\"\" \/><\/a>\n\t\t\t<\/div><\/figure><figure class='gallery-item'>\n\t\t\t<div class='gallery-icon landscape'>\n\t\t\t\t<a href='https:\/\/www.madcham.de\/wp-content\/uploads\/2014\/09\/Calumma-nasutum-Mitsinjo-2018-1.jpg'><img loading=\"lazy\" decoding=\"async\" width=\"650\" height=\"250\" src=\"https:\/\/www.madcham.de\/wp-content\/uploads\/2014\/09\/Calumma-nasutum-Mitsinjo-2018-1-650x250.jpg\" class=\"attachment-habitat_thumb size-habitat_thumb\" alt=\"\" \/><\/a>\n\t\t\t<\/div><\/figure><figure class='gallery-item'>\n\t\t\t<div class='gallery-icon landscape'>\n\t\t\t\t<a href='https:\/\/www.madcham.de\/wp-content\/uploads\/2014\/09\/Habitat-Calumma-nasutum-e1525709148802.jpg'><img loading=\"lazy\" decoding=\"async\" width=\"650\" height=\"250\" src=\"https:\/\/www.madcham.de\/wp-content\/uploads\/2014\/09\/Habitat-Calumma-nasutum-650x250.jpg\" class=\"attachment-habitat_thumb size-habitat_thumb\" alt=\"\" aria-describedby=\"gallery-3-1772\" \/><\/a>\n\t\t\t<\/div>\n\t\t\t\t<figcaption class='wp-caption-text gallery-caption' id='gallery-3-1772'>\n\t\t\t\tLebensraum in Andasibe\n\t\t\t\t<\/figcaption><\/figure><figure class='gallery-item'>\n\t\t\t<div class='gallery-icon portrait'>\n\t\t\t\t<a href='https:\/\/www.madcham.de\/wp-content\/uploads\/2014\/09\/Habitat-cristifer-1-e1525707410993.jpg'><img loading=\"lazy\" decoding=\"async\" width=\"650\" height=\"250\" src=\"https:\/\/www.madcham.de\/wp-content\/uploads\/2014\/09\/Habitat-cristifer-1-650x250.jpg\" class=\"attachment-habitat_thumb size-habitat_thumb\" alt=\"\" \/><\/a>\n\t\t\t<\/div><\/figure><figure class='gallery-item'>\n\t\t\t<div class='gallery-icon landscape'>\n\t\t\t\t<a href='https:\/\/www.madcham.de\/wp-content\/uploads\/2014\/09\/Habitat-cristifer-3-e1525707191418.jpg'><img loading=\"lazy\" decoding=\"async\" width=\"650\" height=\"250\" src=\"https:\/\/www.madcham.de\/wp-content\/uploads\/2014\/09\/Habitat-cristifer-3-650x250.jpg\" class=\"attachment-habitat_thumb size-habitat_thumb\" alt=\"\" aria-describedby=\"gallery-3-1768\" \/><\/a>\n\t\t\t<\/div>\n\t\t\t\t<figcaption class='wp-caption-text gallery-caption' id='gallery-3-1768'>\n\t\t\t\tHabitat in Analamazaotra\n\t\t\t\t<\/figcaption><\/figure>\n\t\t<\/div>\n\n<div style=\"float: left;\">\n<div>\n<p style=\"text-align: justify;\">Ci-dessous, tu trouveras quelques images \u00e0 360\u00b0 des for\u00eats tropicales d&rsquo;Analamazaotra, que nous avons prises pendant la saison des pluies. Si l&rsquo;on clique sur une prise de vue, les images s&rsquo;ouvrent en vue agrandie dans une fen\u00eatre s\u00e9par\u00e9e. Avec la souris, on peut se tourner dans toutes les directions. Il est \u00e9galement possible d&rsquo;afficher les images en mode plein \u00e9cran. Bon visionnage !<\/p>\n<p><a href=\"https:\/\/app2.ricoh360.com\/viewer\/3300c533-0e2f-41eb-8e97-f7b06d7cd8d9\" target=\"_blank\" rel=\"noopener\"><img loading=\"lazy\" decoding=\"async\" class=\"aligncenter wp-image-14228 size-large\" src=\"https:\/\/www.madcham.de\/wp-content\/uploads\/2018\/05\/Andasibe-Analamazaotra-April-2017-1-1024x576.jpg\" alt=\"\" width=\"1024\" height=\"576\" srcset=\"https:\/\/www.madcham.de\/wp-content\/uploads\/2018\/05\/Andasibe-Analamazaotra-April-2017-1-1024x576.jpg 1024w, https:\/\/www.madcham.de\/wp-content\/uploads\/2018\/05\/Andasibe-Analamazaotra-April-2017-1-300x169.jpg 300w, https:\/\/www.madcham.de\/wp-content\/uploads\/2018\/05\/Andasibe-Analamazaotra-April-2017-1-768x432.jpg 768w, https:\/\/www.madcham.de\/wp-content\/uploads\/2018\/05\/Andasibe-Analamazaotra-April-2017-1-1536x864.jpg 1536w, https:\/\/www.madcham.de\/wp-content\/uploads\/2018\/05\/Andasibe-Analamazaotra-April-2017-1-2048x1152.jpg 2048w, https:\/\/www.madcham.de\/wp-content\/uploads\/2018\/05\/Andasibe-Analamazaotra-April-2017-1-1200x675.jpg 1200w, https:\/\/www.madcham.de\/wp-content\/uploads\/2018\/05\/Andasibe-Analamazaotra-April-2017-1-420x236.jpg 420w, https:\/\/www.madcham.de\/wp-content\/uploads\/2018\/05\/Andasibe-Analamazaotra-April-2017-1-81x46.jpg 81w, https:\/\/www.madcham.de\/wp-content\/uploads\/2018\/05\/Andasibe-Analamazaotra-April-2017-1-200x112.jpg 200w\" sizes=\"(max-width: 1024px) 100vw, 1024px\" \/><\/a><a href=\"https:\/\/app2.ricoh360.com\/viewer\/c72c81d6-afa4-46d9-83af-cb35f935ff90\" target=\"_blank\" rel=\"noopener\"><img loading=\"lazy\" decoding=\"async\" class=\"aligncenter wp-image-14229 size-large\" src=\"https:\/\/www.madcham.de\/wp-content\/uploads\/2018\/05\/Andasibe-Analamazaotra-April-2017-2-1024x576.jpg\" alt=\"\" width=\"1024\" height=\"576\" srcset=\"https:\/\/www.madcham.de\/wp-content\/uploads\/2018\/05\/Andasibe-Analamazaotra-April-2017-2-1024x576.jpg 1024w, https:\/\/www.madcham.de\/wp-content\/uploads\/2018\/05\/Andasibe-Analamazaotra-April-2017-2-300x169.jpg 300w, https:\/\/www.madcham.de\/wp-content\/uploads\/2018\/05\/Andasibe-Analamazaotra-April-2017-2-768x432.jpg 768w, https:\/\/www.madcham.de\/wp-content\/uploads\/2018\/05\/Andasibe-Analamazaotra-April-2017-2-1536x864.jpg 1536w, https:\/\/www.madcham.de\/wp-content\/uploads\/2018\/05\/Andasibe-Analamazaotra-April-2017-2-2048x1152.jpg 2048w, https:\/\/www.madcham.de\/wp-content\/uploads\/2018\/05\/Andasibe-Analamazaotra-April-2017-2-1200x675.jpg 1200w, https:\/\/www.madcham.de\/wp-content\/uploads\/2018\/05\/Andasibe-Analamazaotra-April-2017-2-420x236.jpg 420w, https:\/\/www.madcham.de\/wp-content\/uploads\/2018\/05\/Andasibe-Analamazaotra-April-2017-2-81x46.jpg 81w, https:\/\/www.madcham.de\/wp-content\/uploads\/2018\/05\/Andasibe-Analamazaotra-April-2017-2-200x112.jpg 200w\" sizes=\"(max-width: 1024px) 100vw, 1024px\" \/><\/a><a href=\"https:\/\/app2.ricoh360.com\/viewer\/59bf1ccf-a131-4986-b97c-48ce992eae51\" target=\"_blank\" rel=\"noopener\"><img loading=\"lazy\" decoding=\"async\" class=\"aligncenter wp-image-14553 size-large\" src=\"https:\/\/www.madcham.de\/wp-content\/uploads\/2014\/09\/Analamazaotra-Maerz-2018-2-1024x576.jpg\" alt=\"\" width=\"1024\" height=\"576\" srcset=\"https:\/\/www.madcham.de\/wp-content\/uploads\/2014\/09\/Analamazaotra-Maerz-2018-2-1024x576.jpg 1024w, https:\/\/www.madcham.de\/wp-content\/uploads\/2014\/09\/Analamazaotra-Maerz-2018-2-300x169.jpg 300w, https:\/\/www.madcham.de\/wp-content\/uploads\/2014\/09\/Analamazaotra-Maerz-2018-2-768x432.jpg 768w, https:\/\/www.madcham.de\/wp-content\/uploads\/2014\/09\/Analamazaotra-Maerz-2018-2-1536x864.jpg 1536w, https:\/\/www.madcham.de\/wp-content\/uploads\/2014\/09\/Analamazaotra-Maerz-2018-2-2048x1152.jpg 2048w, https:\/\/www.madcham.de\/wp-content\/uploads\/2014\/09\/Analamazaotra-Maerz-2018-2-1200x675.jpg 1200w, https:\/\/www.madcham.de\/wp-content\/uploads\/2014\/09\/Analamazaotra-Maerz-2018-2-420x236.jpg 420w, https:\/\/www.madcham.de\/wp-content\/uploads\/2014\/09\/Analamazaotra-Maerz-2018-2-81x46.jpg 81w, https:\/\/www.madcham.de\/wp-content\/uploads\/2014\/09\/Analamazaotra-Maerz-2018-2-200x112.jpg 200w\" sizes=\"(max-width: 1024px) 100vw, 1024px\" \/><\/a><a href=\"https:\/\/app2.ricoh360.com\/viewer\/a015c717-439d-48db-98ba-035ec575254f\" target=\"_blank\" rel=\"noopener\"><img loading=\"lazy\" decoding=\"async\" class=\"aligncenter wp-image-14554 size-large\" src=\"https:\/\/www.madcham.de\/wp-content\/uploads\/2014\/09\/Analamazaotra-Maerz-2018-3-1024x576.jpg\" alt=\"\" width=\"1024\" height=\"576\" srcset=\"https:\/\/www.madcham.de\/wp-content\/uploads\/2014\/09\/Analamazaotra-Maerz-2018-3-1024x576.jpg 1024w, https:\/\/www.madcham.de\/wp-content\/uploads\/2014\/09\/Analamazaotra-Maerz-2018-3-300x169.jpg 300w, https:\/\/www.madcham.de\/wp-content\/uploads\/2014\/09\/Analamazaotra-Maerz-2018-3-768x432.jpg 768w, https:\/\/www.madcham.de\/wp-content\/uploads\/2014\/09\/Analamazaotra-Maerz-2018-3-1536x864.jpg 1536w, https:\/\/www.madcham.de\/wp-content\/uploads\/2014\/09\/Analamazaotra-Maerz-2018-3-2048x1152.jpg 2048w, https:\/\/www.madcham.de\/wp-content\/uploads\/2014\/09\/Analamazaotra-Maerz-2018-3-1200x675.jpg 1200w, https:\/\/www.madcham.de\/wp-content\/uploads\/2014\/09\/Analamazaotra-Maerz-2018-3-420x236.jpg 420w, https:\/\/www.madcham.de\/wp-content\/uploads\/2014\/09\/Analamazaotra-Maerz-2018-3-81x46.jpg 81w, https:\/\/www.madcham.de\/wp-content\/uploads\/2014\/09\/Analamazaotra-Maerz-2018-3-200x112.jpg 200w\" sizes=\"(max-width: 1024px) 100vw, 1024px\" \/><\/a><a href=\"https:\/\/app2.ricoh360.com\/viewer\/ad27dc5f-8335-462d-a15b-bedb0ef7a0cc\" target=\"_blank\" rel=\"noopener\"><img loading=\"lazy\" decoding=\"async\" class=\"aligncenter wp-image-14557 size-large\" src=\"https:\/\/www.madcham.de\/wp-content\/uploads\/2014\/09\/Analamazaotra-Maerz-2018-6-1024x576.jpg\" alt=\"\" width=\"1024\" height=\"576\" srcset=\"https:\/\/www.madcham.de\/wp-content\/uploads\/2014\/09\/Analamazaotra-Maerz-2018-6-1024x576.jpg 1024w, https:\/\/www.madcham.de\/wp-content\/uploads\/2014\/09\/Analamazaotra-Maerz-2018-6-300x169.jpg 300w, https:\/\/www.madcham.de\/wp-content\/uploads\/2014\/09\/Analamazaotra-Maerz-2018-6-768x432.jpg 768w, https:\/\/www.madcham.de\/wp-content\/uploads\/2014\/09\/Analamazaotra-Maerz-2018-6-1536x864.jpg 1536w, https:\/\/www.madcham.de\/wp-content\/uploads\/2014\/09\/Analamazaotra-Maerz-2018-6-2048x1152.jpg 2048w, https:\/\/www.madcham.de\/wp-content\/uploads\/2014\/09\/Analamazaotra-Maerz-2018-6-1200x675.jpg 1200w, https:\/\/www.madcham.de\/wp-content\/uploads\/2014\/09\/Analamazaotra-Maerz-2018-6-420x236.jpg 420w, https:\/\/www.madcham.de\/wp-content\/uploads\/2014\/09\/Analamazaotra-Maerz-2018-6-81x46.jpg 81w, https:\/\/www.madcham.de\/wp-content\/uploads\/2014\/09\/Analamazaotra-Maerz-2018-6-200x112.jpg 200w\" sizes=\"(max-width: 1024px) 100vw, 1024px\" \/><\/a><a href=\"https:\/\/app2.ricoh360.com\/viewer\/387ba853-96c3-4385-bd6b-b587cd09f908\" target=\"_blank\" rel=\"noopener\"><img loading=\"lazy\" decoding=\"async\" class=\"aligncenter wp-image-14559 size-large\" src=\"https:\/\/www.madcham.de\/wp-content\/uploads\/2014\/09\/Analamazaotra-Maerz-2018-8-1024x576.jpg\" alt=\"\" width=\"1024\" height=\"576\" srcset=\"https:\/\/www.madcham.de\/wp-content\/uploads\/2014\/09\/Analamazaotra-Maerz-2018-8-1024x576.jpg 1024w, https:\/\/www.madcham.de\/wp-content\/uploads\/2014\/09\/Analamazaotra-Maerz-2018-8-300x169.jpg 300w, https:\/\/www.madcham.de\/wp-content\/uploads\/2014\/09\/Analamazaotra-Maerz-2018-8-768x432.jpg 768w, https:\/\/www.madcham.de\/wp-content\/uploads\/2014\/09\/Analamazaotra-Maerz-2018-8-1536x864.jpg 1536w, https:\/\/www.madcham.de\/wp-content\/uploads\/2014\/09\/Analamazaotra-Maerz-2018-8-2048x1152.jpg 2048w, https:\/\/www.madcham.de\/wp-content\/uploads\/2014\/09\/Analamazaotra-Maerz-2018-8-1200x675.jpg 1200w, https:\/\/www.madcham.de\/wp-content\/uploads\/2014\/09\/Analamazaotra-Maerz-2018-8-420x236.jpg 420w, https:\/\/www.madcham.de\/wp-content\/uploads\/2014\/09\/Analamazaotra-Maerz-2018-8-81x46.jpg 81w, https:\/\/www.madcham.de\/wp-content\/uploads\/2014\/09\/Analamazaotra-Maerz-2018-8-200x112.jpg 200w\" sizes=\"(max-width: 1024px) 100vw, 1024px\" \/><\/a><a href=\"https:\/\/app2.ricoh360.com\/viewer\/8894913a-3a31-42d0-97c2-15b7e2e38536\" target=\"_blank\" rel=\"noopener\"><img loading=\"lazy\" decoding=\"async\" class=\"aligncenter wp-image-14561 size-large\" src=\"https:\/\/www.madcham.de\/wp-content\/uploads\/2014\/09\/Analamazaotra-Maerz-2018-10-1024x576.jpg\" alt=\"\" width=\"1024\" height=\"576\" srcset=\"https:\/\/www.madcham.de\/wp-content\/uploads\/2014\/09\/Analamazaotra-Maerz-2018-10-1024x576.jpg 1024w, https:\/\/www.madcham.de\/wp-content\/uploads\/2014\/09\/Analamazaotra-Maerz-2018-10-300x169.jpg 300w, https:\/\/www.madcham.de\/wp-content\/uploads\/2014\/09\/Analamazaotra-Maerz-2018-10-768x432.jpg 768w, https:\/\/www.madcham.de\/wp-content\/uploads\/2014\/09\/Analamazaotra-Maerz-2018-10-1536x864.jpg 1536w, https:\/\/www.madcham.de\/wp-content\/uploads\/2014\/09\/Analamazaotra-Maerz-2018-10-2048x1152.jpg 2048w, https:\/\/www.madcham.de\/wp-content\/uploads\/2014\/09\/Analamazaotra-Maerz-2018-10-1200x675.jpg 1200w, https:\/\/www.madcham.de\/wp-content\/uploads\/2014\/09\/Analamazaotra-Maerz-2018-10-420x236.jpg 420w, https:\/\/www.madcham.de\/wp-content\/uploads\/2014\/09\/Analamazaotra-Maerz-2018-10-81x46.jpg 81w, https:\/\/www.madcham.de\/wp-content\/uploads\/2014\/09\/Analamazaotra-Maerz-2018-10-200x112.jpg 200w\" sizes=\"(max-width: 1024px) 100vw, 1024px\" \/><\/a><a href=\"https:\/\/app2.ricoh360.com\/viewer\/d97df281-206f-42fe-bdde-89475a2a361d\" target=\"_blank\" rel=\"noopener\"><img loading=\"lazy\" decoding=\"async\" class=\"aligncenter wp-image-14563 size-large\" src=\"https:\/\/www.madcham.de\/wp-content\/uploads\/2014\/09\/Analamazaotra-Maerz-2018-12-1024x576.jpg\" alt=\"\" width=\"1024\" height=\"576\" srcset=\"https:\/\/www.madcham.de\/wp-content\/uploads\/2014\/09\/Analamazaotra-Maerz-2018-12-1024x576.jpg 1024w, https:\/\/www.madcham.de\/wp-content\/uploads\/2014\/09\/Analamazaotra-Maerz-2018-12-300x169.jpg 300w, https:\/\/www.madcham.de\/wp-content\/uploads\/2014\/09\/Analamazaotra-Maerz-2018-12-768x432.jpg 768w, https:\/\/www.madcham.de\/wp-content\/uploads\/2014\/09\/Analamazaotra-Maerz-2018-12-1536x864.jpg 1536w, https:\/\/www.madcham.de\/wp-content\/uploads\/2014\/09\/Analamazaotra-Maerz-2018-12-2048x1152.jpg 2048w, https:\/\/www.madcham.de\/wp-content\/uploads\/2014\/09\/Analamazaotra-Maerz-2018-12-1200x675.jpg 1200w, https:\/\/www.madcham.de\/wp-content\/uploads\/2014\/09\/Analamazaotra-Maerz-2018-12-420x236.jpg 420w, https:\/\/www.madcham.de\/wp-content\/uploads\/2014\/09\/Analamazaotra-Maerz-2018-12-81x46.jpg 81w, https:\/\/www.madcham.de\/wp-content\/uploads\/2014\/09\/Analamazaotra-Maerz-2018-12-200x112.jpg 200w\" sizes=\"(max-width: 1024px) 100vw, 1024px\" \/><\/a><a href=\"https:\/\/app2.ricoh360.com\/viewer\/18f8e1f4-0a3e-4ffb-baae-dbaa331f660a\" target=\"_blank\" rel=\"noopener\"><img loading=\"lazy\" decoding=\"async\" class=\"aligncenter wp-image-14565 size-large\" src=\"https:\/\/www.madcham.de\/wp-content\/uploads\/2014\/09\/Analamazaotra-Maerz-2018-14-1024x576.jpg\" alt=\"\" width=\"1024\" height=\"576\" srcset=\"https:\/\/www.madcham.de\/wp-content\/uploads\/2014\/09\/Analamazaotra-Maerz-2018-14-1024x576.jpg 1024w, https:\/\/www.madcham.de\/wp-content\/uploads\/2014\/09\/Analamazaotra-Maerz-2018-14-300x169.jpg 300w, https:\/\/www.madcham.de\/wp-content\/uploads\/2014\/09\/Analamazaotra-Maerz-2018-14-768x432.jpg 768w, https:\/\/www.madcham.de\/wp-content\/uploads\/2014\/09\/Analamazaotra-Maerz-2018-14-1536x864.jpg 1536w, https:\/\/www.madcham.de\/wp-content\/uploads\/2014\/09\/Analamazaotra-Maerz-2018-14-2048x1152.jpg 2048w, https:\/\/www.madcham.de\/wp-content\/uploads\/2014\/09\/Analamazaotra-Maerz-2018-14-1200x675.jpg 1200w, https:\/\/www.madcham.de\/wp-content\/uploads\/2014\/09\/Analamazaotra-Maerz-2018-14-420x236.jpg 420w, https:\/\/www.madcham.de\/wp-content\/uploads\/2014\/09\/Analamazaotra-Maerz-2018-14-81x46.jpg 81w, https:\/\/www.madcham.de\/wp-content\/uploads\/2014\/09\/Analamazaotra-Maerz-2018-14-200x112.jpg 200w\" sizes=\"(max-width: 1024px) 100vw, 1024px\" \/><\/a><\/p>\n<\/div>\n<p>&nbsp;<\/p>\n<\/div>","protected":false},"excerpt":{"rendered":"<p>Description initiale: Pr\u00f6tzel, Scherz, Ratsoavina, Vences &amp; Glaw, 2020 Origine du nom de l&rsquo;esp\u00e8ce: David Pr\u00f6tzel, Mark D. Scherz et Frank Glaw de la Collection zoologique nationale de Munich (Allemagne), Fanomezana M. Ratsoavina de l&rsquo;Universit\u00e9 d&rsquo;Antananarivo (Madagascar) ainsi que Miguel Vences de l&rsquo;Institut zoologique de l&rsquo;Universit\u00e9 technique de Braunschweig (Allemagne) ont donn\u00e9 \u00e0 l&rsquo;esp\u00e8ce \u00e0 la demande de l&rsquo;Indon\u00e9sien Wewin Tjiasmanto le nom de sa m\u00e8re, Emelina Widjojo. Tjiasmanto avait pris en charge le parrainage d&rsquo;une esp\u00e8ce de cam\u00e9l\u00e9on dans le cadre du projet BIOPAT. Le parrain respectif paie \u00e0 partir de 2600 \u20ac pour un parrainage. L&rsquo;argent est utilis\u00e9 exclusivement pour soutenir des projets de recherche scientifique. En contrepartie, le parrain est autoris\u00e9 \u00e0 donner \u00e0 une esp\u00e8ce v\u00e9g\u00e9tale ou animale nouvellement d\u00e9couverte de son choix un nom souhait\u00e9. Distribution: Calumma emelinae est connu \u00e0 partir de divers vestiges de la for\u00eat tropicale humide de la c\u00f4te est de Madagascar, situ\u00e9e \u00e0 plus de 750 m d&rsquo;altitude. Les sites pr\u00e9c\u00e9dents sont situ\u00e9s entre Anosibe an&rsquo;Ala au centre-est et le lac Alaotra, l&rsquo;une des plus importantes zones de culture du riz. Jusqu&rsquo;\u00e0 pr\u00e9sent, nous avons toujours trouv\u00e9 l&rsquo;esp\u00e8ce dans une petite for\u00eat pr\u00e8s de Moramanga, ainsi que tr\u00e8s fr\u00e9quemment \u00e0&#8230;<\/p>\n","protected":false},"author":3,"featured_media":8498,"comment_status":"closed","ping_status":"closed","sticky":false,"template":"","format":"gallery","meta":{"_monsterinsights_skip_tracking":false,"_monsterinsights_sitenote_active":false,"_monsterinsights_sitenote_note":"","_monsterinsights_sitenote_category":0,"footnotes":""},"categories":[26],"tags":[1820,1818,975,61,779,1821,976,978,979,1819,783],"_links":{"self":[{"href":"https:\/\/www.madcham.de\/fr\/wp-json\/wp\/v2\/posts\/8490"}],"collection":[{"href":"https:\/\/www.madcham.de\/fr\/wp-json\/wp\/v2\/posts"}],"about":[{"href":"https:\/\/www.madcham.de\/fr\/wp-json\/wp\/v2\/types\/post"}],"author":[{"embeddable":true,"href":"https:\/\/www.madcham.de\/fr\/wp-json\/wp\/v2\/users\/3"}],"replies":[{"embeddable":true,"href":"https:\/\/www.madcham.de\/fr\/wp-json\/wp\/v2\/comments?post=8490"}],"version-history":[{"count":33,"href":"https:\/\/www.madcham.de\/fr\/wp-json\/wp\/v2\/posts\/8490\/revisions"}],"predecessor-version":[{"id":14578,"href":"https:\/\/www.madcham.de\/fr\/wp-json\/wp\/v2\/posts\/8490\/revisions\/14578"}],"wp:featuredmedia":[{"embeddable":true,"href":"https:\/\/www.madcham.de\/fr\/wp-json\/wp\/v2\/media\/8498"}],"wp:attachment":[{"href":"https:\/\/www.madcham.de\/fr\/wp-json\/wp\/v2\/media?parent=8490"}],"wp:term":[{"taxonomy":"category","embeddable":true,"href":"https:\/\/www.madcham.de\/fr\/wp-json\/wp\/v2\/categories?post=8490"},{"taxonomy":"post_tag","embeddable":true,"href":"https:\/\/www.madcham.de\/fr\/wp-json\/wp\/v2\/tags?post=8490"}],"curies":[{"name":"wp","href":"https:\/\/api.w.org\/{rel}","templated":true}]}}